{"id":155,"date":"2015-02-02T12:57:00","date_gmt":"2015-02-02T12:57:00","guid":{"rendered":"http:\/\/www.abbevillelariviere.fr\/?p=155"},"modified":"2015-03-31T10:25:58","modified_gmt":"2015-03-31T10:25:58","slug":"le-mot-du-maire","status":"publish","type":"post","link":"http:\/\/www.abbevillelariviere.fr\/?p=155","title":{"rendered":"Le mot de la Mairie"},"content":{"rendered":"<p><a href=\"http:\/\/www.abbevillelariviere.fr\/wp-content\/uploads\/2015\/02\/le_mot_du_maire.jpg\"><img loading=\"lazy\" decoding=\"async\" class=\"alignnone size-medium wp-image-156\" src=\"http:\/\/www.abbevillelariviere.fr\/wp-content\/uploads\/2015\/02\/le_mot_du_maire-300x185.jpg\" alt=\"????????????????????????????????????????\" width=\"300\" height=\"185\" srcset=\"http:\/\/www.abbevillelariviere.fr\/wp-content\/uploads\/2015\/02\/le_mot_du_maire-300x185.jpg 300w, http:\/\/www.abbevillelariviere.fr\/wp-content\/uploads\/2015\/02\/le_mot_du_maire.jpg 809w\" sizes=\"(max-width: 300px) 100vw, 300px\" \/><\/a><\/p>\n<p>Mesdames, Messieurs<\/p>\n<p>Avant toutes choses l&#8217;\u00e9quipe municipale vous renouv\u00e8le ses v\u0153ux: le meilleur pour l\u2019ann\u00e9e 2015. Sant\u00e9, Bonheur et Prosp\u00e9rit\u00e9.<\/p>\n<p>Cela fait presque un an que la nouvelle \u00e9quipe est en place et mieux communiquer faisait partie de nos engagements.<\/p>\n<p>Voila enfin le site internet par lequel la municipalit\u00e9 communiquera avec les habitants d\u2019Abb\u00e9ville la Rivi\u00e8re et sur le WEB.<\/p>\n<p>Vous trouverez sur ce site toute l&#8217;actualit\u00e9 de la commune et toutes les informations qui vous sont n\u00e9cessaires pour le quotidien .<\/p>\n<p>Bien sur n\u2019h\u00e9sitez pas en retour \u00e0 nous soumettre des rubriques, articles ou simples informations qui vous sembleraient importantes, ou tout simplement que vous souhaiteriez partager.<\/p>\n<p>C&#8217;est dans ce sens que nous souhaitons que ce site vive\u00a0 !<\/p>\n<p>Le Maire<\/p>\n<p>Marie Claude Heurteaux<\/p>\n","protected":false},"excerpt":{"rendered":"<p>Mesdames, Messieurs Avant toutes choses l\u2019\u00e9quipe municipale vous renouv\u00e8le ses v\u0153ux: le meilleur pour l\u2019ann\u00e9e 2015. Sant\u00e9, Bonheur et Prosp\u00e9rit\u00e9. Cela fait presque un an que la nouvelle \u00e9quipe est en place et mieux communiquer faisait partie de nos engagements.<\/p>\n","protected":false},"author":2,"featured_media":156,"comment_status":"closed","ping_status":"closed","sticky":false,"template":"","format":"standard","meta":{"site-sidebar-layout":"default","site-content-layout":"","ast-site-content-layout":"","site-content-style":"default","site-sidebar-style":"default","ast-global-header-display":"","ast-banner-title-visibility":"","ast-main-header-display":"","ast-hfb-above-header-display":"","ast-hfb-below-header-display":"","ast-hfb-mobile-header-display":"","site-post-title":"","ast-breadcrumbs-content":"","ast-featured-img":"","footer-sml-layout":"","theme-transparent-header-meta":"","adv-header-id-meta":"","stick-header-meta":"","header-above-stick-meta":"","header-main-stick-meta":"","header-below-stick-meta":"","astra-migrate-meta-layouts":"default","ast-page-background-enabled":"default","ast-page-background-meta":{"desktop":{"background-color":"var(--ast-global-color-4)","background-image":"","background-repeat":"repeat","background-position":"center center","background-size":"auto","background-attachment":"scroll","background-type":"","background-media":"","overlay-type":"","overlay-color":"","overlay-opacity":"","overlay-gradient":""},"tablet":{"background-color":"","background-image":"","background-repeat":"repeat","background-position":"center center","background-size":"auto","background-attachment":"scroll","background-type":"","background-media":"","overlay-type":"","overlay-color":"","overlay-opacity":"","overlay-gradient":""},"mobile":{"background-color":"","background-image":"","background-repeat":"repeat","background-position":"center center","background-size":"auto","background-attachment":"scroll","background-type":"","background-media":"","overlay-type":"","overlay-color":"","overlay-opacity":"","overlay-gradient":""}},"ast-content-background-meta":{"desktop":{"background-color":"var(--ast-global-color-5)","background-image":"","background-repeat":"repeat","background-position":"center center","background-size":"auto","background-attachment":"scroll","background-type":"","background-media":"","overlay-type":"","overlay-color":"","overlay-opacity":"","overlay-gradient":""},"tablet":{"background-color":"var(--ast-global-color-5)","background-image":"","background-repeat":"repeat","background-position":"center center","background-size":"auto","background-attachment":"scroll","background-type":"","background-media":"","overlay-type":"","overlay-color":"","overlay-opacity":"","overlay-gradient":""},"mobile":{"background-color":"var(--ast-global-color-5)","background-image":"","background-repeat":"repeat","background-position":"center center","background-size":"auto","background-attachment":"scroll","background-type":"","background-media":"","overlay-type":"","overlay-color":"","overlay-opacity":"","overlay-gradient":""}},"_EventAllDay":false,"_EventTimezone":"","_EventStartDate":"","_EventEndDate":"","_EventStartDateUTC":"","_EventEndDateUTC":"","_EventShowMap":false,"_EventShowMapLink":false,"_EventURL":"","_EventCost":"","_EventCostDescription":"","_EventCurrencySymbol":"","_EventCurrencyCode":"","_EventCurrencyPosition":"","_EventDateTimeSeparator":"","_EventTimeRangeSeparator":"","_EventOrganizerID":[],"_EventVenueID":[],"_OrganizerEmail":"","_OrganizerPhone":"","_OrganizerWebsite":"","_VenueAddress":"","_VenueCity":"","_VenueCountry":"","_VenueProvince":"","_VenueState":"","_VenueZip":"","_VenuePhone":"","_VenueURL":"","_VenueStateProvince":"","_VenueLat":"","_VenueLng":"","_VenueShowMap":false,"_VenueShowMapLink":false,"footnotes":""},"categories":[3],"tags":[],"class_list":["post-155","post","type-post","status-publish","format-standard","has-post-thumbnail","hentry","category-les-billets-du-maire"],"_links":{"self":[{"href":"http:\/\/www.abbevillelariviere.fr\/index.php?rest_route=\/wp\/v2\/posts\/155"}],"collection":[{"href":"http:\/\/www.abbevillelariviere.fr\/index.php?rest_route=\/wp\/v2\/posts"}],"about":[{"href":"http:\/\/www.abbevillelariviere.fr\/index.php?rest_route=\/wp\/v2\/types\/post"}],"author":[{"embeddable":true,"href":"http:\/\/www.abbevillelariviere.fr\/index.php?rest_route=\/wp\/v2\/users\/2"}],"replies":[{"embeddable":true,"href":"http:\/\/www.abbevillelariviere.fr\/index.php?rest_route=%2Fwp%2Fv2%2Fcomments&post=155"}],"version-history":[{"count":11,"href":"http:\/\/www.abbevillelariviere.fr\/index.php?rest_route=\/wp\/v2\/posts\/155\/revisions"}],"predecessor-version":[{"id":760,"href":"http:\/\/www.abbevillelariviere.fr\/index.php?rest_route=\/wp\/v2\/posts\/155\/revisions\/760"}],"wp:featuredmedia":[{"embeddable":true,"href":"http:\/\/www.abbevillelariviere.fr\/index.php?rest_route=\/wp\/v2\/media\/156"}],"wp:attachment":[{"href":"http:\/\/www.abbevillelariviere.fr\/index.php?rest_route=%2Fwp%2Fv2%2Fmedia&parent=155"}],"wp:term":[{"taxonomy":"category","embeddable":true,"href":"http:\/\/www.abbevillelariviere.fr\/index.php?rest_route=%2Fwp%2Fv2%2Fcategories&post=155"},{"taxonomy":"post_tag","embeddable":true,"href":"http:\/\/www.abbevillelariviere.fr\/index.php?rest_route=%2Fwp%2Fv2%2Ftags&post=155"}],"curies":[{"name":"wp","href":"https:\/\/api.w.org\/{rel}","templated":true}]}}