{"id":2429,"date":"2021-03-14T18:55:11","date_gmt":"2021-03-14T18:55:11","guid":{"rendered":"http:\/\/www.abbevillelariviere.fr\/?p=2429"},"modified":"2021-03-14T18:55:11","modified_gmt":"2021-03-14T18:55:11","slug":"un-projet-caue-de-lessonne-ensapvs-abbeville-la-riviere-arrancourt-fontaine-la-riviere","status":"publish","type":"post","link":"http:\/\/www.abbevillelariviere.fr\/?p=2429","title":{"rendered":"Un Projet CAUE de l\u2019Essonne , ENSAPVS , Abbe\u0301ville-la-Rivie\u0300re \/ Arrancourt \/ Fontaine-la-Rivie\u0300re"},"content":{"rendered":"<p>Un projet entre<\/p>\n<ul>\n<li>L\u2019e\u0301cole nationale supe\u0301rieure d\u2019architecture Paris Val de Seine<\/li>\n<li>Le Conseil d\u2019Architecture d\u2019Urbanisme et d\u2019Environnement de l\u2019Essonne<\/li>\n<li>Les communes d&#8217;Abbe\u0301ville-la-Rivie\u0300re, d&#8217; Arrancourt\u00a0 et Fontaine-la-Rivie\u0300re<\/li>\n<\/ul>\n<p>va permettre un travail autour de la the\u0301matique \u00ab Ruralite\u0301 me\u0301tropolitaine \u00bb<\/p>\n<p>Ce partenariat va permettre aux enseignants d\u2019inte\u0301grer la re\u0301flexion qui sera porte\u0301e sur Abbe\u0301ville-la-Rivie\u0300re, Arrancourt et Fontaine-la-Rivie\u0300re dans un contexte plus large, de la ruralite\u0301 en Essonne, et ainsi, d\u2019interroger la place des communes dans un syste\u0300me me\u0301tropolitain plus vaste.<\/p>\n<p>Le Projet propose une collaboration entre nos trois communes pour la formation d\u2019un groupe d\u2019e\u0301tudiants en master 1 d\u2019architecture de l&#8217;ENSA Paris Val de Seine, encadre\u0301s par Monsieur Philippe SIMON.<\/p>\n<p>Cet enseignement, intitule\u0301 \u00ab Quelle fabrique spatiale dans un espace rural ou pe\u0301riurbain ? \u00bb s\u2019inte\u0301resse aux enjeux rencontre\u0301s par les communes rurales. L\u2019e\u0301quipe enseignante (architectes, paysagiste et ge\u0301ographe) souhaite faire sortir les e\u0301tudiants des murs de leur e\u0301cole, afin qu&#8217;ils partent a\u0300 la rencontre des lieux et des personnes pour mieux appre\u0301hender et comprendre la socie\u0301te\u0301 dans laquelle et pour laquelle ils interviendront comme futurs architectes. Les re\u0301sultats des e\u0301tudes porte\u0301es par les e\u0301tudiants doivent pouvoir e\u0302tre re\u0301utilise\u0301s par les communes et aider a\u0300 trouver les lieux et les leviers pour appuyer le dynamisme que la ville veut donner a\u0300 son territoire.<\/p>\n<p style=\"padding-left: 30px;\"><span style=\"color: #993300;\"><em>Comment assurer la pre\u0301servation d&#8217;un milieu et du cadre de vie, tout en accueillant de nouveaux habitants ? Comment ge\u0301rer la construction de logements nouveaux tout en pre\u0301servant les terres naturelles et agricoles ? Comment inventer ou pe\u0301renniser un mode de vie ne\u0301orural ou \u00ab rurbain \u00bb ? Comment ge\u0301rer les questions lie\u0301es aux mobilite\u0301s, quelle place donner a\u0300 l&#8217;automobile ? Comment faire de ces communes un \u00ab village durable et fonctionnel \u00bb ?<\/em><\/span><\/p>\n<p>Le travail des e\u0301tudiants se de\u0301roulera en trois temps, de\u0301bouchant chacun sur une production spe\u0301cifique :<\/p>\n<ul>\n<li>Un diagnostic (a\u0300 partir d\u2019un travail d\u2019enque\u0302te in situ et des documents fournis par les communes),<\/li>\n<li>Des visions projectuelles individuelles (autour de the\u0301matiques et de sites choisis par les e\u0301tudiants)<\/li>\n<li>un plan de synthe\u0300se regroupant les intentions des e\u0301tudiants dans le cadre d\u2019une pense\u0301e globale sur le territoire.<\/li>\n<\/ul>\n<p>La Mairie communiquera r\u00e9guli\u00e8rement sur les retours et r\u00e9flexion issue de ce projet p\u00e9dagogique.<\/p>\n<p>Une premi\u00e8re r\u00e9union \u00e0 lieu avec les \u00e9tudiants Mardi 16\/03\/2021<\/p>\n","protected":false},"excerpt":{"rendered":"<p>Un projet entre<br \/>\nL\u2019e\u0301cole nationale supe\u0301rieure d\u2019architecture Paris Val de Seine<br \/>\nLe Conseil d\u2019Architecture d\u2019Urbanisme et d\u2019Environnement de l\u2019Essonne<br \/>\nLes communes d&#8217;Abbe\u0301ville-la-Rivie\u0300re, d&#8217; Arrancourt  et Fontaine-la-Rivie\u0300re<br \/>\nva permettre un travail autour de la the\u0301matique \u00ab Ruralite\u0301 me\u0301tropolitaine \u00bb<br \/>\nCe partenariat va permettre aux enseignants d\u2019inte\u0301grer la re\u0301flexion qui sera porte\u0301e sur Abbe\u0301ville-la-Rivie\u0300re, Arrancourt et Fontaine-la-Rivie\u0300re dans un contexte plus large, de la ruralite\u0301 en Essonne, et ainsi, d\u2019interroger la place des communes dans un syste\u0300me me\u0301tropolitain plus vaste.<\/p>\n","protected":false},"author":1,"featured_media":2432,"comment_status":"closed","ping_status":"closed","sticky":false,"template":"","format":"standard","meta":{"site-sidebar-layout":"default","site-content-layout":"","ast-site-content-layout":"","site-content-style":"default","site-sidebar-style":"default","ast-global-header-display":"","ast-banner-title-visibility":"","ast-main-header-display":"","ast-hfb-above-header-display":"","ast-hfb-below-header-display":"","ast-hfb-mobile-header-display":"","site-post-title":"","ast-breadcrumbs-content":"","ast-featured-img":"","footer-sml-layout":"","theme-transparent-header-meta":"","adv-header-id-meta":"","stick-header-meta":"","header-above-stick-meta":"","header-main-stick-meta":"","header-below-stick-meta":"","astra-migrate-meta-layouts":"default","ast-page-background-enabled":"default","ast-page-background-meta":{"desktop":{"background-color":"var(--ast-global-color-4)","background-image":"","background-repeat":"repeat","background-position":"center center","background-size":"auto","background-attachment":"scroll","background-type":"","background-media":"","overlay-type":"","overlay-color":"","overlay-opacity":"","overlay-gradient":""},"tablet":{"background-color":"","background-image":"","background-repeat":"repeat","background-position":"center center","background-size":"auto","background-attachment":"scroll","background-type":"","background-media":"","overlay-type":"","overlay-color":"","overlay-opacity":"","overlay-gradient":""},"mobile":{"background-color":"","background-image":"","background-repeat":"repeat","background-position":"center center","background-size":"auto","background-attachment":"scroll","background-type":"","background-media":"","overlay-type":"","overlay-color":"","overlay-opacity":"","overlay-gradient":""}},"ast-content-background-meta":{"desktop":{"background-color":"var(--ast-global-color-5)","background-image":"","background-repeat":"repeat","background-position":"center center","background-size":"auto","background-attachment":"scroll","background-type":"","background-media":"","overlay-type":"","overlay-color":"","overlay-opacity":"","overlay-gradient":""},"tablet":{"background-color":"var(--ast-global-color-5)","background-image":"","background-repeat":"repeat","background-position":"center center","background-size":"auto","background-attachment":"scroll","background-type":"","background-media":"","overlay-type":"","overlay-color":"","overlay-opacity":"","overlay-gradient":""},"mobile":{"background-color":"var(--ast-global-color-5)","background-image":"","background-repeat":"repeat","background-position":"center center","background-size":"auto","background-attachment":"scroll","background-type":"","background-media":"","overlay-type":"","overlay-color":"","overlay-opacity":"","overlay-gradient":""}},"_EventAllDay":false,"_EventTimezone":"","_EventStartDate":"","_EventEndDate":"","_EventStartDateUTC":"","_EventEndDateUTC":"","_EventShowMap":false,"_EventShowMapLink":false,"_EventURL":"","_EventCost":"","_EventCostDescription":"","_EventCurrencySymbol":"","_EventCurrencyCode":"","_EventCurrencyPosition":"","_EventDateTimeSeparator":"","_EventTimeRangeSeparator":"","_EventOrganizerID":[],"_EventVenueID":[],"_OrganizerEmail":"","_OrganizerPhone":"","_OrganizerWebsite":"","_VenueAddress":"","_VenueCity":"","_VenueCountry":"","_VenueProvince":"","_VenueState":"","_VenueZip":"","_VenuePhone":"","_VenueURL":"","_VenueStateProvince":"","_VenueLat":"","_VenueLng":"","_VenueShowMap":false,"_VenueShowMapLink":false,"footnotes":""},"categories":[1],"tags":[],"class_list":["post-2429","post","type-post","status-publish","format-standard","has-post-thumbnail","hentry","category-non-classe"],"_links":{"self":[{"href":"http:\/\/www.abbevillelariviere.fr\/index.php?rest_route=\/wp\/v2\/posts\/2429"}],"collection":[{"href":"http:\/\/www.abbevillelariviere.fr\/index.php?rest_route=\/wp\/v2\/posts"}],"about":[{"href":"http:\/\/www.abbevillelariviere.fr\/index.php?rest_route=\/wp\/v2\/types\/post"}],"author":[{"embeddable":true,"href":"http:\/\/www.abbevillelariviere.fr\/index.php?rest_route=\/wp\/v2\/users\/1"}],"replies":[{"embeddable":true,"href":"http:\/\/www.abbevillelariviere.fr\/index.php?rest_route=%2Fwp%2Fv2%2Fcomments&post=2429"}],"version-history":[{"count":2,"href":"http:\/\/www.abbevillelariviere.fr\/index.php?rest_route=\/wp\/v2\/posts\/2429\/revisions"}],"predecessor-version":[{"id":2433,"href":"http:\/\/www.abbevillelariviere.fr\/index.php?rest_route=\/wp\/v2\/posts\/2429\/revisions\/2433"}],"wp:featuredmedia":[{"embeddable":true,"href":"http:\/\/www.abbevillelariviere.fr\/index.php?rest_route=\/wp\/v2\/media\/2432"}],"wp:attachment":[{"href":"http:\/\/www.abbevillelariviere.fr\/index.php?rest_route=%2Fwp%2Fv2%2Fmedia&parent=2429"}],"wp:term":[{"taxonomy":"category","embeddable":true,"href":"http:\/\/www.abbevillelariviere.fr\/index.php?rest_route=%2Fwp%2Fv2%2Fcategories&post=2429"},{"taxonomy":"post_tag","embeddable":true,"href":"http:\/\/www.abbevillelariviere.fr\/index.php?rest_route=%2Fwp%2Fv2%2Ftags&post=2429"}],"curies":[{"name":"wp","href":"https:\/\/api.w.org\/{rel}","templated":true}]}}