{"id":431,"date":"2015-02-01T23:41:03","date_gmt":"2015-02-01T23:41:03","guid":{"rendered":"http:\/\/www.abbevillelariviere.fr\/?p=431"},"modified":"2015-02-15T23:47:48","modified_gmt":"2015-02-15T23:47:48","slug":"espace-info-energie-essonne","status":"publish","type":"post","link":"http:\/\/www.abbevillelariviere.fr\/?p=431","title":{"rendered":"Espace Info-Energie Essonne"},"content":{"rendered":"<div class=\"wc-shortcodes-row wc-shortcodes-item wc-shortcodes-clearfix\">\n<div class=\"wc-shortcodes-column wc-shortcodes-content wc-shortcodes-one-third wc-shortcodes-column-first \">\n<p><a href=\"http:\/\/www.abbevillelariviere.fr\/wp-content\/uploads\/2015\/02\/crbst_LOGO_EIE_IDF_20501.jpg\"><img loading=\"lazy\" decoding=\"async\" class=\"alignnone size-medium wp-image-436\" src=\"http:\/\/www.abbevillelariviere.fr\/wp-content\/uploads\/2015\/02\/crbst_LOGO_EIE_IDF_20501-295x300.jpg\" alt=\"crbst_LOGO_EIE_IDF_2050\" width=\"295\" height=\"300\" srcset=\"http:\/\/www.abbevillelariviere.fr\/wp-content\/uploads\/2015\/02\/crbst_LOGO_EIE_IDF_20501-295x300.jpg 295w, http:\/\/www.abbevillelariviere.fr\/wp-content\/uploads\/2015\/02\/crbst_LOGO_EIE_IDF_20501-50x50.jpg 50w, http:\/\/www.abbevillelariviere.fr\/wp-content\/uploads\/2015\/02\/crbst_LOGO_EIE_IDF_20501.jpg 296w\" sizes=\"(max-width: 295px) 100vw, 295px\" \/><\/a><\/p>\n<\/div>\n<div class=\"wc-shortcodes-column wc-shortcodes-content wc-shortcodes-two-third wc-shortcodes-column-last \">\n<p>Mis en place en 2001 par l&#8217;Agence De l&#8217;Environnement et de la Ma\u00eetrise de l&#8217;Energie (ADEME), le r\u00e9seau national des Espaces Info Energie, sp\u00e9cialis\u00e9 dans le conseil de proximit\u00e9 aupr\u00e8s des particuliers, compte aujourd&#8217;hui plus de 200 antennes sur toute la France.<\/p>\n<p>Depuis f\u00e9vrier 2011, l&#8217;Association Conna\u00eetre et Prot\u00e9ger la Nature a cr\u00e9\u00e9 l&#8217;Espace Info Energie du Sud-Essonne, un moyen de venir en aide \u00e0 la population \u00e9tampoise et du sud-essonne. Une action remarquable sur ce territoire !<\/p>\n<p><strong>POUR CONTACTER LE CONSEILLER INFO-ENERGIE :<\/strong><\/p>\n<p>25, Avenue des Meuniers 91150 ETAMPES<br \/>\n(pr\u00e8s du Lyc\u00e9e saint Hilaire, et juste \u00e0 c\u00f4t\u00e9 de La Poste).<\/p>\n<p>T\u00e9l\u00e9phone : 01 69 58 74 78<br \/>\nhttp:\/\/www.eie-sud-essonne.fr\/index.html<br \/>\neiesudessonne@gmail.com<\/p>\n<\/div>\n<\/div>\n<p>&nbsp;<\/p>\n","protected":false},"excerpt":{"rendered":"<p>Mis en place en 2001 par l&#8217;Agence De l&#8217;Environnement et de la Ma\u00eetrise de l&#8217;Energie (ADEME), le r\u00e9seau national des Espaces Info Energie, sp\u00e9cialis\u00e9 dans le conseil de proximit\u00e9 aupr\u00e8s [&hellip;]<\/p>\n","protected":false},"author":2,"featured_media":436,"comment_status":"closed","ping_status":"closed","sticky":false,"template":"","format":"standard","meta":{"site-sidebar-layout":"default","site-content-layout":"","ast-site-content-layout":"","site-content-style":"default","site-sidebar-style":"default","ast-global-header-display":"","ast-banner-title-visibility":"","ast-main-header-display":"","ast-hfb-above-header-display":"","ast-hfb-below-header-display":"","ast-hfb-mobile-header-display":"","site-post-title":"","ast-breadcrumbs-content":"","ast-featured-img":"","footer-sml-layout":"","theme-transparent-header-meta":"","adv-header-id-meta":"","stick-header-meta":"","header-above-stick-meta":"","header-main-stick-meta":"","header-below-stick-meta":"","astra-migrate-meta-layouts":"default","ast-page-background-enabled":"default","ast-page-background-meta":{"desktop":{"background-color":"var(--ast-global-color-4)","background-image":"","background-repeat":"repeat","background-position":"center center","background-size":"auto","background-attachment":"scroll","background-type":"","background-media":"","overlay-type":"","overlay-color":"","overlay-opacity":"","overlay-gradient":""},"tablet":{"background-color":"","background-image":"","background-repeat":"repeat","background-position":"center center","background-size":"auto","background-attachment":"scroll","background-type":"","background-media":"","overlay-type":"","overlay-color":"","overlay-opacity":"","overlay-gradient":""},"mobile":{"background-color":"","background-image":"","background-repeat":"repeat","background-position":"center center","background-size":"auto","background-attachment":"scroll","background-type":"","background-media":"","overlay-type":"","overlay-color":"","overlay-opacity":"","overlay-gradient":""}},"ast-content-background-meta":{"desktop":{"background-color":"var(--ast-global-color-5)","background-image":"","background-repeat":"repeat","background-position":"center center","background-size":"auto","background-attachment":"scroll","background-type":"","background-media":"","overlay-type":"","overlay-color":"","overlay-opacity":"","overlay-gradient":""},"tablet":{"background-color":"var(--ast-global-color-5)","background-image":"","background-repeat":"repeat","background-position":"center center","background-size":"auto","background-attachment":"scroll","background-type":"","background-media":"","overlay-type":"","overlay-color":"","overlay-opacity":"","overlay-gradient":""},"mobile":{"background-color":"var(--ast-global-color-5)","background-image":"","background-repeat":"repeat","background-position":"center center","background-size":"auto","background-attachment":"scroll","background-type":"","background-media":"","overlay-type":"","overlay-color":"","overlay-opacity":"","overlay-gradient":""}},"_EventAllDay":false,"_EventTimezone":"","_EventStartDate":"","_EventEndDate":"","_EventStartDateUTC":"","_EventEndDateUTC":"","_EventShowMap":false,"_EventShowMapLink":false,"_EventURL":"","_EventCost":"","_EventCostDescription":"","_EventCurrencySymbol":"","_EventCurrencyCode":"","_EventCurrencyPosition":"","_EventDateTimeSeparator":"","_EventTimeRangeSeparator":"","_EventOrganizerID":[],"_EventVenueID":[],"_OrganizerEmail":"","_OrganizerPhone":"","_OrganizerWebsite":"","_VenueAddress":"","_VenueCity":"","_VenueCountry":"","_VenueProvince":"","_VenueState":"","_VenueZip":"","_VenuePhone":"","_VenueURL":"","_VenueStateProvince":"","_VenueLat":"","_VenueLng":"","_VenueShowMap":false,"_VenueShowMapLink":false,"footnotes":""},"categories":[8,6],"tags":[],"class_list":["post-431","post","type-post","status-publish","format-standard","has-post-thumbnail","hentry","category-habitat","category-les-prospectus"],"_links":{"self":[{"href":"http:\/\/www.abbevillelariviere.fr\/index.php?rest_route=\/wp\/v2\/posts\/431"}],"collection":[{"href":"http:\/\/www.abbevillelariviere.fr\/index.php?rest_route=\/wp\/v2\/posts"}],"about":[{"href":"http:\/\/www.abbevillelariviere.fr\/index.php?rest_route=\/wp\/v2\/types\/post"}],"author":[{"embeddable":true,"href":"http:\/\/www.abbevillelariviere.fr\/index.php?rest_route=\/wp\/v2\/users\/2"}],"replies":[{"embeddable":true,"href":"http:\/\/www.abbevillelariviere.fr\/index.php?rest_route=%2Fwp%2Fv2%2Fcomments&post=431"}],"version-history":[{"count":5,"href":"http:\/\/www.abbevillelariviere.fr\/index.php?rest_route=\/wp\/v2\/posts\/431\/revisions"}],"predecessor-version":[{"id":438,"href":"http:\/\/www.abbevillelariviere.fr\/index.php?rest_route=\/wp\/v2\/posts\/431\/revisions\/438"}],"wp:featuredmedia":[{"embeddable":true,"href":"http:\/\/www.abbevillelariviere.fr\/index.php?rest_route=\/wp\/v2\/media\/436"}],"wp:attachment":[{"href":"http:\/\/www.abbevillelariviere.fr\/index.php?rest_route=%2Fwp%2Fv2%2Fmedia&parent=431"}],"wp:term":[{"taxonomy":"category","embeddable":true,"href":"http:\/\/www.abbevillelariviere.fr\/index.php?rest_route=%2Fwp%2Fv2%2Fcategories&post=431"},{"taxonomy":"post_tag","embeddable":true,"href":"http:\/\/www.abbevillelariviere.fr\/index.php?rest_route=%2Fwp%2Fv2%2Ftags&post=431"}],"curies":[{"name":"wp","href":"https:\/\/api.w.org\/{rel}","templated":true}]}}