{"id":658,"date":"2015-02-12T09:54:00","date_gmt":"2015-02-12T09:54:00","guid":{"rendered":"http:\/\/www.abbevillelariviere.fr\/?p=658"},"modified":"2015-03-05T10:27:08","modified_gmt":"2015-03-05T10:27:08","slug":"danger-chenilles-processionnaires","status":"publish","type":"post","link":"http:\/\/www.abbevillelariviere.fr\/?p=658","title":{"rendered":"Chenilles processionnaires"},"content":{"rendered":"<p>Les chenilles processionnaires envahissent depuis plusieurs ann\u00e9es la r\u00e9gion parisienne.<\/p>\n<p>Les chenilles processionnaires sont aujourd&#8217;hui les premi\u00e8res responsables des\u00a0 d\u00e9foliations foresti\u00e8res en France.<\/p>\n<p>Mais surtout elles provoquent de fortes r\u00e9actions allergiques tant chez l\u2019homme que chez les animaux domestiques.<\/p>\n<p>Pour lutter contre ces chenilles, inutile de couper l&#8217;arbre qui les accueille, il n&#8217;est en rien malade et ne sert que de support.<\/p>\n<p>Si vous constatez que vos arbres (pins et parfois ch\u00eanes) sont infest\u00e9s, vous devez supprimer les cocons en \u00e9laguant les branches concern\u00e9es, avec de grandes pr\u00e9cautions et en prot\u00e9geant bien votre peau et votre visage puis les d\u00e9truire imm\u00e9diatement en les br\u00fblant compl\u00e8tement.<\/p>\n<div class=\"wc-shortcodes-row wc-shortcodes-item wc-shortcodes-clearfix\">\n<div class=\"wc-shortcodes-column wc-shortcodes-content wc-shortcodes-one-third wc-shortcodes-column-first \">\n<p><a href=\"http:\/\/www.abbevillelariviere.fr\/wp-content\/uploads\/2015\/03\/3485_martin_chenille3.jpg\"><img loading=\"lazy\" decoding=\"async\" class=\"alignnone  wp-image-662\" src=\"http:\/\/www.abbevillelariviere.fr\/wp-content\/uploads\/2015\/03\/3485_martin_chenille3.jpg\" alt=\"3485_martin_chenille3\" width=\"301\" height=\"226\" srcset=\"http:\/\/www.abbevillelariviere.fr\/wp-content\/uploads\/2015\/03\/3485_martin_chenille3.jpg 500w, http:\/\/www.abbevillelariviere.fr\/wp-content\/uploads\/2015\/03\/3485_martin_chenille3-300x225.jpg 300w\" sizes=\"(max-width: 301px) 100vw, 301px\" \/><\/a><\/p>\n<\/div>\n<div class=\"wc-shortcodes-column wc-shortcodes-content wc-shortcodes-one-third wc-shortcodes-column- \">\n<p><a href=\"http:\/\/www.abbevillelariviere.fr\/wp-content\/uploads\/2015\/03\/chenille2.jpg\"><img loading=\"lazy\" decoding=\"async\" class=\"alignnone  wp-image-661\" src=\"http:\/\/www.abbevillelariviere.fr\/wp-content\/uploads\/2015\/03\/chenille2.jpg\" alt=\"chenille2\" width=\"300\" height=\"225\" srcset=\"http:\/\/www.abbevillelariviere.fr\/wp-content\/uploads\/2015\/03\/chenille2.jpg 320w, http:\/\/www.abbevillelariviere.fr\/wp-content\/uploads\/2015\/03\/chenille2-300x225.jpg 300w\" sizes=\"(max-width: 300px) 100vw, 300px\" \/><\/a><\/p>\n<\/div>\n<div class=\"wc-shortcodes-column wc-shortcodes-content wc-shortcodes-one-third wc-shortcodes-column-last \">\n<p><a href=\"http:\/\/www.abbevillelariviere.fr\/wp-content\/uploads\/2015\/03\/bombyx.jpg\"><img loading=\"lazy\" decoding=\"async\" class=\"alignnone size-full wp-image-660\" src=\"http:\/\/www.abbevillelariviere.fr\/wp-content\/uploads\/2015\/03\/bombyx.jpg\" alt=\"bombyx\" width=\"153\" height=\"185\" \/><\/a><\/p>\n<\/div>\n<\/div>\n<p>Vous devez aussi faire barrage aux processions avec un pi\u00e8ge compos\u00e9 d&#8217;un anneau pos\u00e9 autour du tronc de l&#8217;arbre, d&#8217;un tuyau et d&#8217;un sac qui recueillera les chenilles lors de leur descente de l&#8217;arbre afin d&#8217;\u00e9viter qu&#8217;elles ne se r\u00e9pandent sur le sol.<\/p>\n<p>C&#8217;est \u00e0 ce moment qu&#8217;elles sont dangereuses. Enfin vous pouvez stimuler ses pr\u00e9dateurs en installant des nichoirs dans vos arbres, les oiseaux en \u00e9tant friands.<\/p>\n<p>En savoir plus : <a href=\"http:\/\/chenilles-processionnaires.fr\/chenille-processionnaire-du-pin.htm\" target=\"_blank\">http:\/\/chenilles-processionnaires.fr\/chenille-processionnaire-du-pin.htm<\/a><\/p>\n<p><a href=\"http:\/\/www.abbevillelariviere.fr\/wp-content\/uploads\/2015\/03\/ecopiege-K3D.jpg\"><img loading=\"lazy\" decoding=\"async\" class=\"alignnone size-full wp-image-663\" src=\"http:\/\/www.abbevillelariviere.fr\/wp-content\/uploads\/2015\/03\/ecopiege-K3D.jpg\" alt=\"ecopiege-K3D\" width=\"600\" height=\"450\" srcset=\"http:\/\/www.abbevillelariviere.fr\/wp-content\/uploads\/2015\/03\/ecopiege-K3D.jpg 600w, http:\/\/www.abbevillelariviere.fr\/wp-content\/uploads\/2015\/03\/ecopiege-K3D-300x225.jpg 300w\" sizes=\"(max-width: 600px) 100vw, 600px\" \/><\/a><\/p>\n<p>MODE D\u2019ACTION DE L&#8217;\u00c9CO-PI\u00c8GE<\/p>\n<p>L\u2019\u00e9co-pi\u00e8ge est un pi\u00e8ge constitu\u00e9 d\u2019une collerette fix\u00e9 autour du tronc de l\u2019arbre qui va stopper les chenilles processionnaires pin lors de leur descente. Celles-ci seront r\u00e9cup\u00e9r\u00e9es dans un sac collecteur qui sera \u00e9limin\u00e9 apr\u00e8s les derni\u00e8res descentes.<\/p>\n","protected":false},"excerpt":{"rendered":"<p>Les chenilles processionnaires envahissent depuis plusieurs ann\u00e9es la r\u00e9gion parisienne. Les chenilles processionnaires sont aujourd&#8217;hui les premi\u00e8res responsables des  d\u00e9foliations foresti\u00e8res en France.<\/p>\n","protected":false},"author":2,"featured_media":659,"comment_status":"closed","ping_status":"closed","sticky":false,"template":"","format":"standard","meta":{"site-sidebar-layout":"default","site-content-layout":"","ast-site-content-layout":"","site-content-style":"default","site-sidebar-style":"default","ast-global-header-display":"","ast-banner-title-visibility":"","ast-main-header-display":"","ast-hfb-above-header-display":"","ast-hfb-below-header-display":"","ast-hfb-mobile-header-display":"","site-post-title":"","ast-breadcrumbs-content":"","ast-featured-img":"","footer-sml-layout":"","theme-transparent-header-meta":"","adv-header-id-meta":"","stick-header-meta":"","header-above-stick-meta":"","header-main-stick-meta":"","header-below-stick-meta":"","astra-migrate-meta-layouts":"default","ast-page-background-enabled":"default","ast-page-background-meta":{"desktop":{"background-color":"var(--ast-global-color-4)","background-image":"","background-repeat":"repeat","background-position":"center center","background-size":"auto","background-attachment":"scroll","background-type":"","background-media":"","overlay-type":"","overlay-color":"","overlay-opacity":"","overlay-gradient":""},"tablet":{"background-color":"","background-image":"","background-repeat":"repeat","background-position":"center center","background-size":"auto","background-attachment":"scroll","background-type":"","background-media":"","overlay-type":"","overlay-color":"","overlay-opacity":"","overlay-gradient":""},"mobile":{"background-color":"","background-image":"","background-repeat":"repeat","background-position":"center center","background-size":"auto","background-attachment":"scroll","background-type":"","background-media":"","overlay-type":"","overlay-color":"","overlay-opacity":"","overlay-gradient":""}},"ast-content-background-meta":{"desktop":{"background-color":"var(--ast-global-color-5)","background-image":"","background-repeat":"repeat","background-position":"center center","background-size":"auto","background-attachment":"scroll","background-type":"","background-media":"","overlay-type":"","overlay-color":"","overlay-opacity":"","overlay-gradient":""},"tablet":{"background-color":"var(--ast-global-color-5)","background-image":"","background-repeat":"repeat","background-position":"center center","background-size":"auto","background-attachment":"scroll","background-type":"","background-media":"","overlay-type":"","overlay-color":"","overlay-opacity":"","overlay-gradient":""},"mobile":{"background-color":"var(--ast-global-color-5)","background-image":"","background-repeat":"repeat","background-position":"center center","background-size":"auto","background-attachment":"scroll","background-type":"","background-media":"","overlay-type":"","overlay-color":"","overlay-opacity":"","overlay-gradient":""}},"_EventAllDay":false,"_EventTimezone":"","_EventStartDate":"","_EventEndDate":"","_EventStartDateUTC":"","_EventEndDateUTC":"","_EventShowMap":false,"_EventShowMapLink":false,"_EventURL":"","_EventCost":"","_EventCostDescription":"","_EventCurrencySymbol":"","_EventCurrencyCode":"","_EventCurrencyPosition":"","_EventDateTimeSeparator":"","_EventTimeRangeSeparator":"","_EventOrganizerID":[],"_EventVenueID":[],"_OrganizerEmail":"","_OrganizerPhone":"","_OrganizerWebsite":"","_VenueAddress":"","_VenueCity":"","_VenueCountry":"","_VenueProvince":"","_VenueState":"","_VenueZip":"","_VenuePhone":"","_VenueURL":"","_VenueStateProvince":"","_VenueLat":"","_VenueLng":"","_VenueShowMap":false,"_VenueShowMapLink":false,"footnotes":""},"categories":[12,3,4],"tags":[],"class_list":["post-658","post","type-post","status-publish","format-standard","has-post-thumbnail","hentry","category-environnement","category-les-billets-du-maire","category-securite"],"_links":{"self":[{"href":"http:\/\/www.abbevillelariviere.fr\/index.php?rest_route=\/wp\/v2\/posts\/658"}],"collection":[{"href":"http:\/\/www.abbevillelariviere.fr\/index.php?rest_route=\/wp\/v2\/posts"}],"about":[{"href":"http:\/\/www.abbevillelariviere.fr\/index.php?rest_route=\/wp\/v2\/types\/post"}],"author":[{"embeddable":true,"href":"http:\/\/www.abbevillelariviere.fr\/index.php?rest_route=\/wp\/v2\/users\/2"}],"replies":[{"embeddable":true,"href":"http:\/\/www.abbevillelariviere.fr\/index.php?rest_route=%2Fwp%2Fv2%2Fcomments&post=658"}],"version-history":[{"count":4,"href":"http:\/\/www.abbevillelariviere.fr\/index.php?rest_route=\/wp\/v2\/posts\/658\/revisions"}],"predecessor-version":[{"id":674,"href":"http:\/\/www.abbevillelariviere.fr\/index.php?rest_route=\/wp\/v2\/posts\/658\/revisions\/674"}],"wp:featuredmedia":[{"embeddable":true,"href":"http:\/\/www.abbevillelariviere.fr\/index.php?rest_route=\/wp\/v2\/media\/659"}],"wp:attachment":[{"href":"http:\/\/www.abbevillelariviere.fr\/index.php?rest_route=%2Fwp%2Fv2%2Fmedia&parent=658"}],"wp:term":[{"taxonomy":"category","embeddable":true,"href":"http:\/\/www.abbevillelariviere.fr\/index.php?rest_route=%2Fwp%2Fv2%2Fcategories&post=658"},{"taxonomy":"post_tag","embeddable":true,"href":"http:\/\/www.abbevillelariviere.fr\/index.php?rest_route=%2Fwp%2Fv2%2Ftags&post=658"}],"curies":[{"name":"wp","href":"https:\/\/api.w.org\/{rel}","templated":true}]}}