{"id":1009,"date":"2016-04-14T08:57:23","date_gmt":"2016-04-14T08:57:23","guid":{"rendered":"http:\/\/www.abbevillelariviere.fr\/?p=1009"},"modified":"2016-04-14T09:00:09","modified_gmt":"2016-04-14T09:00:09","slug":"premieres-fleurs-de-printemps","status":"publish","type":"post","link":"https:\/\/www.abbevillelariviere.fr\/?p=1009","title":{"rendered":"Premi\u00e8res fleurs de printemps"},"content":{"rendered":"<p style=\"text-align: justify;\">Les pentes et les bords de routes de la vall\u00e9e commencent \u00e0 \u00eatre parsem\u00e9s de taches de couleur, attirant non seulement le regard mais aussi et surtout les insectes.<\/p>\n<p style=\"text-align: center;\"><span style=\"color: #008000;\">Cliquer sur les photos pour les ouvrir<\/span><\/p>\n<p style=\"text-align: justify;\"><span style=\"color: #ff6600;\">Primev\u00e8re officinale<\/span>, primula veris<\/p>\n<p style=\"text-align: justify;\">Ses fleurs jaunes viennent clamer l&#8217;arriv\u00e9e du printemps bien avant les ravissantes hirondelles, d&#8217;o\u00f9 son surnom de &#8220;<span style=\"color: #008000;\">coucou<\/span>&#8220;. Comme son nom l&#8217;indique, elle fut longtemps consid\u00e9r\u00e9e comme une plante aux vertus m\u00e9dicinales.<\/p>\n<p style=\"text-align: justify;\"><a href=\"http:\/\/www.abbevillelariviere.fr\/wp-content\/uploads\/2016\/04\/coucou_6316.jpg\"><img loading=\"lazy\" decoding=\"async\" class=\" size-medium wp-image-1010 aligncenter\" src=\"http:\/\/www.abbevillelariviere.fr\/wp-content\/uploads\/2016\/04\/coucou_6316-300x218.jpg\" alt=\"coucou_6316\" width=\"300\" height=\"218\" srcset=\"https:\/\/www.abbevillelariviere.fr\/wp-content\/uploads\/2016\/04\/coucou_6316-300x218.jpg 300w, https:\/\/www.abbevillelariviere.fr\/wp-content\/uploads\/2016\/04\/coucou_6316-1024x744.jpg 1024w, https:\/\/www.abbevillelariviere.fr\/wp-content\/uploads\/2016\/04\/coucou_6316-600x436.jpg 600w, https:\/\/www.abbevillelariviere.fr\/wp-content\/uploads\/2016\/04\/coucou_6316.jpg 1500w\" sizes=\"(max-width: 300px) 100vw, 300px\" \/><\/a><\/p>\n<p style=\"text-align: justify;\"><span style=\"color: #ff6600;\">Lierre terrestre<\/span><\/p>\n<p style=\"text-align: justify;\">Autrefois consid\u00e9r\u00e9 comme une plante magique associ\u00e9e \u00e0 la magie blanche, elle fut utilis\u00e9e avec d&#8217;autres plantes jusqu&#8217;au XIII\u00e8me si\u00e8cle (avant que le houblon devienne l&#8217;ingr\u00e9dient universel utilis\u00e9 pour la fabrication de la bi\u00e8re) pour aromatiser, clarifier et emp\u00eacher la bi\u00e8re de tourner.<\/p>\n<p style=\"text-align: justify;\"><a href=\"http:\/\/www.abbevillelariviere.fr\/wp-content\/uploads\/2016\/04\/lierre-terre_6422.jpg\"><img loading=\"lazy\" decoding=\"async\" class=\" size-medium wp-image-1012 aligncenter\" src=\"http:\/\/www.abbevillelariviere.fr\/wp-content\/uploads\/2016\/04\/lierre-terre_6422-300x240.jpg\" alt=\"lierre-terre_6422\" width=\"300\" height=\"240\" srcset=\"https:\/\/www.abbevillelariviere.fr\/wp-content\/uploads\/2016\/04\/lierre-terre_6422-300x240.jpg 300w, https:\/\/www.abbevillelariviere.fr\/wp-content\/uploads\/2016\/04\/lierre-terre_6422-1024x819.jpg 1024w, https:\/\/www.abbevillelariviere.fr\/wp-content\/uploads\/2016\/04\/lierre-terre_6422-600x480.jpg 600w, https:\/\/www.abbevillelariviere.fr\/wp-content\/uploads\/2016\/04\/lierre-terre_6422.jpg 1500w\" sizes=\"(max-width: 300px) 100vw, 300px\" \/><\/a><\/p>\n<p style=\"text-align: justify;\"><span style=\"color: #ff6600;\">Ficaire fausse renoncule<\/span><\/p>\n<p style=\"text-align: justify;\">Encore une plante sauvage aux vertus officinales. Elle est associ\u00e9e au biotope de la morille.<\/p>\n<p style=\"text-align: justify;\"><a href=\"http:\/\/www.abbevillelariviere.fr\/wp-content\/uploads\/2016\/04\/ficaire-fausse-renonc_6236.jpg\"><img loading=\"lazy\" decoding=\"async\" class=\" size-medium wp-image-1013 aligncenter\" src=\"http:\/\/www.abbevillelariviere.fr\/wp-content\/uploads\/2016\/04\/ficaire-fausse-renonc_6236-300x214.jpg\" alt=\"ficaire-fausse-renonc_6236\" width=\"300\" height=\"214\" srcset=\"https:\/\/www.abbevillelariviere.fr\/wp-content\/uploads\/2016\/04\/ficaire-fausse-renonc_6236-300x214.jpg 300w, https:\/\/www.abbevillelariviere.fr\/wp-content\/uploads\/2016\/04\/ficaire-fausse-renonc_6236-1024x731.jpg 1024w, https:\/\/www.abbevillelariviere.fr\/wp-content\/uploads\/2016\/04\/ficaire-fausse-renonc_6236-600x428.jpg 600w, https:\/\/www.abbevillelariviere.fr\/wp-content\/uploads\/2016\/04\/ficaire-fausse-renonc_6236.jpg 1500w\" sizes=\"(max-width: 300px) 100vw, 300px\" \/><\/a><span style=\"color: #ff6600;\">Lamier blanc<\/span> (ortie blanche)<\/p>\n<p style=\"text-align: justify;\">Ne pique pas. Nombreuses vertus en phytoth\u00e9rapie, ainsi que culinaires (une bonne soupe velout\u00e9e, avec des pommes de terre : mmmmhmmmm !).<\/p>\n<p style=\"text-align: justify;\"><a href=\"http:\/\/www.abbevillelariviere.fr\/wp-content\/uploads\/2016\/04\/lamier-blc_6395.jpg\"><img loading=\"lazy\" decoding=\"async\" class=\" size-medium wp-image-1017 aligncenter\" src=\"http:\/\/www.abbevillelariviere.fr\/wp-content\/uploads\/2016\/04\/lamier-blc_6395-230x300.jpg\" alt=\"lamier-blc_6395\" width=\"230\" height=\"300\" srcset=\"https:\/\/www.abbevillelariviere.fr\/wp-content\/uploads\/2016\/04\/lamier-blc_6395-230x300.jpg 230w, https:\/\/www.abbevillelariviere.fr\/wp-content\/uploads\/2016\/04\/lamier-blc_6395-785x1024.jpg 785w, https:\/\/www.abbevillelariviere.fr\/wp-content\/uploads\/2016\/04\/lamier-blc_6395-600x782.jpg 600w, https:\/\/www.abbevillelariviere.fr\/wp-content\/uploads\/2016\/04\/lamier-blc_6395.jpg 1000w\" sizes=\"(max-width: 230px) 100vw, 230px\" \/><\/a><\/p>\n<p style=\"text-align: justify;\"><span style=\"color: #ff6600;\">Lamier pourpre<\/span><\/p>\n<p style=\"text-align: justify;\">\u00a0Utilis\u00e9 aussi en cuisine, comme ses cousins, il appartient \u00e0 la m\u00eame famille que la menthe. On consomme ses feuilles et ses fleurs. On dit que sa pr\u00e9sence aurait un effet r\u00e9pulsif sur certains insectes comme les doryphores (ce qui le rend int\u00e9ressant pour les cultures de pommes de terre).<\/p>\n<p style=\"text-align: justify;\"><a href=\"http:\/\/www.abbevillelariviere.fr\/wp-content\/uploads\/2016\/04\/lamier-rose_6245.jpg\"><img loading=\"lazy\" decoding=\"async\" class=\" size-medium wp-image-1020 aligncenter\" src=\"http:\/\/www.abbevillelariviere.fr\/wp-content\/uploads\/2016\/04\/lamier-rose_6245-300x214.jpg\" alt=\"lamier-rose_6245\" width=\"300\" height=\"214\" srcset=\"https:\/\/www.abbevillelariviere.fr\/wp-content\/uploads\/2016\/04\/lamier-rose_6245-300x214.jpg 300w, https:\/\/www.abbevillelariviere.fr\/wp-content\/uploads\/2016\/04\/lamier-rose_6245-1024x731.jpg 1024w, https:\/\/www.abbevillelariviere.fr\/wp-content\/uploads\/2016\/04\/lamier-rose_6245-600x428.jpg 600w, https:\/\/www.abbevillelariviere.fr\/wp-content\/uploads\/2016\/04\/lamier-rose_6245.jpg 1500w\" sizes=\"(max-width: 300px) 100vw, 300px\" \/><\/a><\/p>\n<p style=\"text-align: justify;\"><span style=\"color: #ff6600;\">Lamier jaune<\/span><\/p>\n<p style=\"text-align: justify;\">Les jeunes pousses et les fleurs se consomment.. On lui attribue \u00e9galement des vertus calmantes et diur\u00e9tiques. On l&#8217;appelle aussi &#8220;ortie jaune&#8221; ou &#8220;ortie morte des bois&#8221;, bien qu&#8217;elle ne pique pas.<\/p>\n<p style=\"text-align: justify;\"><a href=\"http:\/\/www.abbevillelariviere.fr\/wp-content\/uploads\/2016\/04\/lamier-jaune_6950.jpg\"><img loading=\"lazy\" decoding=\"async\" class=\" size-medium wp-image-1026 aligncenter\" src=\"http:\/\/www.abbevillelariviere.fr\/wp-content\/uploads\/2016\/04\/lamier-jaune_6950-201x300.jpg\" alt=\"lamier-jaune_6950\" width=\"201\" height=\"300\" srcset=\"https:\/\/www.abbevillelariviere.fr\/wp-content\/uploads\/2016\/04\/lamier-jaune_6950-201x300.jpg 201w, https:\/\/www.abbevillelariviere.fr\/wp-content\/uploads\/2016\/04\/lamier-jaune_6950-685x1024.jpg 685w, https:\/\/www.abbevillelariviere.fr\/wp-content\/uploads\/2016\/04\/lamier-jaune_6950-600x897.jpg 600w, https:\/\/www.abbevillelariviere.fr\/wp-content\/uploads\/2016\/04\/lamier-jaune_6950.jpg 900w\" sizes=\"(max-width: 201px) 100vw, 201px\" \/><\/a><\/p>\n<p style=\"text-align: justify;\"><span style=\"color: #ff6600;\">V\u00e9ronique<\/span><\/p>\n<p style=\"text-align: justify;\">Utilis\u00e9e \u00e0 des fins d\u00e9coratives et curatives (sous forme de tisane ou par applications externes). Excellent couvre-sol sauvage emp\u00eachant la prolif\u00e9ration des &#8220;mauvaises herbes&#8221;, au pied des haies par exemple. Tant qu&#8217;\u00e0 d\u00e9sherber, soyons s\u00e9lectifs. De toute fa\u00e7on, la nature a horreur du vide.<\/p>\n<p style=\"text-align: justify;\"><a href=\"http:\/\/www.abbevillelariviere.fr\/wp-content\/uploads\/2016\/04\/veronique_6309.jpg\"><img loading=\"lazy\" decoding=\"async\" class=\" size-medium wp-image-1023 aligncenter\" src=\"http:\/\/www.abbevillelariviere.fr\/wp-content\/uploads\/2016\/04\/veronique_6309-300x214.jpg\" alt=\"veronique_6309\" width=\"300\" height=\"214\" srcset=\"https:\/\/www.abbevillelariviere.fr\/wp-content\/uploads\/2016\/04\/veronique_6309-300x214.jpg 300w, https:\/\/www.abbevillelariviere.fr\/wp-content\/uploads\/2016\/04\/veronique_6309-1024x731.jpg 1024w, https:\/\/www.abbevillelariviere.fr\/wp-content\/uploads\/2016\/04\/veronique_6309-600x429.jpg 600w, https:\/\/www.abbevillelariviere.fr\/wp-content\/uploads\/2016\/04\/veronique_6309.jpg 1400w\" sizes=\"(max-width: 300px) 100vw, 300px\" \/><\/a>Pour la petite histoire, elle devrait son nom \u00e0 Sainte V\u00e9ronique. Au Moyen Age, elle \u00e9tait compar\u00e9e \u00e0 l&#8217;empreinte du Christ car la fleur dessinait un visage rudimentaire.<\/p>\n<p style=\"text-align: justify;\">Je pourrais \u00e9crire encore \u00e0 propos de la m\u00e2che sauvage (ou doucette), du pissenlit (dont les boutons se consomment comme des c\u00e2pres et les jeunes pousses en salade), des violettes ou de la p\u00e2querette, mais cela fera peut-\u00eatre l&#8217;objet d&#8217;un autre billet.<\/p>\n<p style=\"text-align: justify;\">Je me permettrai juste d&#8217;insister sur le fait que, outre leur effet esth\u00e9tique, elles sont la principale source de nourriture des premiers butineurs.<\/p>\n","protected":false},"excerpt":{"rendered":"<p>Les pentes et les bords de routes de la vall\u00e9e commencent \u00e0 \u00eatre parsem\u00e9s de taches de couleur, attirant non seulement le regard mais aussi et surtout les insectes. Cliquer [&hellip;]<\/p>\n","protected":false},"author":4,"featured_media":1020,"comment_status":"closed","ping_status":"closed","sticky":false,"template":"","format":"standard","meta":{"site-sidebar-layout":"default","site-content-layout":"","ast-site-content-layout":"","site-content-style":"default","site-sidebar-style":"default","ast-global-header-display":"","ast-banner-title-visibility":"","ast-main-header-display":"","ast-hfb-above-header-display":"","ast-hfb-below-header-display":"","ast-hfb-mobile-header-display":"","site-post-title":"","ast-breadcrumbs-content":"","ast-featured-img":"","footer-sml-layout":"","theme-transparent-header-meta":"","adv-header-id-meta":"","stick-header-meta":"","header-above-stick-meta":"","header-main-stick-meta":"","header-below-stick-meta":"","astra-migrate-meta-layouts":"default","ast-page-background-enabled":"default","ast-page-background-meta":{"desktop":{"background-color":"var(--ast-global-color-4)","background-image":"","background-repeat":"repeat","background-position":"center center","background-size":"auto","background-attachment":"scroll","background-type":"","background-media":"","overlay-type":"","overlay-color":"","overlay-opacity":"","overlay-gradient":""},"tablet":{"background-color":"","background-image":"","background-repeat":"repeat","background-position":"center center","background-size":"auto","background-attachment":"scroll","background-type":"","background-media":"","overlay-type":"","overlay-color":"","overlay-opacity":"","overlay-gradient":""},"mobile":{"background-color":"","background-image":"","background-repeat":"repeat","background-position":"center center","background-size":"auto","background-attachment":"scroll","background-type":"","background-media":"","overlay-type":"","overlay-color":"","overlay-opacity":"","overlay-gradient":""}},"ast-content-background-meta":{"desktop":{"background-color":"var(--ast-global-color-5)","background-image":"","background-repeat":"repeat","background-position":"center center","background-size":"auto","background-attachment":"scroll","background-type":"","background-media":"","overlay-type":"","overlay-color":"","overlay-opacity":"","overlay-gradient":""},"tablet":{"background-color":"var(--ast-global-color-5)","background-image":"","background-repeat":"repeat","background-position":"center center","background-size":"auto","background-attachment":"scroll","background-type":"","background-media":"","overlay-type":"","overlay-color":"","overlay-opacity":"","overlay-gradient":""},"mobile":{"background-color":"var(--ast-global-color-5)","background-image":"","background-repeat":"repeat","background-position":"center center","background-size":"auto","background-attachment":"scroll","background-type":"","background-media":"","overlay-type":"","overlay-color":"","overlay-opacity":"","overlay-gradient":""}},"_EventAllDay":false,"_EventTimezone":"","_EventStartDate":"","_EventEndDate":"","_EventStartDateUTC":"","_EventEndDateUTC":"","_EventShowMap":false,"_EventShowMapLink":false,"_EventURL":"","_EventCost":"","_EventCostDescription":"","_EventCurrencySymbol":"","_EventCurrencyCode":"","_EventCurrencyPosition":"","_EventDateTimeSeparator":"","_EventTimeRangeSeparator":"","_EventOrganizerID":[],"_EventVenueID":[],"_OrganizerEmail":"","_OrganizerPhone":"","_OrganizerWebsite":"","_VenueAddress":"","_VenueCity":"","_VenueCountry":"","_VenueProvince":"","_VenueState":"","_VenueZip":"","_VenuePhone":"","_VenueURL":"","_VenueStateProvince":"","_VenueLat":"","_VenueLng":"","_VenueShowMap":false,"_VenueShowMapLink":false,"footnotes":""},"categories":[22],"tags":[25,24,28,27,23,26],"class_list":["post-1009","post","type-post","status-publish","format-standard","has-post-thumbnail","hentry","category-faune-et-flore","tag-ficaire-fausse-renoncule","tag-lamier","tag-lamier-jaune","tag-lierre-terrestre","tag-primevere-coucou","tag-veronique"],"_links":{"self":[{"href":"https:\/\/www.abbevillelariviere.fr\/index.php?rest_route=\/wp\/v2\/posts\/1009"}],"collection":[{"href":"https:\/\/www.abbevillelariviere.fr\/index.php?rest_route=\/wp\/v2\/posts"}],"about":[{"href":"https:\/\/www.abbevillelariviere.fr\/index.php?rest_route=\/wp\/v2\/types\/post"}],"author":[{"embeddable":true,"href":"https:\/\/www.abbevillelariviere.fr\/index.php?rest_route=\/wp\/v2\/users\/4"}],"replies":[{"embeddable":true,"href":"https:\/\/www.abbevillelariviere.fr\/index.php?rest_route=%2Fwp%2Fv2%2Fcomments&post=1009"}],"version-history":[{"count":15,"href":"https:\/\/www.abbevillelariviere.fr\/index.php?rest_route=\/wp\/v2\/posts\/1009\/revisions"}],"predecessor-version":[{"id":1031,"href":"https:\/\/www.abbevillelariviere.fr\/index.php?rest_route=\/wp\/v2\/posts\/1009\/revisions\/1031"}],"wp:featuredmedia":[{"embeddable":true,"href":"https:\/\/www.abbevillelariviere.fr\/index.php?rest_route=\/wp\/v2\/media\/1020"}],"wp:attachment":[{"href":"https:\/\/www.abbevillelariviere.fr\/index.php?rest_route=%2Fwp%2Fv2%2Fmedia&parent=1009"}],"wp:term":[{"taxonomy":"category","embeddable":true,"href":"https:\/\/www.abbevillelariviere.fr\/index.php?rest_route=%2Fwp%2Fv2%2Fcategories&post=1009"},{"taxonomy":"post_tag","embeddable":true,"href":"https:\/\/www.abbevillelariviere.fr\/index.php?rest_route=%2Fwp%2Fv2%2Ftags&post=1009"}],"curies":[{"name":"wp","href":"https:\/\/api.w.org\/{rel}","templated":true}]}}