{"id":1033,"date":"2016-04-22T17:48:42","date_gmt":"2016-04-22T17:48:42","guid":{"rendered":"http:\/\/www.abbevillelariviere.fr\/?p=1033"},"modified":"2016-04-22T17:48:42","modified_gmt":"2016-04-22T17:48:42","slug":"quelques-oiseaux","status":"publish","type":"post","link":"https:\/\/www.abbevillelariviere.fr\/?p=1033","title":{"rendered":"Quelques oiseaux"},"content":{"rendered":"<p><a href=\"http:\/\/www.abbevillelariviere.fr\/wp-content\/uploads\/2016\/04\/tarin-aulnes_0280.jpg\"><img loading=\"lazy\" decoding=\"async\" class=\" size-medium wp-image-1034 aligncenter\" src=\"http:\/\/www.abbevillelariviere.fr\/wp-content\/uploads\/2016\/04\/tarin-aulnes_0280-300x240.jpg\" alt=\"tarin-aulnes_0280\" width=\"300\" height=\"240\" srcset=\"https:\/\/www.abbevillelariviere.fr\/wp-content\/uploads\/2016\/04\/tarin-aulnes_0280-300x240.jpg 300w, https:\/\/www.abbevillelariviere.fr\/wp-content\/uploads\/2016\/04\/tarin-aulnes_0280-1024x819.jpg 1024w, https:\/\/www.abbevillelariviere.fr\/wp-content\/uploads\/2016\/04\/tarin-aulnes_0280-600x480.jpg 600w, https:\/\/www.abbevillelariviere.fr\/wp-content\/uploads\/2016\/04\/tarin-aulnes_0280.jpg 1300w\" sizes=\"(max-width: 300px) 100vw, 300px\" \/><\/a><\/p>\n<p>Ils sont nombreux dans la vall\u00e9e, pour notre plus grand plaisir.<br \/>\nImpossible de tous vous les pr\u00e9senter, cela se fera au hasard des rencontres.<\/p>\n<p style=\"text-align: center;\"><span style=\"color: #008000;\">Cliquer sur les photos pour les ouvrir<\/span><\/p>\n<p style=\"text-align: center;\"><span style=\"color: #ff6600;\">Bruant zizi<\/span><\/p>\n<p><a href=\"http:\/\/www.abbevillelariviere.fr\/wp-content\/uploads\/2016\/04\/bruant-zizi_0020.jpg\"><img loading=\"lazy\" decoding=\"async\" class=\" size-medium wp-image-1036 aligncenter\" src=\"http:\/\/www.abbevillelariviere.fr\/wp-content\/uploads\/2016\/04\/bruant-zizi_0020-300x214.jpg\" alt=\"bruant-zizi_0020\" width=\"300\" height=\"214\" srcset=\"https:\/\/www.abbevillelariviere.fr\/wp-content\/uploads\/2016\/04\/bruant-zizi_0020-300x214.jpg 300w, https:\/\/www.abbevillelariviere.fr\/wp-content\/uploads\/2016\/04\/bruant-zizi_0020-1024x732.jpg 1024w, https:\/\/www.abbevillelariviere.fr\/wp-content\/uploads\/2016\/04\/bruant-zizi_0020-600x429.jpg 600w, https:\/\/www.abbevillelariviere.fr\/wp-content\/uploads\/2016\/04\/bruant-zizi_0020.jpg 1300w\" sizes=\"(max-width: 300px) 100vw, 300px\" \/><\/a>Passereau de 17 cm, 17 \u00e0 25 g.<\/p>\n<p>&nbsp;<\/p>\n<p style=\"text-align: center;\"><span style=\"color: #ff6600;\">Tarin des Aulnes<\/span><\/p>\n<p><a href=\"http:\/\/www.abbevillelariviere.fr\/wp-content\/uploads\/2016\/04\/tarin_0299.jpg\"><img loading=\"lazy\" decoding=\"async\" class=\" size-medium wp-image-1037 aligncenter\" src=\"http:\/\/www.abbevillelariviere.fr\/wp-content\/uploads\/2016\/04\/tarin_0299-300x240.jpg\" alt=\"tarin_0299\" width=\"300\" height=\"240\" srcset=\"https:\/\/www.abbevillelariviere.fr\/wp-content\/uploads\/2016\/04\/tarin_0299-300x240.jpg 300w, https:\/\/www.abbevillelariviere.fr\/wp-content\/uploads\/2016\/04\/tarin_0299-1024x819.jpg 1024w, https:\/\/www.abbevillelariviere.fr\/wp-content\/uploads\/2016\/04\/tarin_0299-600x480.jpg 600w, https:\/\/www.abbevillelariviere.fr\/wp-content\/uploads\/2016\/04\/tarin_0299.jpg 1300w\" sizes=\"(max-width: 300px) 100vw, 300px\" \/><\/a>12 cm &#8211; 10 \u00e0 14 g &#8211; Long\u00e9vit\u00e9 : 11 ans.<\/p>\n<p style=\"text-align: center;\"><span style=\"color: #ff6600;\">Rouge-queue<\/span><\/p>\n<p><a href=\"http:\/\/www.abbevillelariviere.fr\/wp-content\/uploads\/2016\/04\/rouge-queue_0039.jpg\"><img loading=\"lazy\" decoding=\"async\" class=\" size-medium wp-image-1038 aligncenter\" src=\"http:\/\/www.abbevillelariviere.fr\/wp-content\/uploads\/2016\/04\/rouge-queue_0039-300x240.jpg\" alt=\"rouge-queue_0039\" width=\"300\" height=\"240\" srcset=\"https:\/\/www.abbevillelariviere.fr\/wp-content\/uploads\/2016\/04\/rouge-queue_0039-300x240.jpg 300w, https:\/\/www.abbevillelariviere.fr\/wp-content\/uploads\/2016\/04\/rouge-queue_0039-1024x819.jpg 1024w, https:\/\/www.abbevillelariviere.fr\/wp-content\/uploads\/2016\/04\/rouge-queue_0039-600x480.jpg 600w, https:\/\/www.abbevillelariviere.fr\/wp-content\/uploads\/2016\/04\/rouge-queue_0039.jpg 1300w\" sizes=\"(max-width: 300px) 100vw, 300px\" \/><\/a>Passereau de 15 cm &#8211; 14 \u00e0 20 g &#8211; Long\u00e9vit\u00e9 : 8 ans.<\/p>\n<p>&nbsp;<\/p>\n<p style=\"text-align: center;\"><span style=\"color: #ff6600;\">Chardonneret \u00e9l\u00e9gant<\/span><\/p>\n<p><a href=\"http:\/\/www.abbevillelariviere.fr\/wp-content\/uploads\/2016\/04\/chardonneret_0017.jpg\"><img loading=\"lazy\" decoding=\"async\" class=\" size-medium wp-image-1040 aligncenter\" src=\"http:\/\/www.abbevillelariviere.fr\/wp-content\/uploads\/2016\/04\/chardonneret_0017-300x214.jpg\" alt=\"chardonneret_0017\" width=\"300\" height=\"214\" srcset=\"https:\/\/www.abbevillelariviere.fr\/wp-content\/uploads\/2016\/04\/chardonneret_0017-300x214.jpg 300w, https:\/\/www.abbevillelariviere.fr\/wp-content\/uploads\/2016\/04\/chardonneret_0017-1024x731.jpg 1024w, https:\/\/www.abbevillelariviere.fr\/wp-content\/uploads\/2016\/04\/chardonneret_0017-600x429.jpg 600w, https:\/\/www.abbevillelariviere.fr\/wp-content\/uploads\/2016\/04\/chardonneret_0017.jpg 1400w\" sizes=\"(max-width: 300px) 100vw, 300px\" \/><\/a>Passereau de 14 cm &#8211; 14 \u00e0 18 g &#8211; Long\u00e9vit\u00e9 : 8 ans. Sa nourriture de pr\u00e9dilection est le chardon, dont il tire son nom.<br \/>\nEsp\u00e8ce prot\u00e9g\u00e9e, pi\u00e9geage ill\u00e9gal.<\/p>\n<p style=\"text-align: center;\"><span style=\"color: #ff6600;\">Pinson du nord<\/span><\/p>\n<p><a href=\"http:\/\/www.abbevillelariviere.fr\/wp-content\/uploads\/2016\/04\/pinson-nord_0303.jpg\"><img loading=\"lazy\" decoding=\"async\" class=\" size-medium wp-image-1041 aligncenter\" src=\"http:\/\/www.abbevillelariviere.fr\/wp-content\/uploads\/2016\/04\/pinson-nord_0303-300x214.jpg\" alt=\"pinson-nord_0303\" width=\"300\" height=\"214\" srcset=\"https:\/\/www.abbevillelariviere.fr\/wp-content\/uploads\/2016\/04\/pinson-nord_0303-300x214.jpg 300w, https:\/\/www.abbevillelariviere.fr\/wp-content\/uploads\/2016\/04\/pinson-nord_0303-1024x732.jpg 1024w, https:\/\/www.abbevillelariviere.fr\/wp-content\/uploads\/2016\/04\/pinson-nord_0303-600x429.jpg 600w, https:\/\/www.abbevillelariviere.fr\/wp-content\/uploads\/2016\/04\/pinson-nord_0303.jpg 1300w\" sizes=\"(max-width: 300px) 100vw, 300px\" \/><\/a>16 cm &#8211; 23 \u00e0 29 g. C&#8217;est un migrateur qui vient du Nord et de l&#8217;Est de l&#8217;Europe. Comme son cousin, le pinson des jardins, seul le m\u00e2le chante.<\/p>\n<p>&nbsp;<\/p>\n<p style=\"text-align: center;\"><span style=\"color: #ff6600;\">Rouge-gorge familier<br \/>\n<\/span><\/p>\n<p><a href=\"http:\/\/www.abbevillelariviere.fr\/wp-content\/uploads\/2016\/04\/rouge-gorge_0056.jpg\"><img loading=\"lazy\" decoding=\"async\" class=\" size-medium wp-image-1042 aligncenter\" src=\"http:\/\/www.abbevillelariviere.fr\/wp-content\/uploads\/2016\/04\/rouge-gorge_0056-300x240.jpg\" alt=\"rouge-gorge_0056\" width=\"300\" height=\"240\" srcset=\"https:\/\/www.abbevillelariviere.fr\/wp-content\/uploads\/2016\/04\/rouge-gorge_0056-300x240.jpg 300w, https:\/\/www.abbevillelariviere.fr\/wp-content\/uploads\/2016\/04\/rouge-gorge_0056-1024x819.jpg 1024w, https:\/\/www.abbevillelariviere.fr\/wp-content\/uploads\/2016\/04\/rouge-gorge_0056-600x480.jpg 600w, https:\/\/www.abbevillelariviere.fr\/wp-content\/uploads\/2016\/04\/rouge-gorge_0056.jpg 1300w\" sizes=\"(max-width: 300px) 100vw, 300px\" \/><\/a>14 cm &#8211; 16 \u00e0 22 g &#8211; Long\u00e9vit\u00e9 : 15 ans. Passereau mi-s\u00e9dentaire mi-migrateur, ce n&#8217;est pas forc\u00e9ment le m\u00eame que vous observez en septembre ou en mars.<\/p>\n<p>&nbsp;<\/p>\n<p>Aider les oiseaux (migrateurs ou s\u00e9dentaires) \u00e0 passer l&#8217;hiver en les nourrissant permet de les observer de plus pr\u00e8s (gare aux chats, si c&#8217;est le cas), mais il faut imp\u00e9rativement cesser d\u00e8s le retour du printemps (approximativement) afin qu&#8217;ils r\u00e9apprennent \u00e0 se nourrir seuls, et surtout qu&#8217;ils enseignent \u00e0 leurs petits o\u00f9 trouver leur alimentation naturelle.<\/p>\n","protected":false},"excerpt":{"rendered":"<p>Ils sont nombreux dans la vall\u00e9e, pour notre plus grand plaisir. Impossible de tous vous les pr\u00e9senter, cela se fera au hasard des rencontres. Cliquer sur les photos pour les [&hellip;]<\/p>\n","protected":false},"author":4,"featured_media":1034,"comment_status":"closed","ping_status":"closed","sticky":false,"template":"","format":"standard","meta":{"site-sidebar-layout":"default","site-content-layout":"","ast-site-content-layout":"","site-content-style":"default","site-sidebar-style":"default","ast-global-header-display":"","ast-banner-title-visibility":"","ast-main-header-display":"","ast-hfb-above-header-display":"","ast-hfb-below-header-display":"","ast-hfb-mobile-header-display":"","site-post-title":"","ast-breadcrumbs-content":"","ast-featured-img":"","footer-sml-layout":"","theme-transparent-header-meta":"","adv-header-id-meta":"","stick-header-meta":"","header-above-stick-meta":"","header-main-stick-meta":"","header-below-stick-meta":"","astra-migrate-meta-layouts":"default","ast-page-background-enabled":"default","ast-page-background-meta":{"desktop":{"background-color":"var(--ast-global-color-4)","background-image":"","background-repeat":"repeat","background-position":"center center","background-size":"auto","background-attachment":"scroll","background-type":"","background-media":"","overlay-type":"","overlay-color":"","overlay-opacity":"","overlay-gradient":""},"tablet":{"background-color":"","background-image":"","background-repeat":"repeat","background-position":"center center","background-size":"auto","background-attachment":"scroll","background-type":"","background-media":"","overlay-type":"","overlay-color":"","overlay-opacity":"","overlay-gradient":""},"mobile":{"background-color":"","background-image":"","background-repeat":"repeat","background-position":"center center","background-size":"auto","background-attachment":"scroll","background-type":"","background-media":"","overlay-type":"","overlay-color":"","overlay-opacity":"","overlay-gradient":""}},"ast-content-background-meta":{"desktop":{"background-color":"var(--ast-global-color-5)","background-image":"","background-repeat":"repeat","background-position":"center center","background-size":"auto","background-attachment":"scroll","background-type":"","background-media":"","overlay-type":"","overlay-color":"","overlay-opacity":"","overlay-gradient":""},"tablet":{"background-color":"var(--ast-global-color-5)","background-image":"","background-repeat":"repeat","background-position":"center center","background-size":"auto","background-attachment":"scroll","background-type":"","background-media":"","overlay-type":"","overlay-color":"","overlay-opacity":"","overlay-gradient":""},"mobile":{"background-color":"var(--ast-global-color-5)","background-image":"","background-repeat":"repeat","background-position":"center center","background-size":"auto","background-attachment":"scroll","background-type":"","background-media":"","overlay-type":"","overlay-color":"","overlay-opacity":"","overlay-gradient":""}},"_EventAllDay":false,"_EventTimezone":"","_EventStartDate":"","_EventEndDate":"","_EventStartDateUTC":"","_EventEndDateUTC":"","_EventShowMap":false,"_EventShowMapLink":false,"_EventURL":"","_EventCost":"","_EventCostDescription":"","_EventCurrencySymbol":"","_EventCurrencyCode":"","_EventCurrencyPosition":"","_EventDateTimeSeparator":"","_EventTimeRangeSeparator":"","_EventOrganizerID":[],"_EventVenueID":[],"_OrganizerEmail":"","_OrganizerPhone":"","_OrganizerWebsite":"","_VenueAddress":"","_VenueCity":"","_VenueCountry":"","_VenueProvince":"","_VenueState":"","_VenueZip":"","_VenuePhone":"","_VenueURL":"","_VenueStateProvince":"","_VenueLat":"","_VenueLng":"","_VenueShowMap":false,"_VenueShowMapLink":false,"footnotes":""},"categories":[22],"tags":[31,30,33,34,32,29],"class_list":["post-1033","post","type-post","status-publish","format-standard","has-post-thumbnail","hentry","category-faune-et-flore","tag-bruant-zizi","tag-chardonneret-elegant","tag-pinson-du-nord","tag-rouge-gorge","tag-rouge-queue","tag-tarin-des-aulnes"],"_links":{"self":[{"href":"https:\/\/www.abbevillelariviere.fr\/index.php?rest_route=\/wp\/v2\/posts\/1033"}],"collection":[{"href":"https:\/\/www.abbevillelariviere.fr\/index.php?rest_route=\/wp\/v2\/posts"}],"about":[{"href":"https:\/\/www.abbevillelariviere.fr\/index.php?rest_route=\/wp\/v2\/types\/post"}],"author":[{"embeddable":true,"href":"https:\/\/www.abbevillelariviere.fr\/index.php?rest_route=\/wp\/v2\/users\/4"}],"replies":[{"embeddable":true,"href":"https:\/\/www.abbevillelariviere.fr\/index.php?rest_route=%2Fwp%2Fv2%2Fcomments&post=1033"}],"version-history":[{"count":6,"href":"https:\/\/www.abbevillelariviere.fr\/index.php?rest_route=\/wp\/v2\/posts\/1033\/revisions"}],"predecessor-version":[{"id":1046,"href":"https:\/\/www.abbevillelariviere.fr\/index.php?rest_route=\/wp\/v2\/posts\/1033\/revisions\/1046"}],"wp:featuredmedia":[{"embeddable":true,"href":"https:\/\/www.abbevillelariviere.fr\/index.php?rest_route=\/wp\/v2\/media\/1034"}],"wp:attachment":[{"href":"https:\/\/www.abbevillelariviere.fr\/index.php?rest_route=%2Fwp%2Fv2%2Fmedia&parent=1033"}],"wp:term":[{"taxonomy":"category","embeddable":true,"href":"https:\/\/www.abbevillelariviere.fr\/index.php?rest_route=%2Fwp%2Fv2%2Fcategories&post=1033"},{"taxonomy":"post_tag","embeddable":true,"href":"https:\/\/www.abbevillelariviere.fr\/index.php?rest_route=%2Fwp%2Fv2%2Ftags&post=1033"}],"curies":[{"name":"wp","href":"https:\/\/api.w.org\/{rel}","templated":true}]}}