{"id":1048,"date":"2016-04-28T16:17:41","date_gmt":"2016-04-28T16:17:41","guid":{"rendered":"http:\/\/www.abbevillelariviere.fr\/?p=1048"},"modified":"2016-04-28T16:17:41","modified_gmt":"2016-04-28T16:17:41","slug":"quelques-oiseaux-2","status":"publish","type":"post","link":"https:\/\/www.abbevillelariviere.fr\/?p=1048","title":{"rendered":"Quelques oiseaux 2"},"content":{"rendered":"<p><span style=\"color: #99cc00;\">Cliquer sur les photos pour les ouvrir<\/span><\/p>\n<p>&nbsp;<\/p>\n<p style=\"text-align: center;\"><span style=\"color: #ff6600;\">Geai des ch\u00eanes<\/span><\/p>\n<p><a href=\"http:\/\/www.abbevillelariviere.fr\/wp-content\/uploads\/2016\/04\/geai-chenes_0033.jpg\"><img loading=\"lazy\" decoding=\"async\" class=\" size-medium wp-image-1049 aligncenter\" src=\"http:\/\/www.abbevillelariviere.fr\/wp-content\/uploads\/2016\/04\/geai-chenes_0033-300x300.jpg\" alt=\"geai-chenes_0033\" width=\"300\" height=\"300\" srcset=\"https:\/\/www.abbevillelariviere.fr\/wp-content\/uploads\/2016\/04\/geai-chenes_0033-300x300.jpg 300w, https:\/\/www.abbevillelariviere.fr\/wp-content\/uploads\/2016\/04\/geai-chenes_0033-150x150.jpg 150w, https:\/\/www.abbevillelariviere.fr\/wp-content\/uploads\/2016\/04\/geai-chenes_0033-1024x1024.jpg 1024w, https:\/\/www.abbevillelariviere.fr\/wp-content\/uploads\/2016\/04\/geai-chenes_0033-600x600.jpg 600w, https:\/\/www.abbevillelariviere.fr\/wp-content\/uploads\/2016\/04\/geai-chenes_0033-50x50.jpg 50w, https:\/\/www.abbevillelariviere.fr\/wp-content\/uploads\/2016\/04\/geai-chenes_0033.jpg 1300w\" sizes=\"(max-width: 300px) 100vw, 300px\" \/><\/a>36 cm &#8211; 140 \u00e0 190 g &#8211; Long\u00e9vit\u00e9 : 18 ans.<br \/>\nC&#8217;est un corvid\u00e9. Il poss\u00e8de un registre vocal \u00e9tendu et est capable d&#8217;imiter d&#8217;autres\u00a0 oiseaux, comme la buse variable. Il transporte et cache sous la mousse ou les feuilles de la nourriture mais oublie souvent ses cachettes. Un seul geai arrive \u00e0 cacher jusqu&#8217;\u00e0 3 000 glands par mois en hiver. R\u00e9gime omnivore.<br \/>\nIl se pose au sol et laisse les fourmis parcourir son plumage pour le d\u00e9parasiter. Puis il se baigne, se secoue avec vigueur et lisse ses plumes.<br \/>\nLes couples restent unis de longues ann\u00e9es, peut-\u00eatre pour la vie.<\/p>\n<p>&nbsp;<\/p>\n<p style=\"text-align: center;\"><span style=\"color: #ff6600;\">Grive musicienne<br \/>\n<\/span><\/p>\n<p><a href=\"http:\/\/www.abbevillelariviere.fr\/wp-content\/uploads\/2016\/04\/grive_0076.jpg\"><img loading=\"lazy\" decoding=\"async\" class=\" size-medium wp-image-1050 aligncenter\" src=\"http:\/\/www.abbevillelariviere.fr\/wp-content\/uploads\/2016\/04\/grive_0076-300x240.jpg\" alt=\"grive_0076\" width=\"300\" height=\"240\" srcset=\"https:\/\/www.abbevillelariviere.fr\/wp-content\/uploads\/2016\/04\/grive_0076-300x240.jpg 300w, https:\/\/www.abbevillelariviere.fr\/wp-content\/uploads\/2016\/04\/grive_0076-1024x820.jpg 1024w, https:\/\/www.abbevillelariviere.fr\/wp-content\/uploads\/2016\/04\/grive_0076-600x480.jpg 600w, https:\/\/www.abbevillelariviere.fr\/wp-content\/uploads\/2016\/04\/grive_0076.jpg 1300w\" sizes=\"(max-width: 300px) 100vw, 300px\" \/><\/a>23cm &#8211; 65 \u00e0 90 g &#8211; Long\u00e9vit\u00e9 : 14 ans<br \/>\nElle se nourrit au sol, surtout d&#8217;escargots dont elle casse la coquille contre une pierre lui servant d&#8217;enclume.<\/p>\n<p>&nbsp;<\/p>\n<p style=\"text-align: center;\"><span style=\"color: #ff6600;\">Grosbec casse-noyaux<\/span><\/p>\n<p><a href=\"http:\/\/www.abbevillelariviere.fr\/wp-content\/uploads\/2016\/04\/gros-bec_0403.jpg\"><img loading=\"lazy\" decoding=\"async\" class=\" size-medium wp-image-1051 aligncenter\" src=\"http:\/\/www.abbevillelariviere.fr\/wp-content\/uploads\/2016\/04\/gros-bec_0403-300x240.jpg\" alt=\"gros-bec_0403\" width=\"300\" height=\"240\" srcset=\"https:\/\/www.abbevillelariviere.fr\/wp-content\/uploads\/2016\/04\/gros-bec_0403-300x240.jpg 300w, https:\/\/www.abbevillelariviere.fr\/wp-content\/uploads\/2016\/04\/gros-bec_0403-1024x819.jpg 1024w, https:\/\/www.abbevillelariviere.fr\/wp-content\/uploads\/2016\/04\/gros-bec_0403-600x480.jpg 600w, https:\/\/www.abbevillelariviere.fr\/wp-content\/uploads\/2016\/04\/gros-bec_0403.jpg 1300w\" sizes=\"(max-width: 300px) 100vw, 300px\" \/><\/a><\/p>\n<p>18 cm &#8211; 48 \u00e0 62 g &#8211; Long\u00e9vit\u00e9 : 10 ans<br \/>\nSon alimentation bas\u00e9e sur des graines tr\u00e8s dures lui a permis de d\u00e9velopper une forte musculature bas\u00e9e sur le mouvement des mandibules. Migrateur partiel, il est farouche et difficile \u00e0 observer. Lors de la parade nuptiale, il offre de la nourriture \u00e0 la belle, parfois en lui donnant directement dans le bec. Population en d\u00e9clin.<\/p>\n<p style=\"text-align: center;\"><span style=\"color: #ff6600;\">M\u00e9sange charbonni\u00e8re<\/span><\/p>\n<p><a href=\"http:\/\/www.abbevillelariviere.fr\/wp-content\/uploads\/2016\/04\/mes-charb_0362.jpg\"><img loading=\"lazy\" decoding=\"async\" class=\" size-medium wp-image-1052 aligncenter\" src=\"http:\/\/www.abbevillelariviere.fr\/wp-content\/uploads\/2016\/04\/mes-charb_0362-300x214.jpg\" alt=\"mes-charb_0362\" width=\"300\" height=\"214\" srcset=\"https:\/\/www.abbevillelariviere.fr\/wp-content\/uploads\/2016\/04\/mes-charb_0362-300x214.jpg 300w, https:\/\/www.abbevillelariviere.fr\/wp-content\/uploads\/2016\/04\/mes-charb_0362-1024x732.jpg 1024w, https:\/\/www.abbevillelariviere.fr\/wp-content\/uploads\/2016\/04\/mes-charb_0362-600x429.jpg 600w, https:\/\/www.abbevillelariviere.fr\/wp-content\/uploads\/2016\/04\/mes-charb_0362.jpg 1300w\" sizes=\"(max-width: 300px) 100vw, 300px\" \/><\/a><\/p>\n<p>14 cm &#8211; 16 \u00e0 21 g &#8211; Long\u00e9vit\u00e9 : 15 ans<br \/>\nC&#8217;est la plus grande des m\u00e9sanges d&#8217;Europe. Elle imite souvent le cri des autres m\u00e9sanges (bleues, nonnettes et noires). Un couple de m\u00e9sanges charbonni\u00e8res peut d\u00e9truire 7 000 insectes (surtout des chenilles) pour nourrir ses petits.<\/p>\n<p style=\"text-align: center;\"><span style=\"color: #ff6600;\">La m\u00e9sange hupp\u00e9e<\/span><\/p>\n<p><a href=\"http:\/\/www.abbevillelariviere.fr\/wp-content\/uploads\/2016\/04\/mes-huppee_0083.jpg\"><img loading=\"lazy\" decoding=\"async\" class=\" size-medium wp-image-1053 aligncenter\" src=\"http:\/\/www.abbevillelariviere.fr\/wp-content\/uploads\/2016\/04\/mes-huppee_0083-300x214.jpg\" alt=\"mes-huppee_0083\" width=\"300\" height=\"214\" srcset=\"https:\/\/www.abbevillelariviere.fr\/wp-content\/uploads\/2016\/04\/mes-huppee_0083-300x214.jpg 300w, https:\/\/www.abbevillelariviere.fr\/wp-content\/uploads\/2016\/04\/mes-huppee_0083-1024x731.jpg 1024w, https:\/\/www.abbevillelariviere.fr\/wp-content\/uploads\/2016\/04\/mes-huppee_0083-600x428.jpg 600w, https:\/\/www.abbevillelariviere.fr\/wp-content\/uploads\/2016\/04\/mes-huppee_0083.jpg 1300w\" sizes=\"(max-width: 300px) 100vw, 300px\" \/><\/a>12 cm &#8211; 10 \u00e0 13 g &#8211; Long\u00e9vit\u00e9 : 5 ans<br \/>\nSon habitat est li\u00e9 \u00e0 la pr\u00e9sence de conif\u00e8res. Elle est s\u00e9dentaire et discr\u00e8te. Elle stocke de la nourriture tout au long de l&#8217;ann\u00e9e : elle la cale dans des trous et crevasses d&#8217;\u00e9corces d&#8217;arbres, ou la recouvre de salive et de toiles d&#8217;araign\u00e9e. Ces endroits sont souvent exploit\u00e9s par tout le groupe en hiver.<\/p>\n<p>&nbsp;<\/p>\n<p style=\"text-align: center;\"><span style=\"color: #ff6600;\">La m\u00e9sange \u00e0 longue queue<\/span><\/p>\n<p><a href=\"http:\/\/www.abbevillelariviere.fr\/wp-content\/uploads\/2016\/04\/mes-lgue-queue_5878.jpg\"><img loading=\"lazy\" decoding=\"async\" class=\" size-medium wp-image-1054 aligncenter\" src=\"http:\/\/www.abbevillelariviere.fr\/wp-content\/uploads\/2016\/04\/mes-lgue-queue_5878-300x214.jpg\" alt=\"mes-lgue-queue_5878\" width=\"300\" height=\"214\" srcset=\"https:\/\/www.abbevillelariviere.fr\/wp-content\/uploads\/2016\/04\/mes-lgue-queue_5878-300x214.jpg 300w, https:\/\/www.abbevillelariviere.fr\/wp-content\/uploads\/2016\/04\/mes-lgue-queue_5878-1024x731.jpg 1024w, https:\/\/www.abbevillelariviere.fr\/wp-content\/uploads\/2016\/04\/mes-lgue-queue_5878-600x428.jpg 600w, https:\/\/www.abbevillelariviere.fr\/wp-content\/uploads\/2016\/04\/mes-lgue-queue_5878.jpg 1400w\" sizes=\"(max-width: 300px) 100vw, 300px\" \/><\/a><\/p>\n<p>16 cm &#8211; 9 g &#8211; Long\u00e9vit\u00e9 : 8 ans<br \/>\nElle se distingue des autres m\u00e9sanges par le fait qu&#8217;elle ne niche pas dans une cavit\u00e9 mais construit son propre nid. Elle passe l&#8217;essentiel de sa vie au sein d&#8217;un groupe familial (de 4 \u00e0 vingt individus).<\/p>\n<p style=\"text-align: center;\"><span style=\"color: #ff6600;\">Le pic \u00e9peiche<\/span><\/p>\n<p><a href=\"http:\/\/www.abbevillelariviere.fr\/wp-content\/uploads\/2016\/04\/pic-epeiche_0079.jpg\"><img loading=\"lazy\" decoding=\"async\" class=\" size-medium wp-image-1055 aligncenter\" src=\"http:\/\/www.abbevillelariviere.fr\/wp-content\/uploads\/2016\/04\/pic-epeiche_0079-300x300.jpg\" alt=\"pic-epeiche_0079\" width=\"300\" height=\"300\" srcset=\"https:\/\/www.abbevillelariviere.fr\/wp-content\/uploads\/2016\/04\/pic-epeiche_0079-300x300.jpg 300w, https:\/\/www.abbevillelariviere.fr\/wp-content\/uploads\/2016\/04\/pic-epeiche_0079-150x150.jpg 150w, https:\/\/www.abbevillelariviere.fr\/wp-content\/uploads\/2016\/04\/pic-epeiche_0079-1024x1024.jpg 1024w, https:\/\/www.abbevillelariviere.fr\/wp-content\/uploads\/2016\/04\/pic-epeiche_0079-600x600.jpg 600w, https:\/\/www.abbevillelariviere.fr\/wp-content\/uploads\/2016\/04\/pic-epeiche_0079-50x50.jpg 50w, https:\/\/www.abbevillelariviere.fr\/wp-content\/uploads\/2016\/04\/pic-epeiche_0079.jpg 1300w\" sizes=\"(max-width: 300px) 100vw, 300px\" \/><\/a>24 cm &#8211; 70 \u00e0 98 g &#8211; Long\u00e9vit\u00e9 : 11 ans<br \/>\nIl utilise les tambourinages comme moyen de communication. La cadence est de 5 \u00e0 20 coups de bec par seconde, fr\u00e9quence de 5 \u00e0 6 tambourinages par minute. Un m\u00e2le solitaire peut tambouriner jusqu&#8217;\u00e0 600 fois par jour ! La d\u00e9forestation est la menace qui p\u00e8se sur lui.<\/p>\n<p>&nbsp;<\/p>\n<p>&nbsp;<\/p>\n","protected":false},"excerpt":{"rendered":"<p>Cliquer sur les photos pour les ouvrir &nbsp; Geai des ch\u00eanes 36 cm &#8211; 140 \u00e0 190 g &#8211; Long\u00e9vit\u00e9 : 18 ans. C&#8217;est un corvid\u00e9. Il poss\u00e8de un registre [&hellip;]<\/p>\n","protected":false},"author":4,"featured_media":1049,"comment_status":"closed","ping_status":"closed","sticky":false,"template":"","format":"standard","meta":{"site-sidebar-layout":"default","site-content-layout":"","ast-site-content-layout":"","site-content-style":"default","site-sidebar-style":"default","ast-global-header-display":"","ast-banner-title-visibility":"","ast-main-header-display":"","ast-hfb-above-header-display":"","ast-hfb-below-header-display":"","ast-hfb-mobile-header-display":"","site-post-title":"","ast-breadcrumbs-content":"","ast-featured-img":"","footer-sml-layout":"","theme-transparent-header-meta":"","adv-header-id-meta":"","stick-header-meta":"","header-above-stick-meta":"","header-main-stick-meta":"","header-below-stick-meta":"","astra-migrate-meta-layouts":"default","ast-page-background-enabled":"default","ast-page-background-meta":{"desktop":{"background-color":"var(--ast-global-color-4)","background-image":"","background-repeat":"repeat","background-position":"center center","background-size":"auto","background-attachment":"scroll","background-type":"","background-media":"","overlay-type":"","overlay-color":"","overlay-opacity":"","overlay-gradient":""},"tablet":{"background-color":"","background-image":"","background-repeat":"repeat","background-position":"center center","background-size":"auto","background-attachment":"scroll","background-type":"","background-media":"","overlay-type":"","overlay-color":"","overlay-opacity":"","overlay-gradient":""},"mobile":{"background-color":"","background-image":"","background-repeat":"repeat","background-position":"center center","background-size":"auto","background-attachment":"scroll","background-type":"","background-media":"","overlay-type":"","overlay-color":"","overlay-opacity":"","overlay-gradient":""}},"ast-content-background-meta":{"desktop":{"background-color":"var(--ast-global-color-5)","background-image":"","background-repeat":"repeat","background-position":"center center","background-size":"auto","background-attachment":"scroll","background-type":"","background-media":"","overlay-type":"","overlay-color":"","overlay-opacity":"","overlay-gradient":""},"tablet":{"background-color":"var(--ast-global-color-5)","background-image":"","background-repeat":"repeat","background-position":"center center","background-size":"auto","background-attachment":"scroll","background-type":"","background-media":"","overlay-type":"","overlay-color":"","overlay-opacity":"","overlay-gradient":""},"mobile":{"background-color":"var(--ast-global-color-5)","background-image":"","background-repeat":"repeat","background-position":"center center","background-size":"auto","background-attachment":"scroll","background-type":"","background-media":"","overlay-type":"","overlay-color":"","overlay-opacity":"","overlay-gradient":""}},"_EventAllDay":false,"_EventTimezone":"","_EventStartDate":"","_EventEndDate":"","_EventStartDateUTC":"","_EventEndDateUTC":"","_EventShowMap":false,"_EventShowMapLink":false,"_EventURL":"","_EventCost":"","_EventCostDescription":"","_EventCurrencySymbol":"","_EventCurrencyCode":"","_EventCurrencyPosition":"","_EventDateTimeSeparator":"","_EventTimeRangeSeparator":"","_EventOrganizerID":[],"_EventVenueID":[],"_OrganizerEmail":"","_OrganizerPhone":"","_OrganizerWebsite":"","_VenueAddress":"","_VenueCity":"","_VenueCountry":"","_VenueProvince":"","_VenueState":"","_VenueZip":"","_VenuePhone":"","_VenueURL":"","_VenueStateProvince":"","_VenueLat":"","_VenueLng":"","_VenueShowMap":false,"_VenueShowMapLink":false,"footnotes":""},"categories":[22],"tags":[39,42,41,36,38,37,35],"class_list":["post-1048","post","type-post","status-publish","format-standard","has-post-thumbnail","hentry","category-faune-et-flore","tag-geai-du-chene","tag-grive-musicienne","tag-grosbec-casse-noyaux","tag-mesange-a-longue-queue","tag-mesange-charbonniere","tag-mesange-huppee","tag-pic-epeiche"],"_links":{"self":[{"href":"https:\/\/www.abbevillelariviere.fr\/index.php?rest_route=\/wp\/v2\/posts\/1048"}],"collection":[{"href":"https:\/\/www.abbevillelariviere.fr\/index.php?rest_route=\/wp\/v2\/posts"}],"about":[{"href":"https:\/\/www.abbevillelariviere.fr\/index.php?rest_route=\/wp\/v2\/types\/post"}],"author":[{"embeddable":true,"href":"https:\/\/www.abbevillelariviere.fr\/index.php?rest_route=\/wp\/v2\/users\/4"}],"replies":[{"embeddable":true,"href":"https:\/\/www.abbevillelariviere.fr\/index.php?rest_route=%2Fwp%2Fv2%2Fcomments&post=1048"}],"version-history":[{"count":3,"href":"https:\/\/www.abbevillelariviere.fr\/index.php?rest_route=\/wp\/v2\/posts\/1048\/revisions"}],"predecessor-version":[{"id":1058,"href":"https:\/\/www.abbevillelariviere.fr\/index.php?rest_route=\/wp\/v2\/posts\/1048\/revisions\/1058"}],"wp:featuredmedia":[{"embeddable":true,"href":"https:\/\/www.abbevillelariviere.fr\/index.php?rest_route=\/wp\/v2\/media\/1049"}],"wp:attachment":[{"href":"https:\/\/www.abbevillelariviere.fr\/index.php?rest_route=%2Fwp%2Fv2%2Fmedia&parent=1048"}],"wp:term":[{"taxonomy":"category","embeddable":true,"href":"https:\/\/www.abbevillelariviere.fr\/index.php?rest_route=%2Fwp%2Fv2%2Fcategories&post=1048"},{"taxonomy":"post_tag","embeddable":true,"href":"https:\/\/www.abbevillelariviere.fr\/index.php?rest_route=%2Fwp%2Fv2%2Ftags&post=1048"}],"curies":[{"name":"wp","href":"https:\/\/api.w.org\/{rel}","templated":true}]}}