{"id":1063,"date":"2016-05-07T16:40:13","date_gmt":"2016-05-07T16:40:13","guid":{"rendered":"http:\/\/www.abbevillelariviere.fr\/?p=1063"},"modified":"2016-05-07T16:40:13","modified_gmt":"2016-05-07T16:40:13","slug":"orchidees-terrestres","status":"publish","type":"post","link":"https:\/\/www.abbevillelariviere.fr\/?p=1063","title":{"rendered":"Orchid\u00e9es terrestres"},"content":{"rendered":"<p style=\"text-align: justify;\">Elles sont belles, mais juste pour les yeux car aucune ne tient en vase et c&#8217;est bien difficile de les transplanter tant elles sont li\u00e9es \u00e0 leur biotope.<\/p>\n<p style=\"text-align: center;\"><span style=\"color: #008000;\">Cliquer sur les photos pour les ouvrir<\/span><br \/>\n<span style=\"color: #008000;\">Fl\u00e8che &lt;&#8211; pour revenir en arri\u00e8re <\/span><\/p>\n<p><span style=\"color: #800080;\">Orchis purpurea<\/span><\/p>\n<p>Taille : 30 \u00e0 40 cm<\/p>\n<p><a href=\"http:\/\/www.abbevillelariviere.fr\/wp-content\/uploads\/2016\/05\/orchis-purpurea_0171.jpg\"><img loading=\"lazy\" decoding=\"async\" class=\" size-medium wp-image-1065 aligncenter\" src=\"http:\/\/www.abbevillelariviere.fr\/wp-content\/uploads\/2016\/05\/orchis-purpurea_0171-227x300.jpg\" alt=\"orchis-purpurea_0171\" width=\"227\" height=\"300\" srcset=\"https:\/\/www.abbevillelariviere.fr\/wp-content\/uploads\/2016\/05\/orchis-purpurea_0171-227x300.jpg 227w, https:\/\/www.abbevillelariviere.fr\/wp-content\/uploads\/2016\/05\/orchis-purpurea_0171-775x1024.jpg 775w, https:\/\/www.abbevillelariviere.fr\/wp-content\/uploads\/2016\/05\/orchis-purpurea_0171-600x793.jpg 600w, https:\/\/www.abbevillelariviere.fr\/wp-content\/uploads\/2016\/05\/orchis-purpurea_0171.jpg 1100w\" sizes=\"(max-width: 227px) 100vw, 227px\" \/><\/a>Floraison : mars \u00e0 juin<\/p>\n<p><a href=\"http:\/\/www.abbevillelariviere.fr\/wp-content\/uploads\/2016\/05\/orchis-purpurea_5170.jpg\"><img loading=\"lazy\" decoding=\"async\" class=\"alignnone size-medium wp-image-1066\" src=\"http:\/\/www.abbevillelariviere.fr\/wp-content\/uploads\/2016\/05\/orchis-purpurea_5170-214x300.jpg\" alt=\"orchis-purpurea_5170\" width=\"214\" height=\"300\" srcset=\"https:\/\/www.abbevillelariviere.fr\/wp-content\/uploads\/2016\/05\/orchis-purpurea_5170-214x300.jpg 214w, https:\/\/www.abbevillelariviere.fr\/wp-content\/uploads\/2016\/05\/orchis-purpurea_5170-731x1024.jpg 731w, https:\/\/www.abbevillelariviere.fr\/wp-content\/uploads\/2016\/05\/orchis-purpurea_5170-600x840.jpg 600w, https:\/\/www.abbevillelariviere.fr\/wp-content\/uploads\/2016\/05\/orchis-purpurea_5170.jpg 1100w\" sizes=\"(max-width: 214px) 100vw, 214px\" \/><\/a><\/p>\n<p><a href=\"http:\/\/www.abbevillelariviere.fr\/wp-content\/uploads\/2016\/05\/orchis-purpurea_0111.jpg\"><img loading=\"lazy\" decoding=\"async\" class=\" size-medium wp-image-1067 aligncenter\" src=\"http:\/\/www.abbevillelariviere.fr\/wp-content\/uploads\/2016\/05\/orchis-purpurea_0111-200x300.jpg\" alt=\"orchis-purpurea_0111\" width=\"200\" height=\"300\" srcset=\"https:\/\/www.abbevillelariviere.fr\/wp-content\/uploads\/2016\/05\/orchis-purpurea_0111-200x300.jpg 200w, https:\/\/www.abbevillelariviere.fr\/wp-content\/uploads\/2016\/05\/orchis-purpurea_0111-683x1024.jpg 683w, https:\/\/www.abbevillelariviere.fr\/wp-content\/uploads\/2016\/05\/orchis-purpurea_0111-600x900.jpg 600w, https:\/\/www.abbevillelariviere.fr\/wp-content\/uploads\/2016\/05\/orchis-purpurea_0111.jpg 1100w\" sizes=\"(max-width: 200px) 100vw, 200px\" \/><\/a><\/p>\n<p>&nbsp;<\/p>\n<p><span style=\"color: #ff00ff;\">Orchis pyramidal<\/span><\/p>\n<p>Floraison : avril \u00e0 juillet<\/p>\n<p><a href=\"http:\/\/www.abbevillelariviere.fr\/wp-content\/uploads\/2016\/05\/orchis-pyramidalis_0277.jpg\"><img loading=\"lazy\" decoding=\"async\" class=\" size-medium wp-image-1068 aligncenter\" src=\"http:\/\/www.abbevillelariviere.fr\/wp-content\/uploads\/2016\/05\/orchis-pyramidalis_0277-210x300.jpg\" alt=\"orchis-pyramidalis_0277\" width=\"210\" height=\"300\" srcset=\"https:\/\/www.abbevillelariviere.fr\/wp-content\/uploads\/2016\/05\/orchis-pyramidalis_0277-210x300.jpg 210w, https:\/\/www.abbevillelariviere.fr\/wp-content\/uploads\/2016\/05\/orchis-pyramidalis_0277-717x1024.jpg 717w, https:\/\/www.abbevillelariviere.fr\/wp-content\/uploads\/2016\/05\/orchis-pyramidalis_0277-600x858.jpg 600w, https:\/\/www.abbevillelariviere.fr\/wp-content\/uploads\/2016\/05\/orchis-pyramidalis_0277.jpg 1200w\" sizes=\"(max-width: 210px) 100vw, 210px\" \/><\/a>Taille : entre 10 et 25 cm, jusqu&#8217;\u00e0 60 cm<\/p>\n<p>&nbsp;<\/p>\n<p><span style=\"color: #808000;\">Orchis bouc<\/span><\/p>\n<p>Taille : de 40 cm \u00e0 1 m<\/p>\n<p><a href=\"http:\/\/www.abbevillelariviere.fr\/wp-content\/uploads\/2016\/05\/orchis-bouc_0621.jpg\"><img loading=\"lazy\" decoding=\"async\" class=\" size-medium wp-image-1070 aligncenter\" src=\"http:\/\/www.abbevillelariviere.fr\/wp-content\/uploads\/2016\/05\/orchis-bouc_0621-300x300.jpg\" alt=\"orchis-bouc_0621\" width=\"300\" height=\"300\" srcset=\"https:\/\/www.abbevillelariviere.fr\/wp-content\/uploads\/2016\/05\/orchis-bouc_0621-300x300.jpg 300w, https:\/\/www.abbevillelariviere.fr\/wp-content\/uploads\/2016\/05\/orchis-bouc_0621-150x150.jpg 150w, https:\/\/www.abbevillelariviere.fr\/wp-content\/uploads\/2016\/05\/orchis-bouc_0621-1024x1024.jpg 1024w, https:\/\/www.abbevillelariviere.fr\/wp-content\/uploads\/2016\/05\/orchis-bouc_0621-600x600.jpg 600w, https:\/\/www.abbevillelariviere.fr\/wp-content\/uploads\/2016\/05\/orchis-bouc_0621-50x50.jpg 50w, https:\/\/www.abbevillelariviere.fr\/wp-content\/uploads\/2016\/05\/orchis-bouc_0621.jpg 1500w\" sizes=\"(max-width: 300px) 100vw, 300px\" \/><\/a>Floraison : mai \u00e0 juillet<\/p>\n<p>&nbsp;<\/p>\n<p>Quelques orchid\u00e9es observ\u00e9es \u00e0 Abb\u00e9ville en 2014 :<\/p>\n<p><span style=\"color: #ff99cc;\">Ophrys singe<\/span><\/p>\n<p>Taille : 20 \u00e0 45 cm<\/p>\n<p><a href=\"http:\/\/www.abbevillelariviere.fr\/wp-content\/uploads\/2016\/05\/ophrys-singe_5197.jpg\"><img loading=\"lazy\" decoding=\"async\" class=\"alignnone size-medium wp-image-1071\" src=\"http:\/\/www.abbevillelariviere.fr\/wp-content\/uploads\/2016\/05\/ophrys-singe_5197-226x300.jpg\" alt=\"ophrys singe_5197\" width=\"226\" height=\"300\" srcset=\"https:\/\/www.abbevillelariviere.fr\/wp-content\/uploads\/2016\/05\/ophrys-singe_5197-226x300.jpg 226w, https:\/\/www.abbevillelariviere.fr\/wp-content\/uploads\/2016\/05\/ophrys-singe_5197-770x1024.jpg 770w, https:\/\/www.abbevillelariviere.fr\/wp-content\/uploads\/2016\/05\/ophrys-singe_5197-600x798.jpg 600w, https:\/\/www.abbevillelariviere.fr\/wp-content\/uploads\/2016\/05\/ophrys-singe_5197.jpg 1000w\" sizes=\"(max-width: 226px) 100vw, 226px\" \/><\/a><\/p>\n<p><a href=\"http:\/\/www.abbevillelariviere.fr\/wp-content\/uploads\/2016\/05\/ophrys-singe_5576.jpg\"><img loading=\"lazy\" decoding=\"async\" class=\" size-medium wp-image-1072 aligncenter\" src=\"http:\/\/www.abbevillelariviere.fr\/wp-content\/uploads\/2016\/05\/ophrys-singe_5576-200x300.jpg\" alt=\"ophrys singe_5576\" width=\"200\" height=\"300\" srcset=\"https:\/\/www.abbevillelariviere.fr\/wp-content\/uploads\/2016\/05\/ophrys-singe_5576-200x300.jpg 200w, https:\/\/www.abbevillelariviere.fr\/wp-content\/uploads\/2016\/05\/ophrys-singe_5576-683x1024.jpg 683w, https:\/\/www.abbevillelariviere.fr\/wp-content\/uploads\/2016\/05\/ophrys-singe_5576-600x900.jpg 600w, https:\/\/www.abbevillelariviere.fr\/wp-content\/uploads\/2016\/05\/ophrys-singe_5576.jpg 1000w\" sizes=\"(max-width: 200px) 100vw, 200px\" \/><\/a>Floraison : fin mars \u00e0 juin<\/p>\n<p>&nbsp;<\/p>\n<p><span style=\"color: #800000;\">Ophrys araign\u00e9e<\/span><\/p>\n<p>Taille : 15 \u00e0 30 cm<\/p>\n<p><a href=\"http:\/\/www.abbevillelariviere.fr\/wp-content\/uploads\/2016\/05\/ophrys-araigne_5162.jpg\"><img loading=\"lazy\" decoding=\"async\" class=\" size-medium wp-image-1073 aligncenter\" src=\"http:\/\/www.abbevillelariviere.fr\/wp-content\/uploads\/2016\/05\/ophrys-araigne_5162-217x300.jpg\" alt=\"ophrys araigne_5162\" width=\"217\" height=\"300\" srcset=\"https:\/\/www.abbevillelariviere.fr\/wp-content\/uploads\/2016\/05\/ophrys-araigne_5162-217x300.jpg 217w, https:\/\/www.abbevillelariviere.fr\/wp-content\/uploads\/2016\/05\/ophrys-araigne_5162-741x1024.jpg 741w, https:\/\/www.abbevillelariviere.fr\/wp-content\/uploads\/2016\/05\/ophrys-araigne_5162-600x829.jpg 600w, https:\/\/www.abbevillelariviere.fr\/wp-content\/uploads\/2016\/05\/ophrys-araigne_5162.jpg 1000w\" sizes=\"(max-width: 217px) 100vw, 217px\" \/><\/a><\/p>\n<p style=\"text-align: justify;\">Floraison : mi-mars \u00e0 mi-mai<br \/>\nF\u00e9cond\u00e9e par un seul et unique hym\u00e9nopt\u00e8re, l&#8217;abeille sauvage <em>Andrena nigroaenea<\/em>, elle l&#8217;attire par la production de substances chimiques similaires aux ph\u00e9romones sexuelles. Cette abeille dispara\u00eet de la vall\u00e9e, l&#8217;orchid\u00e9e aussi.<br \/>\nPetit espoir de la voir de nouveau fleurir : elle peut rester en \u00e9tat de dormance pendant plusieurs saisons de croissance\u00a0 (deux \u00e0 huit ans).<\/p>\n<p><span style=\"color: #993366;\">Ophrys abeille<\/span><\/p>\n<p>Taille : 20 \u00e0 50 cm<\/p>\n<p><a href=\"http:\/\/www.abbevillelariviere.fr\/wp-content\/uploads\/2016\/05\/orchis-ophrys-apifera_0486.jpg\"><img loading=\"lazy\" decoding=\"async\" class=\" size-medium wp-image-1074 aligncenter\" src=\"http:\/\/www.abbevillelariviere.fr\/wp-content\/uploads\/2016\/05\/orchis-ophrys-apifera_0486-300x254.jpg\" alt=\"orchis-ophrys-apifera_0486\" width=\"300\" height=\"254\" srcset=\"https:\/\/www.abbevillelariviere.fr\/wp-content\/uploads\/2016\/05\/orchis-ophrys-apifera_0486-300x254.jpg 300w, https:\/\/www.abbevillelariviere.fr\/wp-content\/uploads\/2016\/05\/orchis-ophrys-apifera_0486-1024x868.jpg 1024w, https:\/\/www.abbevillelariviere.fr\/wp-content\/uploads\/2016\/05\/orchis-ophrys-apifera_0486-600x509.jpg 600w, https:\/\/www.abbevillelariviere.fr\/wp-content\/uploads\/2016\/05\/orchis-ophrys-apifera_0486.jpg 1500w\" sizes=\"(max-width: 300px) 100vw, 300px\" \/><\/a><\/p>\n<p style=\"text-align: justify;\"><span style=\"color: #ffcc00;\"><span style=\"color: #000000;\">Floraison :<\/span> <span style=\"color: #000000;\">avril \/ mai \u00e0 juillet<br \/>\nPollinis\u00e9e par les abeilles solitaires, mais pas les abeilles sociales (domestiques), elle attire l&#8217;insecte en produisant une odeur imitant celle de l&#8217;abeille femelle.<\/span> <span style=\"color: #000000;\">Si la f\u00e9condation crois\u00e9e n&#8217;a pas eu lieu, elle aura recours \u00e0 l&#8217;<span style=\"color: #333399;\">autof\u00e9condation<\/span>. Elle aussi connait des<\/span> <span style=\"color: #000000;\">\u00e9tats de dormance<\/span> <span style=\"color: #000000;\">de plusieurs ann\u00e9es.<\/span><\/span><\/p>\n<p>&nbsp;<\/p>\n<p><span style=\"color: #800000;\">Orchis epipactis sanguine<\/span><\/p>\n<p>Taille : 20 \u00e0 50 cm<br \/>\nFloraison : mai \/ juin<\/p>\n<p><a href=\"http:\/\/www.abbevillelariviere.fr\/wp-content\/uploads\/2016\/05\/orchis-epipactis_0521.jpg\"><img loading=\"lazy\" decoding=\"async\" class=\" size-medium wp-image-1076 aligncenter\" src=\"http:\/\/www.abbevillelariviere.fr\/wp-content\/uploads\/2016\/05\/orchis-epipactis_0521-200x300.jpg\" alt=\"orchis-epipactis_0521\" width=\"200\" height=\"300\" srcset=\"https:\/\/www.abbevillelariviere.fr\/wp-content\/uploads\/2016\/05\/orchis-epipactis_0521-200x300.jpg 200w, https:\/\/www.abbevillelariviere.fr\/wp-content\/uploads\/2016\/05\/orchis-epipactis_0521-683x1024.jpg 683w, https:\/\/www.abbevillelariviere.fr\/wp-content\/uploads\/2016\/05\/orchis-epipactis_0521-600x900.jpg 600w, https:\/\/www.abbevillelariviere.fr\/wp-content\/uploads\/2016\/05\/orchis-epipactis_0521.jpg 1100w\" sizes=\"(max-width: 200px) 100vw, 200px\" \/><br \/>\n<\/a><\/p>\n<p>Une inconnue, ou hybride, ou&#8230;<\/p>\n<p><a href=\"http:\/\/www.abbevillelariviere.fr\/wp-content\/uploads\/2016\/05\/orchid-inconnue_5154.jpg\"><img loading=\"lazy\" decoding=\"async\" class=\" size-medium wp-image-1078 aligncenter\" src=\"http:\/\/www.abbevillelariviere.fr\/wp-content\/uploads\/2016\/05\/orchid-inconnue_5154-214x300.jpg\" alt=\"orchid-inconnue_5154\" width=\"214\" height=\"300\" srcset=\"https:\/\/www.abbevillelariviere.fr\/wp-content\/uploads\/2016\/05\/orchid-inconnue_5154-214x300.jpg 214w, https:\/\/www.abbevillelariviere.fr\/wp-content\/uploads\/2016\/05\/orchid-inconnue_5154-731x1024.jpg 731w, https:\/\/www.abbevillelariviere.fr\/wp-content\/uploads\/2016\/05\/orchid-inconnue_5154-600x840.jpg 600w, https:\/\/www.abbevillelariviere.fr\/wp-content\/uploads\/2016\/05\/orchid-inconnue_5154.jpg 1000w\" sizes=\"(max-width: 214px) 100vw, 214px\" \/><\/a><\/p>\n<p>&nbsp;<\/p>\n","protected":false},"excerpt":{"rendered":"<p>Elles sont belles, mais juste pour les yeux car aucune ne tient en vase et c&#8217;est bien difficile de les transplanter tant elles sont li\u00e9es \u00e0 leur biotope. Cliquer sur [&hellip;]<\/p>\n","protected":false},"author":4,"featured_media":1068,"comment_status":"closed","ping_status":"closed","sticky":false,"template":"","format":"standard","meta":{"site-sidebar-layout":"default","site-content-layout":"","ast-site-content-layout":"","site-content-style":"default","site-sidebar-style":"default","ast-global-header-display":"","ast-banner-title-visibility":"","ast-main-header-display":"","ast-hfb-above-header-display":"","ast-hfb-below-header-display":"","ast-hfb-mobile-header-display":"","site-post-title":"","ast-breadcrumbs-content":"","ast-featured-img":"","footer-sml-layout":"","theme-transparent-header-meta":"","adv-header-id-meta":"","stick-header-meta":"","header-above-stick-meta":"","header-main-stick-meta":"","header-below-stick-meta":"","astra-migrate-meta-layouts":"default","ast-page-background-enabled":"default","ast-page-background-meta":{"desktop":{"background-color":"var(--ast-global-color-4)","background-image":"","background-repeat":"repeat","background-position":"center center","background-size":"auto","background-attachment":"scroll","background-type":"","background-media":"","overlay-type":"","overlay-color":"","overlay-opacity":"","overlay-gradient":""},"tablet":{"background-color":"","background-image":"","background-repeat":"repeat","background-position":"center center","background-size":"auto","background-attachment":"scroll","background-type":"","background-media":"","overlay-type":"","overlay-color":"","overlay-opacity":"","overlay-gradient":""},"mobile":{"background-color":"","background-image":"","background-repeat":"repeat","background-position":"center center","background-size":"auto","background-attachment":"scroll","background-type":"","background-media":"","overlay-type":"","overlay-color":"","overlay-opacity":"","overlay-gradient":""}},"ast-content-background-meta":{"desktop":{"background-color":"var(--ast-global-color-5)","background-image":"","background-repeat":"repeat","background-position":"center center","background-size":"auto","background-attachment":"scroll","background-type":"","background-media":"","overlay-type":"","overlay-color":"","overlay-opacity":"","overlay-gradient":""},"tablet":{"background-color":"var(--ast-global-color-5)","background-image":"","background-repeat":"repeat","background-position":"center center","background-size":"auto","background-attachment":"scroll","background-type":"","background-media":"","overlay-type":"","overlay-color":"","overlay-opacity":"","overlay-gradient":""},"mobile":{"background-color":"var(--ast-global-color-5)","background-image":"","background-repeat":"repeat","background-position":"center center","background-size":"auto","background-attachment":"scroll","background-type":"","background-media":"","overlay-type":"","overlay-color":"","overlay-opacity":"","overlay-gradient":""}},"_EventAllDay":false,"_EventTimezone":"","_EventStartDate":"","_EventEndDate":"","_EventStartDateUTC":"","_EventEndDateUTC":"","_EventShowMap":false,"_EventShowMapLink":false,"_EventURL":"","_EventCost":"","_EventCostDescription":"","_EventCurrencySymbol":"","_EventCurrencyCode":"","_EventCurrencyPosition":"","_EventDateTimeSeparator":"","_EventTimeRangeSeparator":"","_EventOrganizerID":[],"_EventVenueID":[],"_OrganizerEmail":"","_OrganizerPhone":"","_OrganizerWebsite":"","_VenueAddress":"","_VenueCity":"","_VenueCountry":"","_VenueProvince":"","_VenueState":"","_VenueZip":"","_VenuePhone":"","_VenueURL":"","_VenueStateProvince":"","_VenueLat":"","_VenueLng":"","_VenueShowMap":false,"_VenueShowMapLink":false,"footnotes":""},"categories":[22],"tags":[51,54,56,57,53,52,58,55,48,46,50,59],"class_list":["post-1063","post","type-post","status-publish","format-standard","has-post-thumbnail","hentry","category-faune-et-flore","tag-andrena-nigroaenea","tag-epipactis-atrorubens","tag-epipactis-sanguine","tag-ophrys-apifera","tag-ophrys-araignee","tag-ophrys-singe","tag-ophrys-sphegodes","tag-orchidees-terrestres","tag-orchis-bouc","tag-orchis-purpurea","tag-orchis-pyramidal","tag-orchis-simia"],"_links":{"self":[{"href":"https:\/\/www.abbevillelariviere.fr\/index.php?rest_route=\/wp\/v2\/posts\/1063"}],"collection":[{"href":"https:\/\/www.abbevillelariviere.fr\/index.php?rest_route=\/wp\/v2\/posts"}],"about":[{"href":"https:\/\/www.abbevillelariviere.fr\/index.php?rest_route=\/wp\/v2\/types\/post"}],"author":[{"embeddable":true,"href":"https:\/\/www.abbevillelariviere.fr\/index.php?rest_route=\/wp\/v2\/users\/4"}],"replies":[{"embeddable":true,"href":"https:\/\/www.abbevillelariviere.fr\/index.php?rest_route=%2Fwp%2Fv2%2Fcomments&post=1063"}],"version-history":[{"count":5,"href":"https:\/\/www.abbevillelariviere.fr\/index.php?rest_route=\/wp\/v2\/posts\/1063\/revisions"}],"predecessor-version":[{"id":1080,"href":"https:\/\/www.abbevillelariviere.fr\/index.php?rest_route=\/wp\/v2\/posts\/1063\/revisions\/1080"}],"wp:featuredmedia":[{"embeddable":true,"href":"https:\/\/www.abbevillelariviere.fr\/index.php?rest_route=\/wp\/v2\/media\/1068"}],"wp:attachment":[{"href":"https:\/\/www.abbevillelariviere.fr\/index.php?rest_route=%2Fwp%2Fv2%2Fmedia&parent=1063"}],"wp:term":[{"taxonomy":"category","embeddable":true,"href":"https:\/\/www.abbevillelariviere.fr\/index.php?rest_route=%2Fwp%2Fv2%2Fcategories&post=1063"},{"taxonomy":"post_tag","embeddable":true,"href":"https:\/\/www.abbevillelariviere.fr\/index.php?rest_route=%2Fwp%2Fv2%2Ftags&post=1063"}],"curies":[{"name":"wp","href":"https:\/\/api.w.org\/{rel}","templated":true}]}}