{"id":1082,"date":"2016-05-22T13:47:26","date_gmt":"2016-05-22T13:47:26","guid":{"rendered":"http:\/\/www.abbevillelariviere.fr\/?p=1082"},"modified":"2016-05-22T13:47:26","modified_gmt":"2016-05-22T13:47:26","slug":"adele-verdoyante","status":"publish","type":"post","link":"https:\/\/www.abbevillelariviere.fr\/?p=1082","title":{"rendered":"Ad\u00e8le verdoyante"},"content":{"rendered":"<p style=\"text-align: justify;\">Il y a quelques jours, en me promenant dans les sentes, j&#8217;ai crois\u00e9 trois essaims d&#8217;Ad\u00e8les verdoyantes. Je me suis litt\u00e9ralement immerg\u00e9e dans un, les laissant m&#8217;effleurer ou mon objectif. Ce tout petit papillon (1,5 cm d&#8217;envergure pour moins de 2 cm de long)\u00a0peut \u00eatre observ\u00e9 d&#8217;avril \u00e0 mai, mais il n&#8217;y a qu&#8217;une seule g\u00e9n\u00e9ration par an et l&#8217;adulte ne vole qu&#8217;une quinzaine de jours.<br \/>\nLa chenille vit dans un fourreau construit dans un morceau de feuille.<br \/>\n<span style=\"color: #339966;\">Cliquer sur les photos pour les ouvrir. Fl\u00e8che Retour pour revenir en arri\u00e8re<\/span><\/p>\n<p style=\"text-align: justify;\"><a href=\"http:\/\/www.abbevillelariviere.fr\/wp-content\/uploads\/2016\/05\/pap-adel-verd-2.jpg\"><img loading=\"lazy\" decoding=\"async\" class=\" size-medium wp-image-1083 aligncenter\" src=\"http:\/\/www.abbevillelariviere.fr\/wp-content\/uploads\/2016\/05\/pap-adel-verd-2-300x214.jpg\" alt=\"pap-adel-verd-2\" width=\"300\" height=\"214\" srcset=\"https:\/\/www.abbevillelariviere.fr\/wp-content\/uploads\/2016\/05\/pap-adel-verd-2-300x214.jpg 300w, https:\/\/www.abbevillelariviere.fr\/wp-content\/uploads\/2016\/05\/pap-adel-verd-2-1024x731.jpg 1024w, https:\/\/www.abbevillelariviere.fr\/wp-content\/uploads\/2016\/05\/pap-adel-verd-2-600x429.jpg 600w, https:\/\/www.abbevillelariviere.fr\/wp-content\/uploads\/2016\/05\/pap-adel-verd-2.jpg 1400w\" sizes=\"(max-width: 300px) 100vw, 300px\" \/><\/a><br \/>\nLes antennes des m\u00e2les font environ cinq fois la longueur de leur corps.<br \/>\n<a href=\"http:\/\/www.abbevillelariviere.fr\/wp-content\/uploads\/2016\/05\/pap-adel-verd-3.jpg\"><img loading=\"lazy\" decoding=\"async\" class=\" size-medium wp-image-1085 aligncenter\" src=\"http:\/\/www.abbevillelariviere.fr\/wp-content\/uploads\/2016\/05\/pap-adel-verd-3-300x214.jpg\" alt=\"pap-adel-verd-3\" width=\"300\" height=\"214\" srcset=\"https:\/\/www.abbevillelariviere.fr\/wp-content\/uploads\/2016\/05\/pap-adel-verd-3-300x214.jpg 300w, https:\/\/www.abbevillelariviere.fr\/wp-content\/uploads\/2016\/05\/pap-adel-verd-3-1024x731.jpg 1024w, https:\/\/www.abbevillelariviere.fr\/wp-content\/uploads\/2016\/05\/pap-adel-verd-3-600x429.jpg 600w, https:\/\/www.abbevillelariviere.fr\/wp-content\/uploads\/2016\/05\/pap-adel-verd-3.jpg 1400w\" sizes=\"(max-width: 300px) 100vw, 300px\" \/><\/a><a href=\"http:\/\/www.abbevillelariviere.fr\/wp-content\/uploads\/2016\/05\/pap-adel-verd-4.jpg\"><img loading=\"lazy\" decoding=\"async\" class=\"alignnone size-medium wp-image-1086\" src=\"http:\/\/www.abbevillelariviere.fr\/wp-content\/uploads\/2016\/05\/pap-adel-verd-4-300x214.jpg\" alt=\"pap-adel-verd-4\" width=\"300\" height=\"214\" srcset=\"https:\/\/www.abbevillelariviere.fr\/wp-content\/uploads\/2016\/05\/pap-adel-verd-4-300x214.jpg 300w, https:\/\/www.abbevillelariviere.fr\/wp-content\/uploads\/2016\/05\/pap-adel-verd-4-1024x731.jpg 1024w, https:\/\/www.abbevillelariviere.fr\/wp-content\/uploads\/2016\/05\/pap-adel-verd-4-600x429.jpg 600w, https:\/\/www.abbevillelariviere.fr\/wp-content\/uploads\/2016\/05\/pap-adel-verd-4.jpg 1400w\" sizes=\"(max-width: 300px) 100vw, 300px\" \/><\/a><a href=\"http:\/\/www.abbevillelariviere.fr\/wp-content\/uploads\/2016\/05\/pap-adel-verd-3.jpg\"><br \/>\n<\/a><a href=\"http:\/\/www.abbevillelariviere.fr\/wp-content\/uploads\/2016\/05\/pap-adel-verd-5.jpg\"><img loading=\"lazy\" decoding=\"async\" class=\" size-medium wp-image-1087 aligncenter\" src=\"http:\/\/www.abbevillelariviere.fr\/wp-content\/uploads\/2016\/05\/pap-adel-verd-5-300x214.jpg\" alt=\"pap-adel-verd-5\" width=\"300\" height=\"214\" srcset=\"https:\/\/www.abbevillelariviere.fr\/wp-content\/uploads\/2016\/05\/pap-adel-verd-5-300x214.jpg 300w, https:\/\/www.abbevillelariviere.fr\/wp-content\/uploads\/2016\/05\/pap-adel-verd-5-1024x731.jpg 1024w, https:\/\/www.abbevillelariviere.fr\/wp-content\/uploads\/2016\/05\/pap-adel-verd-5-600x429.jpg 600w, https:\/\/www.abbevillelariviere.fr\/wp-content\/uploads\/2016\/05\/pap-adel-verd-5.jpg 1400w\" sizes=\"(max-width: 300px) 100vw, 300px\" \/><\/a>Ici, une mouche Empis (dite mouche \u00e0 trompe) s&#8217;appr\u00eate \u00e0 festoyer.<br \/>\n<a href=\"http:\/\/www.abbevillelariviere.fr\/wp-content\/uploads\/2016\/05\/pap-adele-verd.jpg\"><img loading=\"lazy\" decoding=\"async\" class=\"alignnone size-medium wp-image-1088\" src=\"http:\/\/www.abbevillelariviere.fr\/wp-content\/uploads\/2016\/05\/pap-adele-verd-300x214.jpg\" alt=\"pap-adele-verd\" width=\"300\" height=\"214\" srcset=\"https:\/\/www.abbevillelariviere.fr\/wp-content\/uploads\/2016\/05\/pap-adele-verd-300x214.jpg 300w, https:\/\/www.abbevillelariviere.fr\/wp-content\/uploads\/2016\/05\/pap-adele-verd-1024x731.jpg 1024w, https:\/\/www.abbevillelariviere.fr\/wp-content\/uploads\/2016\/05\/pap-adele-verd-600x429.jpg 600w, https:\/\/www.abbevillelariviere.fr\/wp-content\/uploads\/2016\/05\/pap-adele-verd.jpg 1400w\" sizes=\"(max-width: 300px) 100vw, 300px\" \/><\/a><\/p>\n","protected":false},"excerpt":{"rendered":"<p>Il y a quelques jours, en me promenant dans les sentes, j&#8217;ai crois\u00e9 trois essaims d&#8217;Ad\u00e8les verdoyantes. Je me suis litt\u00e9ralement immerg\u00e9e dans un, les laissant m&#8217;effleurer ou mon objectif. [&hellip;]<\/p>\n","protected":false},"author":4,"featured_media":1085,"comment_status":"closed","ping_status":"closed","sticky":false,"template":"","format":"standard","meta":{"site-sidebar-layout":"default","site-content-layout":"","ast-site-content-layout":"","site-content-style":"default","site-sidebar-style":"default","ast-global-header-display":"","ast-banner-title-visibility":"","ast-main-header-display":"","ast-hfb-above-header-display":"","ast-hfb-below-header-display":"","ast-hfb-mobile-header-display":"","site-post-title":"","ast-breadcrumbs-content":"","ast-featured-img":"","footer-sml-layout":"","theme-transparent-header-meta":"","adv-header-id-meta":"","stick-header-meta":"","header-above-stick-meta":"","header-main-stick-meta":"","header-below-stick-meta":"","astra-migrate-meta-layouts":"default","ast-page-background-enabled":"default","ast-page-background-meta":{"desktop":{"background-color":"var(--ast-global-color-4)","background-image":"","background-repeat":"repeat","background-position":"center center","background-size":"auto","background-attachment":"scroll","background-type":"","background-media":"","overlay-type":"","overlay-color":"","overlay-opacity":"","overlay-gradient":""},"tablet":{"background-color":"","background-image":"","background-repeat":"repeat","background-position":"center center","background-size":"auto","background-attachment":"scroll","background-type":"","background-media":"","overlay-type":"","overlay-color":"","overlay-opacity":"","overlay-gradient":""},"mobile":{"background-color":"","background-image":"","background-repeat":"repeat","background-position":"center center","background-size":"auto","background-attachment":"scroll","background-type":"","background-media":"","overlay-type":"","overlay-color":"","overlay-opacity":"","overlay-gradient":""}},"ast-content-background-meta":{"desktop":{"background-color":"var(--ast-global-color-5)","background-image":"","background-repeat":"repeat","background-position":"center center","background-size":"auto","background-attachment":"scroll","background-type":"","background-media":"","overlay-type":"","overlay-color":"","overlay-opacity":"","overlay-gradient":""},"tablet":{"background-color":"var(--ast-global-color-5)","background-image":"","background-repeat":"repeat","background-position":"center center","background-size":"auto","background-attachment":"scroll","background-type":"","background-media":"","overlay-type":"","overlay-color":"","overlay-opacity":"","overlay-gradient":""},"mobile":{"background-color":"var(--ast-global-color-5)","background-image":"","background-repeat":"repeat","background-position":"center center","background-size":"auto","background-attachment":"scroll","background-type":"","background-media":"","overlay-type":"","overlay-color":"","overlay-opacity":"","overlay-gradient":""}},"_EventAllDay":false,"_EventTimezone":"","_EventStartDate":"","_EventEndDate":"","_EventStartDateUTC":"","_EventEndDateUTC":"","_EventShowMap":false,"_EventShowMapLink":false,"_EventURL":"","_EventCost":"","_EventCostDescription":"","_EventCurrencySymbol":"","_EventCurrencyCode":"","_EventCurrencyPosition":"","_EventDateTimeSeparator":"","_EventTimeRangeSeparator":"","_EventOrganizerID":[],"_EventVenueID":[],"_OrganizerEmail":"","_OrganizerPhone":"","_OrganizerWebsite":"","_VenueAddress":"","_VenueCity":"","_VenueCountry":"","_VenueProvince":"","_VenueState":"","_VenueZip":"","_VenuePhone":"","_VenueURL":"","_VenueStateProvince":"","_VenueLat":"","_VenueLng":"","_VenueShowMap":false,"_VenueShowMapLink":false,"footnotes":""},"categories":[22],"tags":[61,60,63,62],"class_list":["post-1082","post","type-post","status-publish","format-standard","has-post-thumbnail","hentry","category-faune-et-flore","tag-adela-reaumurella","tag-adele-verdoyante","tag-empis","tag-parade-nuptiale"],"_links":{"self":[{"href":"https:\/\/www.abbevillelariviere.fr\/index.php?rest_route=\/wp\/v2\/posts\/1082"}],"collection":[{"href":"https:\/\/www.abbevillelariviere.fr\/index.php?rest_route=\/wp\/v2\/posts"}],"about":[{"href":"https:\/\/www.abbevillelariviere.fr\/index.php?rest_route=\/wp\/v2\/types\/post"}],"author":[{"embeddable":true,"href":"https:\/\/www.abbevillelariviere.fr\/index.php?rest_route=\/wp\/v2\/users\/4"}],"replies":[{"embeddable":true,"href":"https:\/\/www.abbevillelariviere.fr\/index.php?rest_route=%2Fwp%2Fv2%2Fcomments&post=1082"}],"version-history":[{"count":2,"href":"https:\/\/www.abbevillelariviere.fr\/index.php?rest_route=\/wp\/v2\/posts\/1082\/revisions"}],"predecessor-version":[{"id":1090,"href":"https:\/\/www.abbevillelariviere.fr\/index.php?rest_route=\/wp\/v2\/posts\/1082\/revisions\/1090"}],"wp:featuredmedia":[{"embeddable":true,"href":"https:\/\/www.abbevillelariviere.fr\/index.php?rest_route=\/wp\/v2\/media\/1085"}],"wp:attachment":[{"href":"https:\/\/www.abbevillelariviere.fr\/index.php?rest_route=%2Fwp%2Fv2%2Fmedia&parent=1082"}],"wp:term":[{"taxonomy":"category","embeddable":true,"href":"https:\/\/www.abbevillelariviere.fr\/index.php?rest_route=%2Fwp%2Fv2%2Fcategories&post=1082"},{"taxonomy":"post_tag","embeddable":true,"href":"https:\/\/www.abbevillelariviere.fr\/index.php?rest_route=%2Fwp%2Fv2%2Ftags&post=1082"}],"curies":[{"name":"wp","href":"https:\/\/api.w.org\/{rel}","templated":true}]}}