{"id":1117,"date":"2016-06-30T20:14:53","date_gmt":"2016-06-30T20:14:53","guid":{"rendered":"http:\/\/www.abbevillelariviere.fr\/?p=1117"},"modified":"2016-06-30T20:14:53","modified_gmt":"2016-06-30T20:14:53","slug":"quelques-papillons","status":"publish","type":"post","link":"https:\/\/www.abbevillelariviere.fr\/?p=1117","title":{"rendered":"Quelques papillons"},"content":{"rendered":"<p><span style=\"color: #ff0000;\">Le Flamb\u00e9<\/span><br \/>\n7 \u00e0 9 cm (la femelle est plus grande)<br \/>\n<a href=\"http:\/\/www.abbevillelariviere.fr\/wp-content\/uploads\/2016\/06\/pap-flambe-3.jpg\"><img loading=\"lazy\" decoding=\"async\" class=\" size-medium wp-image-1119 aligncenter\" src=\"http:\/\/www.abbevillelariviere.fr\/wp-content\/uploads\/2016\/06\/pap-flambe-3-300x240.jpg\" alt=\"pap-flambe-3\" width=\"300\" height=\"240\" srcset=\"https:\/\/www.abbevillelariviere.fr\/wp-content\/uploads\/2016\/06\/pap-flambe-3-300x240.jpg 300w, https:\/\/www.abbevillelariviere.fr\/wp-content\/uploads\/2016\/06\/pap-flambe-3-1024x819.jpg 1024w, https:\/\/www.abbevillelariviere.fr\/wp-content\/uploads\/2016\/06\/pap-flambe-3-600x480.jpg 600w, https:\/\/www.abbevillelariviere.fr\/wp-content\/uploads\/2016\/06\/pap-flambe-3.jpg 1388w\" sizes=\"(max-width: 300px) 100vw, 300px\" \/><\/a><br \/>\n<a href=\"http:\/\/www.abbevillelariviere.fr\/wp-content\/uploads\/2016\/06\/pap-flambe_2.jpg\"><img loading=\"lazy\" decoding=\"async\" class=\" size-medium wp-image-1120 alignright\" src=\"http:\/\/www.abbevillelariviere.fr\/wp-content\/uploads\/2016\/06\/pap-flambe_2-300x240.jpg\" alt=\"pap-flambe_2\" width=\"300\" height=\"240\" srcset=\"https:\/\/www.abbevillelariviere.fr\/wp-content\/uploads\/2016\/06\/pap-flambe_2-300x240.jpg 300w, https:\/\/www.abbevillelariviere.fr\/wp-content\/uploads\/2016\/06\/pap-flambe_2-1024x819.jpg 1024w, https:\/\/www.abbevillelariviere.fr\/wp-content\/uploads\/2016\/06\/pap-flambe_2-600x480.jpg 600w, https:\/\/www.abbevillelariviere.fr\/wp-content\/uploads\/2016\/06\/pap-flambe_2.jpg 1580w\" sizes=\"(max-width: 300px) 100vw, 300px\" \/><\/a><br \/>\n<a href=\"http:\/\/www.abbevillelariviere.fr\/wp-content\/uploads\/2016\/06\/pap-flambe-5.jpg\"><img loading=\"lazy\" decoding=\"async\" class=\"alignnone size-medium wp-image-1121\" src=\"http:\/\/www.abbevillelariviere.fr\/wp-content\/uploads\/2016\/06\/pap-flambe-5-300x240.jpg\" alt=\"pap-flambe-5\" width=\"300\" height=\"240\" srcset=\"https:\/\/www.abbevillelariviere.fr\/wp-content\/uploads\/2016\/06\/pap-flambe-5-300x240.jpg 300w, https:\/\/www.abbevillelariviere.fr\/wp-content\/uploads\/2016\/06\/pap-flambe-5-1024x820.jpg 1024w, https:\/\/www.abbevillelariviere.fr\/wp-content\/uploads\/2016\/06\/pap-flambe-5-600x480.jpg 600w, https:\/\/www.abbevillelariviere.fr\/wp-content\/uploads\/2016\/06\/pap-flambe-5.jpg 1603w\" sizes=\"(max-width: 300px) 100vw, 300px\" \/><\/a><\/p>\n<p><span style=\"color: #0000ff;\">Le Lambda<\/span><br \/>\nPapillon de nuit qui butine le jour, grand migrateur.<br \/>\n<a href=\"http:\/\/www.abbevillelariviere.fr\/wp-content\/uploads\/2016\/06\/pap-gamma-2.jpg\"><img loading=\"lazy\" decoding=\"async\" class=\"alignnone size-medium wp-image-1122\" src=\"http:\/\/www.abbevillelariviere.fr\/wp-content\/uploads\/2016\/06\/pap-gamma-2-300x240.jpg\" alt=\"pap-gamma-2\" width=\"300\" height=\"240\" srcset=\"https:\/\/www.abbevillelariviere.fr\/wp-content\/uploads\/2016\/06\/pap-gamma-2-300x240.jpg 300w, https:\/\/www.abbevillelariviere.fr\/wp-content\/uploads\/2016\/06\/pap-gamma-2-600x480.jpg 600w, https:\/\/www.abbevillelariviere.fr\/wp-content\/uploads\/2016\/06\/pap-gamma-2.jpg 984w\" sizes=\"(max-width: 300px) 100vw, 300px\" \/><br \/>\n<\/a><a href=\"http:\/\/www.abbevillelariviere.fr\/wp-content\/uploads\/2016\/06\/pap-gamma-4.jpg\"><img loading=\"lazy\" decoding=\"async\" class=\" size-medium wp-image-1123 aligncenter\" src=\"http:\/\/www.abbevillelariviere.fr\/wp-content\/uploads\/2016\/06\/pap-gamma-4-300x214.jpg\" alt=\"pap-gamma-4\" width=\"300\" height=\"214\" srcset=\"https:\/\/www.abbevillelariviere.fr\/wp-content\/uploads\/2016\/06\/pap-gamma-4-300x214.jpg 300w, https:\/\/www.abbevillelariviere.fr\/wp-content\/uploads\/2016\/06\/pap-gamma-4-1024x731.jpg 1024w, https:\/\/www.abbevillelariviere.fr\/wp-content\/uploads\/2016\/06\/pap-gamma-4-600x428.jpg 600w, https:\/\/www.abbevillelariviere.fr\/wp-content\/uploads\/2016\/06\/pap-gamma-4.jpg 1146w\" sizes=\"(max-width: 300px) 100vw, 300px\" \/><\/a><a href=\"http:\/\/www.abbevillelariviere.fr\/wp-content\/uploads\/2016\/06\/pap-gamma-2.jpg\"><br \/>\n<\/a><a href=\"http:\/\/www.abbevillelariviere.fr\/wp-content\/uploads\/2016\/06\/pap-gamma.jpg\"><img loading=\"lazy\" decoding=\"async\" class=\"alignnone size-medium wp-image-1124\" src=\"http:\/\/www.abbevillelariviere.fr\/wp-content\/uploads\/2016\/06\/pap-gamma-300x214.jpg\" alt=\"pap-gamma\" width=\"300\" height=\"214\" srcset=\"https:\/\/www.abbevillelariviere.fr\/wp-content\/uploads\/2016\/06\/pap-gamma-300x214.jpg 300w, https:\/\/www.abbevillelariviere.fr\/wp-content\/uploads\/2016\/06\/pap-gamma-1024x732.jpg 1024w, https:\/\/www.abbevillelariviere.fr\/wp-content\/uploads\/2016\/06\/pap-gamma-600x429.jpg 600w, https:\/\/www.abbevillelariviere.fr\/wp-content\/uploads\/2016\/06\/pap-gamma.jpg 1345w\" sizes=\"(max-width: 300px) 100vw, 300px\" \/><\/a><\/p>\n<p><span style=\"color: #993300;\">Le Vulcain<br \/>\n<a href=\"http:\/\/www.abbevillelariviere.fr\/wp-content\/uploads\/2016\/06\/pap-vulcain-2.jpg\"><img loading=\"lazy\" decoding=\"async\" class=\" size-medium wp-image-1126 alignright\" src=\"http:\/\/www.abbevillelariviere.fr\/wp-content\/uploads\/2016\/06\/pap-vulcain-2-300x214.jpg\" alt=\"pap-vulcain-2\" width=\"300\" height=\"214\" srcset=\"https:\/\/www.abbevillelariviere.fr\/wp-content\/uploads\/2016\/06\/pap-vulcain-2-300x214.jpg 300w, https:\/\/www.abbevillelariviere.fr\/wp-content\/uploads\/2016\/06\/pap-vulcain-2-1024x731.jpg 1024w, https:\/\/www.abbevillelariviere.fr\/wp-content\/uploads\/2016\/06\/pap-vulcain-2-600x428.jpg 600w, https:\/\/www.abbevillelariviere.fr\/wp-content\/uploads\/2016\/06\/pap-vulcain-2.jpg 1600w\" sizes=\"(max-width: 300px) 100vw, 300px\" \/><\/a><br \/>\n<a href=\"http:\/\/www.abbevillelariviere.fr\/wp-content\/uploads\/2016\/06\/pap-vulcain.jpg\"><img loading=\"lazy\" decoding=\"async\" class=\"alignnone size-medium wp-image-1127\" src=\"http:\/\/www.abbevillelariviere.fr\/wp-content\/uploads\/2016\/06\/pap-vulcain-300x214.jpg\" alt=\"pap-vulcain\" width=\"300\" height=\"214\" srcset=\"https:\/\/www.abbevillelariviere.fr\/wp-content\/uploads\/2016\/06\/pap-vulcain-300x214.jpg 300w, https:\/\/www.abbevillelariviere.fr\/wp-content\/uploads\/2016\/06\/pap-vulcain-1024x731.jpg 1024w, https:\/\/www.abbevillelariviere.fr\/wp-content\/uploads\/2016\/06\/pap-vulcain-600x428.jpg 600w, https:\/\/www.abbevillelariviere.fr\/wp-content\/uploads\/2016\/06\/pap-vulcain.jpg 1600w\" sizes=\"(max-width: 300px) 100vw, 300px\" \/><\/a><br \/>\n<\/span><\/p>\n<p>&nbsp;<\/p>\n<p>Savez-vous que la biodiversit\u00e9 v\u00e9g\u00e9tale a diminu\u00e9 de 20% en sept ans et celle des papillons de 18% en dix ans, en milieu agricole\u00a0 en \u00cele de France (<em>Natureparif, rapport officiel pour 2015<\/em>) ?<br \/>\nAussi, les observer dans mon jardin est \u00e0 la fois un ravissement et un pincement au c\u0153ur.<\/p>\n","protected":false},"excerpt":{"rendered":"<p>Le Flamb\u00e9 7 \u00e0 9 cm (la femelle est plus grande) Le Lambda Papillon de nuit qui butine le jour, grand migrateur. Le Vulcain &nbsp; Savez-vous que la biodiversit\u00e9 v\u00e9g\u00e9tale [&hellip;]<\/p>\n","protected":false},"author":4,"featured_media":1121,"comment_status":"closed","ping_status":"closed","sticky":false,"template":"","format":"standard","meta":{"site-sidebar-layout":"default","site-content-layout":"","ast-site-content-layout":"","site-content-style":"default","site-sidebar-style":"default","ast-global-header-display":"","ast-banner-title-visibility":"","ast-main-header-display":"","ast-hfb-above-header-display":"","ast-hfb-below-header-display":"","ast-hfb-mobile-header-display":"","site-post-title":"","ast-breadcrumbs-content":"","ast-featured-img":"","footer-sml-layout":"","theme-transparent-header-meta":"","adv-header-id-meta":"","stick-header-meta":"","header-above-stick-meta":"","header-main-stick-meta":"","header-below-stick-meta":"","astra-migrate-meta-layouts":"default","ast-page-background-enabled":"default","ast-page-background-meta":{"desktop":{"background-color":"var(--ast-global-color-4)","background-image":"","background-repeat":"repeat","background-position":"center center","background-size":"auto","background-attachment":"scroll","background-type":"","background-media":"","overlay-type":"","overlay-color":"","overlay-opacity":"","overlay-gradient":""},"tablet":{"background-color":"","background-image":"","background-repeat":"repeat","background-position":"center center","background-size":"auto","background-attachment":"scroll","background-type":"","background-media":"","overlay-type":"","overlay-color":"","overlay-opacity":"","overlay-gradient":""},"mobile":{"background-color":"","background-image":"","background-repeat":"repeat","background-position":"center center","background-size":"auto","background-attachment":"scroll","background-type":"","background-media":"","overlay-type":"","overlay-color":"","overlay-opacity":"","overlay-gradient":""}},"ast-content-background-meta":{"desktop":{"background-color":"var(--ast-global-color-5)","background-image":"","background-repeat":"repeat","background-position":"center center","background-size":"auto","background-attachment":"scroll","background-type":"","background-media":"","overlay-type":"","overlay-color":"","overlay-opacity":"","overlay-gradient":""},"tablet":{"background-color":"var(--ast-global-color-5)","background-image":"","background-repeat":"repeat","background-position":"center center","background-size":"auto","background-attachment":"scroll","background-type":"","background-media":"","overlay-type":"","overlay-color":"","overlay-opacity":"","overlay-gradient":""},"mobile":{"background-color":"var(--ast-global-color-5)","background-image":"","background-repeat":"repeat","background-position":"center center","background-size":"auto","background-attachment":"scroll","background-type":"","background-media":"","overlay-type":"","overlay-color":"","overlay-opacity":"","overlay-gradient":""}},"_EventAllDay":false,"_EventTimezone":"","_EventStartDate":"","_EventEndDate":"","_EventStartDateUTC":"","_EventEndDateUTC":"","_EventShowMap":false,"_EventShowMapLink":false,"_EventURL":"","_EventCost":"","_EventCostDescription":"","_EventCurrencySymbol":"","_EventCurrencyCode":"","_EventCurrencyPosition":"","_EventDateTimeSeparator":"","_EventTimeRangeSeparator":"","_EventOrganizerID":[],"_EventVenueID":[],"_OrganizerEmail":"","_OrganizerPhone":"","_OrganizerWebsite":"","_VenueAddress":"","_VenueCity":"","_VenueCountry":"","_VenueProvince":"","_VenueState":"","_VenueZip":"","_VenuePhone":"","_VenueURL":"","_VenueStateProvince":"","_VenueLat":"","_VenueLng":"","_VenueShowMap":false,"_VenueShowMapLink":false,"footnotes":""},"categories":[22],"tags":[73,74,75,76,77],"class_list":["post-1117","post","type-post","status-publish","format-standard","has-post-thumbnail","hentry","category-faune-et-flore","tag-flambe-iphiclides-podalirius","tag-gamma-autographa-gamma","tag-lambda-autographa-gamma","tag-natureparif-2015","tag-rarefaction-papillons"],"_links":{"self":[{"href":"https:\/\/www.abbevillelariviere.fr\/index.php?rest_route=\/wp\/v2\/posts\/1117"}],"collection":[{"href":"https:\/\/www.abbevillelariviere.fr\/index.php?rest_route=\/wp\/v2\/posts"}],"about":[{"href":"https:\/\/www.abbevillelariviere.fr\/index.php?rest_route=\/wp\/v2\/types\/post"}],"author":[{"embeddable":true,"href":"https:\/\/www.abbevillelariviere.fr\/index.php?rest_route=\/wp\/v2\/users\/4"}],"replies":[{"embeddable":true,"href":"https:\/\/www.abbevillelariviere.fr\/index.php?rest_route=%2Fwp%2Fv2%2Fcomments&post=1117"}],"version-history":[{"count":4,"href":"https:\/\/www.abbevillelariviere.fr\/index.php?rest_route=\/wp\/v2\/posts\/1117\/revisions"}],"predecessor-version":[{"id":1142,"href":"https:\/\/www.abbevillelariviere.fr\/index.php?rest_route=\/wp\/v2\/posts\/1117\/revisions\/1142"}],"wp:featuredmedia":[{"embeddable":true,"href":"https:\/\/www.abbevillelariviere.fr\/index.php?rest_route=\/wp\/v2\/media\/1121"}],"wp:attachment":[{"href":"https:\/\/www.abbevillelariviere.fr\/index.php?rest_route=%2Fwp%2Fv2%2Fmedia&parent=1117"}],"wp:term":[{"taxonomy":"category","embeddable":true,"href":"https:\/\/www.abbevillelariviere.fr\/index.php?rest_route=%2Fwp%2Fv2%2Fcategories&post=1117"},{"taxonomy":"post_tag","embeddable":true,"href":"https:\/\/www.abbevillelariviere.fr\/index.php?rest_route=%2Fwp%2Fv2%2Ftags&post=1117"}],"curies":[{"name":"wp","href":"https:\/\/api.w.org\/{rel}","templated":true}]}}