{"id":1170,"date":"2016-07-18T19:39:41","date_gmt":"2016-07-18T19:39:41","guid":{"rendered":"http:\/\/www.abbevillelariviere.fr\/?p=1170"},"modified":"2016-07-18T19:39:41","modified_gmt":"2016-07-18T19:39:41","slug":"les-syrphes","status":"publish","type":"post","link":"https:\/\/www.abbevillelariviere.fr\/?p=1170","title":{"rendered":"Les syrphes"},"content":{"rendered":"<p>Les syrphes appartiennent \u00e0 l&#8217;ordre des dipt\u00e8res, c&#8217;est-\u00e0-dire des mouches.<br \/>\n<a href=\"http:\/\/www.abbevillelariviere.fr\/wp-content\/uploads\/2016\/07\/syrph-ceinture_0712.jpg\"><img loading=\"lazy\" decoding=\"async\" class=\"alignnone size-medium wp-image-1171\" src=\"http:\/\/www.abbevillelariviere.fr\/wp-content\/uploads\/2016\/07\/syrph-ceinture_0712-300x300.jpg\" alt=\"syrph-ceinture_0712\" width=\"300\" height=\"300\" srcset=\"https:\/\/www.abbevillelariviere.fr\/wp-content\/uploads\/2016\/07\/syrph-ceinture_0712-300x300.jpg 300w, https:\/\/www.abbevillelariviere.fr\/wp-content\/uploads\/2016\/07\/syrph-ceinture_0712-150x150.jpg 150w, https:\/\/www.abbevillelariviere.fr\/wp-content\/uploads\/2016\/07\/syrph-ceinture_0712-1024x1024.jpg 1024w, https:\/\/www.abbevillelariviere.fr\/wp-content\/uploads\/2016\/07\/syrph-ceinture_0712-600x600.jpg 600w, https:\/\/www.abbevillelariviere.fr\/wp-content\/uploads\/2016\/07\/syrph-ceinture_0712-50x50.jpg 50w, https:\/\/www.abbevillelariviere.fr\/wp-content\/uploads\/2016\/07\/syrph-ceinture_0712.jpg 1500w\" sizes=\"(max-width: 300px) 100vw, 300px\" \/><\/a><br \/>\nSyrphe <span style=\"color: #ff00ff;\">ceintur\u00e9<\/span>, le plus courant dans nos jardins.<\/p>\n<p>Il en existe environ 500 esp\u00e8ces en France.<br \/>\n<a href=\"http:\/\/www.abbevillelariviere.fr\/wp-content\/uploads\/2016\/07\/syrph-chrysotoxum-cautum_5099.jpg\"><img loading=\"lazy\" decoding=\"async\" class=\"alignnone size-medium wp-image-1172\" src=\"http:\/\/www.abbevillelariviere.fr\/wp-content\/uploads\/2016\/07\/syrph-chrysotoxum-cautum_5099-300x300.jpg\" alt=\"syrph-chrysotoxum-cautum_5099\" width=\"300\" height=\"300\" srcset=\"https:\/\/www.abbevillelariviere.fr\/wp-content\/uploads\/2016\/07\/syrph-chrysotoxum-cautum_5099-300x300.jpg 300w, https:\/\/www.abbevillelariviere.fr\/wp-content\/uploads\/2016\/07\/syrph-chrysotoxum-cautum_5099-150x150.jpg 150w, https:\/\/www.abbevillelariviere.fr\/wp-content\/uploads\/2016\/07\/syrph-chrysotoxum-cautum_5099-1024x1024.jpg 1024w, https:\/\/www.abbevillelariviere.fr\/wp-content\/uploads\/2016\/07\/syrph-chrysotoxum-cautum_5099-600x600.jpg 600w, https:\/\/www.abbevillelariviere.fr\/wp-content\/uploads\/2016\/07\/syrph-chrysotoxum-cautum_5099-50x50.jpg 50w, https:\/\/www.abbevillelariviere.fr\/wp-content\/uploads\/2016\/07\/syrph-chrysotoxum-cautum_5099.jpg 1500w\" sizes=\"(max-width: 300px) 100vw, 300px\" \/><\/a><br \/>\nSyrphe <span style=\"color: #666699;\">Chrysotoxum cautum<\/span><\/p>\n<p>Ce sont de grands pollinisateurs et de pr\u00e9cieux auxiliaires dans la lutte biologique contre les pucerons (au stade larvaire, ils peuvent en tuer jusqu&#8217;\u00e0 300\u00a0 en une nuit, mais n&#8217;en mangent que 30 \u00e0 40).<br \/>\n<a href=\"http:\/\/www.abbevillelariviere.fr\/wp-content\/uploads\/2016\/07\/syrph-pipiza-noctiluca_5247.jpg\"><img loading=\"lazy\" decoding=\"async\" class=\"alignnone size-medium wp-image-1173\" src=\"http:\/\/www.abbevillelariviere.fr\/wp-content\/uploads\/2016\/07\/syrph-pipiza-noctiluca_5247-300x214.jpg\" alt=\"syrph-pipiza-noctiluca_5247\" width=\"300\" height=\"214\" srcset=\"https:\/\/www.abbevillelariviere.fr\/wp-content\/uploads\/2016\/07\/syrph-pipiza-noctiluca_5247-300x214.jpg 300w, https:\/\/www.abbevillelariviere.fr\/wp-content\/uploads\/2016\/07\/syrph-pipiza-noctiluca_5247-1024x731.jpg 1024w, https:\/\/www.abbevillelariviere.fr\/wp-content\/uploads\/2016\/07\/syrph-pipiza-noctiluca_5247-600x428.jpg 600w, https:\/\/www.abbevillelariviere.fr\/wp-content\/uploads\/2016\/07\/syrph-pipiza-noctiluca_5247.jpg 1500w\" sizes=\"(max-width: 300px) 100vw, 300px\" \/><\/a><br \/>\nSyrphe <span style=\"color: #800080;\">Pipiza noctiluca<\/span><\/p>\n<p>Ils arborent les couleurs des abeilles ou des gu\u00eapes, mais sont totalement inoffensifs (d\u00e9pourvus de dard).<br \/>\n<a href=\"http:\/\/www.abbevillelariviere.fr\/wp-content\/uploads\/2016\/07\/syrph-helophilus-pendulus_8763.jpg\"><img loading=\"lazy\" decoding=\"async\" class=\"alignnone size-medium wp-image-1174\" src=\"http:\/\/www.abbevillelariviere.fr\/wp-content\/uploads\/2016\/07\/syrph-helophilus-pendulus_8763-300x214.jpg\" alt=\"syrph-helophilus-pendulus_8763\" width=\"300\" height=\"214\" srcset=\"https:\/\/www.abbevillelariviere.fr\/wp-content\/uploads\/2016\/07\/syrph-helophilus-pendulus_8763-300x214.jpg 300w, https:\/\/www.abbevillelariviere.fr\/wp-content\/uploads\/2016\/07\/syrph-helophilus-pendulus_8763-1024x732.jpg 1024w, https:\/\/www.abbevillelariviere.fr\/wp-content\/uploads\/2016\/07\/syrph-helophilus-pendulus_8763-600x429.jpg 600w, https:\/\/www.abbevillelariviere.fr\/wp-content\/uploads\/2016\/07\/syrph-helophilus-pendulus_8763.jpg 1100w\" sizes=\"(max-width: 300px) 100vw, 300px\" \/><\/a><br \/>\nSyrphe <span style=\"color: #0000ff;\">H\u00e9lophilus pendulus<\/span><\/p>\n<p>Le syrphe peut vivre trois ans.<br \/>\n<a href=\"http:\/\/www.abbevillelariviere.fr\/wp-content\/uploads\/2016\/07\/syrph-ferdinendea-cuprea_1206.jpg\"><img loading=\"lazy\" decoding=\"async\" class=\"alignnone size-medium wp-image-1175\" src=\"http:\/\/www.abbevillelariviere.fr\/wp-content\/uploads\/2016\/07\/syrph-ferdinendea-cuprea_1206-300x240.jpg\" alt=\"syrph-ferdinendea-cuprea_1206\" width=\"300\" height=\"240\" srcset=\"https:\/\/www.abbevillelariviere.fr\/wp-content\/uploads\/2016\/07\/syrph-ferdinendea-cuprea_1206-300x240.jpg 300w, https:\/\/www.abbevillelariviere.fr\/wp-content\/uploads\/2016\/07\/syrph-ferdinendea-cuprea_1206-1024x819.jpg 1024w, https:\/\/www.abbevillelariviere.fr\/wp-content\/uploads\/2016\/07\/syrph-ferdinendea-cuprea_1206-600x480.jpg 600w, https:\/\/www.abbevillelariviere.fr\/wp-content\/uploads\/2016\/07\/syrph-ferdinendea-cuprea_1206.jpg 1227w\" sizes=\"(max-width: 300px) 100vw, 300px\" \/><\/a><br \/>\nSyrphe <span style=\"color: #ffcc00;\">Ferdinendea cuprea<\/span><\/p>\n<p>&nbsp;<\/p>\n<p>On distingue facilement les m\u00e2les des femelles gr\u00e2ce \u00e0 leurs yeux : accol\u00e9s chez le m\u00e2le, s\u00e9par\u00e9s chez la femelle.<br \/>\n<a href=\"http:\/\/www.abbevillelariviere.fr\/wp-content\/uploads\/2016\/07\/syrph-baccha-elongata_5229.jpg\"><img loading=\"lazy\" decoding=\"async\" class=\"alignnone size-medium wp-image-1176\" src=\"http:\/\/www.abbevillelariviere.fr\/wp-content\/uploads\/2016\/07\/syrph-baccha-elongata_5229-214x300.jpg\" alt=\"syrph-baccha-elongata_5229\" width=\"214\" height=\"300\" srcset=\"https:\/\/www.abbevillelariviere.fr\/wp-content\/uploads\/2016\/07\/syrph-baccha-elongata_5229-214x300.jpg 214w, https:\/\/www.abbevillelariviere.fr\/wp-content\/uploads\/2016\/07\/syrph-baccha-elongata_5229-731x1024.jpg 731w, https:\/\/www.abbevillelariviere.fr\/wp-content\/uploads\/2016\/07\/syrph-baccha-elongata_5229-600x840.jpg 600w, https:\/\/www.abbevillelariviere.fr\/wp-content\/uploads\/2016\/07\/syrph-baccha-elongata_5229.jpg 1000w\" sizes=\"(max-width: 214px) 100vw, 214px\" \/><\/a><br \/>\nSyrphe <span style=\"color: #008000;\">Baccha elongata<\/span><\/p>\n<p>&nbsp;<\/p>\n<p style=\"text-align: left;\"><a href=\"http:\/\/www.abbevillelariviere.fr\/wp-content\/uploads\/2016\/07\/syrphe-xylota-segnis_0189.jpg\"><img loading=\"lazy\" decoding=\"async\" class=\"alignnone size-medium wp-image-1177\" src=\"http:\/\/www.abbevillelariviere.fr\/wp-content\/uploads\/2016\/07\/syrphe-xylota-segnis_0189-300x214.jpg\" alt=\"syrphe-xylota-segnis_0189\" width=\"300\" height=\"214\" srcset=\"https:\/\/www.abbevillelariviere.fr\/wp-content\/uploads\/2016\/07\/syrphe-xylota-segnis_0189-300x214.jpg 300w, https:\/\/www.abbevillelariviere.fr\/wp-content\/uploads\/2016\/07\/syrphe-xylota-segnis_0189-1024x731.jpg 1024w, https:\/\/www.abbevillelariviere.fr\/wp-content\/uploads\/2016\/07\/syrphe-xylota-segnis_0189-600x428.jpg 600w, https:\/\/www.abbevillelariviere.fr\/wp-content\/uploads\/2016\/07\/syrphe-xylota-segnis_0189.jpg 1500w\" sizes=\"(max-width: 300px) 100vw, 300px\" \/><br \/>\n<span style=\"color: #993300;\">Xylota segnis<\/span><\/a><\/p>\n<p style=\"text-align: left;\">\n<p style=\"text-align: left;\">\n<a href=\"http:\/\/www.abbevillelariviere.fr\/wp-content\/uploads\/2016\/07\/syrph-porte-pl_8398.jpg\"><img loading=\"lazy\" decoding=\"async\" class=\" size-medium wp-image-1179 aligncenter\" src=\"http:\/\/www.abbevillelariviere.fr\/wp-content\/uploads\/2016\/07\/syrph-porte-pl_8398-300x240.jpg\" alt=\"syrph-porte-pl_8398\" width=\"300\" height=\"240\" srcset=\"https:\/\/www.abbevillelariviere.fr\/wp-content\/uploads\/2016\/07\/syrph-porte-pl_8398-300x240.jpg 300w, https:\/\/www.abbevillelariviere.fr\/wp-content\/uploads\/2016\/07\/syrph-porte-pl_8398-1024x819.jpg 1024w, https:\/\/www.abbevillelariviere.fr\/wp-content\/uploads\/2016\/07\/syrph-porte-pl_8398-600x480.jpg 600w, https:\/\/www.abbevillelariviere.fr\/wp-content\/uploads\/2016\/07\/syrph-porte-pl_8398.jpg 1264w\" sizes=\"(max-width: 300px) 100vw, 300px\" \/><br \/>\n<\/a><a href=\"http:\/\/www.abbevillelariviere.fr\/wp-content\/uploads\/2016\/07\/syrph-porte-pl_8489.jpg\"><img loading=\"lazy\" decoding=\"async\" class=\" size-medium wp-image-1180 alignright\" src=\"http:\/\/www.abbevillelariviere.fr\/wp-content\/uploads\/2016\/07\/syrph-porte-pl_8489-300x240.jpg\" alt=\"syrph-porte-pl_8489\" width=\"300\" height=\"240\" srcset=\"https:\/\/www.abbevillelariviere.fr\/wp-content\/uploads\/2016\/07\/syrph-porte-pl_8489-300x240.jpg 300w, https:\/\/www.abbevillelariviere.fr\/wp-content\/uploads\/2016\/07\/syrph-porte-pl_8489-1024x819.jpg 1024w, https:\/\/www.abbevillelariviere.fr\/wp-content\/uploads\/2016\/07\/syrph-porte-pl_8489-600x480.jpg 600w, https:\/\/www.abbevillelariviere.fr\/wp-content\/uploads\/2016\/07\/syrph-porte-pl_8489.jpg 1415w\" sizes=\"(max-width: 300px) 100vw, 300px\" \/><\/a><a href=\"http:\/\/www.abbevillelariviere.fr\/wp-content\/uploads\/2016\/07\/syrph-porte-pl_8398.jpg\"><br \/>\n<span style=\"color: #000000;\">Syrphes <span style=\"color: #ff0000;\">porte-plume<\/span><\/span><\/a><\/p>\n<p>&nbsp;<\/p>\n<p style=\"text-align: left;\">\n<p style=\"text-align: left;\">\n<p style=\"text-align: left;\">\n<p style=\"text-align: left;\">\n<p style=\"text-align: left;\">\n<p style=\"text-align: left;\">\u00a0<a href=\"http:\/\/www.abbevillelariviere.fr\/wp-content\/uploads\/2016\/07\/syrph-Scaeva-pyrastri.jpg\"><img loading=\"lazy\" decoding=\"async\" class=\"alignnone size-medium wp-image-1182\" src=\"http:\/\/www.abbevillelariviere.fr\/wp-content\/uploads\/2016\/07\/syrph-Scaeva-pyrastri-300x300.jpg\" alt=\"syrph Scaeva pyrastri\" width=\"300\" height=\"300\" srcset=\"https:\/\/www.abbevillelariviere.fr\/wp-content\/uploads\/2016\/07\/syrph-Scaeva-pyrastri-300x300.jpg 300w, https:\/\/www.abbevillelariviere.fr\/wp-content\/uploads\/2016\/07\/syrph-Scaeva-pyrastri-150x150.jpg 150w, https:\/\/www.abbevillelariviere.fr\/wp-content\/uploads\/2016\/07\/syrph-Scaeva-pyrastri-1024x1024.jpg 1024w, https:\/\/www.abbevillelariviere.fr\/wp-content\/uploads\/2016\/07\/syrph-Scaeva-pyrastri-600x600.jpg 600w, https:\/\/www.abbevillelariviere.fr\/wp-content\/uploads\/2016\/07\/syrph-Scaeva-pyrastri-50x50.jpg 50w, https:\/\/www.abbevillelariviere.fr\/wp-content\/uploads\/2016\/07\/syrph-Scaeva-pyrastri.jpg 1500w\" sizes=\"(max-width: 300px) 100vw, 300px\" \/><\/p>\n<p><span style=\"color: #000000;\">Syrphe <span style=\"color: #ff9900;\">Scaeva pyrastri<\/span><\/span><\/a><\/p>\n<p style=\"text-align: left;\">\n<p style=\"text-align: left;\">\n<p style=\"text-align: left;\">\n<a href=\"http:\/\/www.abbevillelariviere.fr\/wp-content\/uploads\/2016\/07\/syrph-cheilosia-chrysocoma_2308.jpg\"><img loading=\"lazy\" decoding=\"async\" class=\" size-medium wp-image-1183 aligncenter\" src=\"http:\/\/www.abbevillelariviere.fr\/wp-content\/uploads\/2016\/07\/syrph-cheilosia-chrysocoma_2308-300x300.jpg\" alt=\"syrph-cheilosia-chrysocoma_2308\" width=\"300\" height=\"300\" srcset=\"https:\/\/www.abbevillelariviere.fr\/wp-content\/uploads\/2016\/07\/syrph-cheilosia-chrysocoma_2308-300x300.jpg 300w, https:\/\/www.abbevillelariviere.fr\/wp-content\/uploads\/2016\/07\/syrph-cheilosia-chrysocoma_2308-150x150.jpg 150w, https:\/\/www.abbevillelariviere.fr\/wp-content\/uploads\/2016\/07\/syrph-cheilosia-chrysocoma_2308-1024x1024.jpg 1024w, https:\/\/www.abbevillelariviere.fr\/wp-content\/uploads\/2016\/07\/syrph-cheilosia-chrysocoma_2308-600x600.jpg 600w, https:\/\/www.abbevillelariviere.fr\/wp-content\/uploads\/2016\/07\/syrph-cheilosia-chrysocoma_2308-50x50.jpg 50w, https:\/\/www.abbevillelariviere.fr\/wp-content\/uploads\/2016\/07\/syrph-cheilosia-chrysocoma_2308.jpg 1365w\" sizes=\"(max-width: 300px) 100vw, 300px\" \/><\/a><span style=\"color: #800000;\">Cheilosia chrysocoma<\/span><\/p>\n<p style=\"text-align: left;\">\n<a href=\"http:\/\/www.abbevillelariviere.fr\/wp-content\/uploads\/2016\/07\/syrph-eristale-arbustorum_9139.jpg\"><img loading=\"lazy\" decoding=\"async\" class=\" size-medium wp-image-1184 aligncenter\" src=\"http:\/\/www.abbevillelariviere.fr\/wp-content\/uploads\/2016\/07\/syrph-eristale-arbustorum_9139-300x214.jpg\" alt=\"syrph-eristale-arbustorum_9139\" width=\"300\" height=\"214\" srcset=\"https:\/\/www.abbevillelariviere.fr\/wp-content\/uploads\/2016\/07\/syrph-eristale-arbustorum_9139-300x214.jpg 300w, https:\/\/www.abbevillelariviere.fr\/wp-content\/uploads\/2016\/07\/syrph-eristale-arbustorum_9139-1024x731.jpg 1024w, https:\/\/www.abbevillelariviere.fr\/wp-content\/uploads\/2016\/07\/syrph-eristale-arbustorum_9139-600x428.jpg 600w, https:\/\/www.abbevillelariviere.fr\/wp-content\/uploads\/2016\/07\/syrph-eristale-arbustorum_9139.jpg 1500w\" sizes=\"(max-width: 300px) 100vw, 300px\" \/><\/a>Syrphe <span style=\"color: #003300;\">Eristale arbustorum<\/span><\/p>\n<p style=\"text-align: left;\">\n<p style=\"text-align: left;\">\n<p style=\"text-align: left;\"><a href=\"http:\/\/www.abbevillelariviere.fr\/wp-content\/uploads\/2016\/07\/syrphe_5582.jpg\"><img loading=\"lazy\" decoding=\"async\" class=\" size-medium wp-image-1185 alignnone\" src=\"http:\/\/www.abbevillelariviere.fr\/wp-content\/uploads\/2016\/07\/syrphe_5582-300x214.jpg\" alt=\"syrphe_5582\" width=\"300\" height=\"214\" srcset=\"https:\/\/www.abbevillelariviere.fr\/wp-content\/uploads\/2016\/07\/syrphe_5582-300x214.jpg 300w, https:\/\/www.abbevillelariviere.fr\/wp-content\/uploads\/2016\/07\/syrphe_5582-1024x731.jpg 1024w, https:\/\/www.abbevillelariviere.fr\/wp-content\/uploads\/2016\/07\/syrphe_5582-600x428.jpg 600w, https:\/\/www.abbevillelariviere.fr\/wp-content\/uploads\/2016\/07\/syrphe_5582.jpg 1500w\" sizes=\"(max-width: 300px) 100vw, 300px\" \/><\/a><\/p>\n<p style=\"text-align: left;\">\n<p style=\"text-align: left;\">\n","protected":false},"excerpt":{"rendered":"<p>Les syrphes appartiennent \u00e0 l&#8217;ordre des dipt\u00e8res, c&#8217;est-\u00e0-dire des mouches. Syrphe ceintur\u00e9, le plus courant dans nos jardins. Il en existe environ 500 esp\u00e8ces en France. Syrphe Chrysotoxum cautum Ce [&hellip;]<\/p>\n","protected":false},"author":4,"featured_media":1175,"comment_status":"closed","ping_status":"closed","sticky":false,"template":"","format":"standard","meta":{"site-sidebar-layout":"default","site-content-layout":"","ast-site-content-layout":"","site-content-style":"default","site-sidebar-style":"default","ast-global-header-display":"","ast-banner-title-visibility":"","ast-main-header-display":"","ast-hfb-above-header-display":"","ast-hfb-below-header-display":"","ast-hfb-mobile-header-display":"","site-post-title":"","ast-breadcrumbs-content":"","ast-featured-img":"","footer-sml-layout":"","theme-transparent-header-meta":"","adv-header-id-meta":"","stick-header-meta":"","header-above-stick-meta":"","header-main-stick-meta":"","header-below-stick-meta":"","astra-migrate-meta-layouts":"default","ast-page-background-enabled":"default","ast-page-background-meta":{"desktop":{"background-color":"var(--ast-global-color-4)","background-image":"","background-repeat":"repeat","background-position":"center center","background-size":"auto","background-attachment":"scroll","background-type":"","background-media":"","overlay-type":"","overlay-color":"","overlay-opacity":"","overlay-gradient":""},"tablet":{"background-color":"","background-image":"","background-repeat":"repeat","background-position":"center center","background-size":"auto","background-attachment":"scroll","background-type":"","background-media":"","overlay-type":"","overlay-color":"","overlay-opacity":"","overlay-gradient":""},"mobile":{"background-color":"","background-image":"","background-repeat":"repeat","background-position":"center center","background-size":"auto","background-attachment":"scroll","background-type":"","background-media":"","overlay-type":"","overlay-color":"","overlay-opacity":"","overlay-gradient":""}},"ast-content-background-meta":{"desktop":{"background-color":"var(--ast-global-color-5)","background-image":"","background-repeat":"repeat","background-position":"center center","background-size":"auto","background-attachment":"scroll","background-type":"","background-media":"","overlay-type":"","overlay-color":"","overlay-opacity":"","overlay-gradient":""},"tablet":{"background-color":"var(--ast-global-color-5)","background-image":"","background-repeat":"repeat","background-position":"center center","background-size":"auto","background-attachment":"scroll","background-type":"","background-media":"","overlay-type":"","overlay-color":"","overlay-opacity":"","overlay-gradient":""},"mobile":{"background-color":"var(--ast-global-color-5)","background-image":"","background-repeat":"repeat","background-position":"center center","background-size":"auto","background-attachment":"scroll","background-type":"","background-media":"","overlay-type":"","overlay-color":"","overlay-opacity":"","overlay-gradient":""}},"_EventAllDay":false,"_EventTimezone":"","_EventStartDate":"","_EventEndDate":"","_EventStartDateUTC":"","_EventEndDateUTC":"","_EventShowMap":false,"_EventShowMapLink":false,"_EventURL":"","_EventCost":"","_EventCostDescription":"","_EventCurrencySymbol":"","_EventCurrencyCode":"","_EventCurrencyPosition":"","_EventDateTimeSeparator":"","_EventTimeRangeSeparator":"","_EventOrganizerID":[],"_EventVenueID":[],"_OrganizerEmail":"","_OrganizerPhone":"","_OrganizerWebsite":"","_VenueAddress":"","_VenueCity":"","_VenueCountry":"","_VenueProvince":"","_VenueState":"","_VenueZip":"","_VenuePhone":"","_VenueURL":"","_VenueStateProvince":"","_VenueLat":"","_VenueLng":"","_VenueShowMap":false,"_VenueShowMapLink":false,"footnotes":""},"categories":[22],"tags":[98,99,90,88,86,95,91,92,96,94,93,100,89,87,97],"class_list":["post-1170","post","type-post","status-publish","format-standard","has-post-thumbnail","hentry","category-faune-et-flore","tag-cheilosia-chrysocoma","tag-eristale-arbustorum","tag-lutte-biologique","tag-lutte-contre-les-pucerons","tag-syrphe","tag-syrphe-baccha-elongata","tag-syrphe-ceinture","tag-syrphe-chrysotoxum-cautum","tag-syrphe-ferdinendea-cuprea","tag-syrphe-helophilus-pendulus","tag-syrphe-pipiza-noctiluca","tag-syrphe-scaeva-pyrastri","tag-syrphidae","tag-syrphides","tag-xylota-segnis"],"_links":{"self":[{"href":"https:\/\/www.abbevillelariviere.fr\/index.php?rest_route=\/wp\/v2\/posts\/1170"}],"collection":[{"href":"https:\/\/www.abbevillelariviere.fr\/index.php?rest_route=\/wp\/v2\/posts"}],"about":[{"href":"https:\/\/www.abbevillelariviere.fr\/index.php?rest_route=\/wp\/v2\/types\/post"}],"author":[{"embeddable":true,"href":"https:\/\/www.abbevillelariviere.fr\/index.php?rest_route=\/wp\/v2\/users\/4"}],"replies":[{"embeddable":true,"href":"https:\/\/www.abbevillelariviere.fr\/index.php?rest_route=%2Fwp%2Fv2%2Fcomments&post=1170"}],"version-history":[{"count":5,"href":"https:\/\/www.abbevillelariviere.fr\/index.php?rest_route=\/wp\/v2\/posts\/1170\/revisions"}],"predecessor-version":[{"id":1188,"href":"https:\/\/www.abbevillelariviere.fr\/index.php?rest_route=\/wp\/v2\/posts\/1170\/revisions\/1188"}],"wp:featuredmedia":[{"embeddable":true,"href":"https:\/\/www.abbevillelariviere.fr\/index.php?rest_route=\/wp\/v2\/media\/1175"}],"wp:attachment":[{"href":"https:\/\/www.abbevillelariviere.fr\/index.php?rest_route=%2Fwp%2Fv2%2Fmedia&parent=1170"}],"wp:term":[{"taxonomy":"category","embeddable":true,"href":"https:\/\/www.abbevillelariviere.fr\/index.php?rest_route=%2Fwp%2Fv2%2Fcategories&post=1170"},{"taxonomy":"post_tag","embeddable":true,"href":"https:\/\/www.abbevillelariviere.fr\/index.php?rest_route=%2Fwp%2Fv2%2Ftags&post=1170"}],"curies":[{"name":"wp","href":"https:\/\/api.w.org\/{rel}","templated":true}]}}