{"id":1194,"date":"2016-10-09T15:25:59","date_gmt":"2016-10-09T15:25:59","guid":{"rendered":"http:\/\/www.abbevillelariviere.fr\/?p=1194"},"modified":"2016-10-26T14:52:40","modified_gmt":"2016-10-26T14:52:40","slug":"papillons-de-la-vallee","status":"publish","type":"post","link":"https:\/\/www.abbevillelariviere.fr\/?p=1194","title":{"rendered":"Papillons de la vall\u00e9e"},"content":{"rendered":"<p>L&#8217;\u00e9t\u00e9 est pass\u00e9 aussi vite qu&#8217;une abeille, les poches pleines de pollen, regagne la ruche.<\/p>\n<p><span style=\"color: #003300;\">Botys d&#8217;Autriche <\/span>(<em>Udea austriacalis<\/em>)<br \/>\n<a href=\"http:\/\/www.abbevillelariviere.fr\/wp-content\/uploads\/2016\/10\/pap-udea-austriacalis_59.jpg\"><img loading=\"lazy\" decoding=\"async\" class=\"alignnone size-medium wp-image-1195\" src=\"http:\/\/www.abbevillelariviere.fr\/wp-content\/uploads\/2016\/10\/pap-udea-austriacalis_59-300x300.jpg\" alt=\"pap-udea-austriacalis_59\" width=\"300\" height=\"300\" srcset=\"https:\/\/www.abbevillelariviere.fr\/wp-content\/uploads\/2016\/10\/pap-udea-austriacalis_59-300x300.jpg 300w, https:\/\/www.abbevillelariviere.fr\/wp-content\/uploads\/2016\/10\/pap-udea-austriacalis_59-150x150.jpg 150w, https:\/\/www.abbevillelariviere.fr\/wp-content\/uploads\/2016\/10\/pap-udea-austriacalis_59-1024x1024.jpg 1024w, https:\/\/www.abbevillelariviere.fr\/wp-content\/uploads\/2016\/10\/pap-udea-austriacalis_59-600x600.jpg 600w, https:\/\/www.abbevillelariviere.fr\/wp-content\/uploads\/2016\/10\/pap-udea-austriacalis_59-50x50.jpg 50w, https:\/\/www.abbevillelariviere.fr\/wp-content\/uploads\/2016\/10\/pap-udea-austriacalis_59.jpg 1600w\" sizes=\"(max-width: 300px) 100vw, 300px\" \/><\/a><\/p>\n<p><span style=\"color: #800000;\">Xanthie lav\u00e9e<\/span> (<em>Agrochola lota<\/em>)<br \/>\n<a href=\"http:\/\/www.abbevillelariviere.fr\/wp-content\/uploads\/2016\/10\/pap-xanthie-lavee_83.jpg\"><img loading=\"lazy\" decoding=\"async\" class=\"alignnone size-medium wp-image-1196 alignleft\" src=\"http:\/\/www.abbevillelariviere.fr\/wp-content\/uploads\/2016\/10\/pap-xanthie-lavee_83-300x214.jpg\" alt=\"pap-xanthie-lavee_83\" width=\"300\" height=\"214\" srcset=\"https:\/\/www.abbevillelariviere.fr\/wp-content\/uploads\/2016\/10\/pap-xanthie-lavee_83-300x214.jpg 300w, https:\/\/www.abbevillelariviere.fr\/wp-content\/uploads\/2016\/10\/pap-xanthie-lavee_83-1024x732.jpg 1024w, https:\/\/www.abbevillelariviere.fr\/wp-content\/uploads\/2016\/10\/pap-xanthie-lavee_83-600x429.jpg 600w, https:\/\/www.abbevillelariviere.fr\/wp-content\/uploads\/2016\/10\/pap-xanthie-lavee_83.jpg 1877w\" sizes=\"(max-width: 300px) 100vw, 300px\" \/><\/a><\/p>\n<p>&nbsp;<\/p>\n<p>&nbsp;<\/p>\n<p>&nbsp;<\/p>\n<p>&nbsp;<\/p>\n<p><span style=\"color: #993366;\">Noctuelle \u00e0 museau <\/span>(<em><span style=\"color: #000000;\">Hypena proboscidalis<\/span><\/em>)<br \/>\n<a href=\"http:\/\/www.abbevillelariviere.fr\/wp-content\/uploads\/2016\/10\/pap-noctuel-museau_3.jpg\"><img loading=\"lazy\" decoding=\"async\" class=\"alignnone size-medium wp-image-1197\" src=\"http:\/\/www.abbevillelariviere.fr\/wp-content\/uploads\/2016\/10\/pap-noctuel-museau_3-300x300.jpg\" alt=\"pap-noctuel-museau_3\" width=\"300\" height=\"300\" srcset=\"https:\/\/www.abbevillelariviere.fr\/wp-content\/uploads\/2016\/10\/pap-noctuel-museau_3-300x300.jpg 300w, https:\/\/www.abbevillelariviere.fr\/wp-content\/uploads\/2016\/10\/pap-noctuel-museau_3-150x150.jpg 150w, https:\/\/www.abbevillelariviere.fr\/wp-content\/uploads\/2016\/10\/pap-noctuel-museau_3-1024x1024.jpg 1024w, https:\/\/www.abbevillelariviere.fr\/wp-content\/uploads\/2016\/10\/pap-noctuel-museau_3-600x600.jpg 600w, https:\/\/www.abbevillelariviere.fr\/wp-content\/uploads\/2016\/10\/pap-noctuel-museau_3-50x50.jpg 50w, https:\/\/www.abbevillelariviere.fr\/wp-content\/uploads\/2016\/10\/pap-noctuel-museau_3.jpg 1711w\" sizes=\"(max-width: 300px) 100vw, 300px\" \/><\/a><\/p>\n<p style=\"text-align: left;\"><span style=\"color: #008000;\">La D\u00e9licate<\/span> (<em>Cabera pusaria<\/em>)<br \/>\nLes antennes blanches sont plumeuses chez le m\u00e2le.<br \/>\n<a href=\"http:\/\/www.abbevillelariviere.fr\/wp-content\/uploads\/2016\/10\/pap-delicate_14.jpg\"><img loading=\"lazy\" decoding=\"async\" class=\"alignnone size-medium wp-image-1198\" src=\"http:\/\/www.abbevillelariviere.fr\/wp-content\/uploads\/2016\/10\/pap-delicate_14-300x240.jpg\" alt=\"pap-delicate_14\" width=\"300\" height=\"240\" srcset=\"https:\/\/www.abbevillelariviere.fr\/wp-content\/uploads\/2016\/10\/pap-delicate_14-300x240.jpg 300w, https:\/\/www.abbevillelariviere.fr\/wp-content\/uploads\/2016\/10\/pap-delicate_14-1024x820.jpg 1024w, https:\/\/www.abbevillelariviere.fr\/wp-content\/uploads\/2016\/10\/pap-delicate_14-600x480.jpg 600w, https:\/\/www.abbevillelariviere.fr\/wp-content\/uploads\/2016\/10\/pap-delicate_14.jpg 1963w\" sizes=\"(max-width: 300px) 100vw, 300px\" \/><\/a><\/p>\n<p><span style=\"color: #000000;\">Famille des <em>Geometridae<\/em>, dont voici une chenille :<\/span><a href=\"http:\/\/www.abbevillelariviere.fr\/wp-content\/uploads\/2016\/10\/chenille-geometr_77.jpg\"><img loading=\"lazy\" decoding=\"async\" class=\"alignnone size-medium wp-image-1201\" src=\"http:\/\/www.abbevillelariviere.fr\/wp-content\/uploads\/2016\/10\/chenille-geometr_77-300x300.jpg\" alt=\"chenille-geometr_77\" width=\"300\" height=\"300\" srcset=\"https:\/\/www.abbevillelariviere.fr\/wp-content\/uploads\/2016\/10\/chenille-geometr_77-300x300.jpg 300w, https:\/\/www.abbevillelariviere.fr\/wp-content\/uploads\/2016\/10\/chenille-geometr_77-150x150.jpg 150w, https:\/\/www.abbevillelariviere.fr\/wp-content\/uploads\/2016\/10\/chenille-geometr_77-1024x1024.jpg 1024w, https:\/\/www.abbevillelariviere.fr\/wp-content\/uploads\/2016\/10\/chenille-geometr_77-600x600.jpg 600w, https:\/\/www.abbevillelariviere.fr\/wp-content\/uploads\/2016\/10\/chenille-geometr_77-50x50.jpg 50w, https:\/\/www.abbevillelariviere.fr\/wp-content\/uploads\/2016\/10\/chenille-geometr_77.jpg 1600w\" sizes=\"(max-width: 300px) 100vw, 300px\" \/><\/a><\/p>\n<p style=\"text-align: left;\"><span style=\"color: #0000ff;\">Argus bleu c\u00e9leste<\/span><br \/>\n(<em>Polyommatus bellargus<\/em>)<br \/>\n<a href=\"http:\/\/www.abbevillelariviere.fr\/wp-content\/uploads\/2016\/10\/pap-arg-bl-celeste_0322.jpg\"><img loading=\"lazy\" decoding=\"async\" class=\"alignnone size-medium wp-image-1199\" src=\"http:\/\/www.abbevillelariviere.fr\/wp-content\/uploads\/2016\/10\/pap-arg-bl-celeste_0322-300x300.jpg\" alt=\"pap-arg-bl-celeste_0322\" width=\"300\" height=\"300\" srcset=\"https:\/\/www.abbevillelariviere.fr\/wp-content\/uploads\/2016\/10\/pap-arg-bl-celeste_0322-300x300.jpg 300w, https:\/\/www.abbevillelariviere.fr\/wp-content\/uploads\/2016\/10\/pap-arg-bl-celeste_0322-150x150.jpg 150w, https:\/\/www.abbevillelariviere.fr\/wp-content\/uploads\/2016\/10\/pap-arg-bl-celeste_0322-1024x1024.jpg 1024w, https:\/\/www.abbevillelariviere.fr\/wp-content\/uploads\/2016\/10\/pap-arg-bl-celeste_0322-600x600.jpg 600w, https:\/\/www.abbevillelariviere.fr\/wp-content\/uploads\/2016\/10\/pap-arg-bl-celeste_0322-50x50.jpg 50w, https:\/\/www.abbevillelariviere.fr\/wp-content\/uploads\/2016\/10\/pap-arg-bl-celeste_0322.jpg 1500w\" sizes=\"(max-width: 300px) 100vw, 300px\" \/><\/a><br \/>\n<a href=\"http:\/\/www.abbevillelariviere.fr\/wp-content\/uploads\/2016\/10\/pap-arg-bl-celeste_0548.jpg\"><img loading=\"lazy\" decoding=\"async\" class=\"alignnone size-medium wp-image-1200\" src=\"http:\/\/www.abbevillelariviere.fr\/wp-content\/uploads\/2016\/10\/pap-arg-bl-celeste_0548-300x300.jpg\" alt=\"pap-arg-bl-celeste_0548\" width=\"300\" height=\"300\" srcset=\"https:\/\/www.abbevillelariviere.fr\/wp-content\/uploads\/2016\/10\/pap-arg-bl-celeste_0548-300x300.jpg 300w, https:\/\/www.abbevillelariviere.fr\/wp-content\/uploads\/2016\/10\/pap-arg-bl-celeste_0548-150x150.jpg 150w, https:\/\/www.abbevillelariviere.fr\/wp-content\/uploads\/2016\/10\/pap-arg-bl-celeste_0548-1024x1024.jpg 1024w, https:\/\/www.abbevillelariviere.fr\/wp-content\/uploads\/2016\/10\/pap-arg-bl-celeste_0548-600x600.jpg 600w, https:\/\/www.abbevillelariviere.fr\/wp-content\/uploads\/2016\/10\/pap-arg-bl-celeste_0548-50x50.jpg 50w, https:\/\/www.abbevillelariviere.fr\/wp-content\/uploads\/2016\/10\/pap-arg-bl-celeste_0548.jpg 1483w\" sizes=\"(max-width: 300px) 100vw, 300px\" \/><\/a><\/p>\n<p>Les m\u00e2les ont les ailes bleues, les femelles les ont marron.Tr\u00e8s (trop) peu de papillons cette ann\u00e9e encore. Il va maintenant falloir passer l&#8217;hiver. Pour certains, ce sera sous forme de chenille ; pour d&#8217;autres, sous forme de chrysalide. Ici, la magnifique chrysalide de la Petite tortue, trouv\u00e9e au dos d&#8217;une feuille de bergenia. Pour les aider \u00e0 se perp\u00e9tuer, il faut laisser un coin de jardin en friche o\u00f9 les chrysalides soigneusement attach\u00e9es par les chenilles au dos des feuilles ou aux brins de gramin\u00e9es, attendront le retour des beaux jours.<br \/>\nEt, bien s\u00fbr, ne pas employer de pesticides \u00e0 tout va. Sans oublier de laisser des &#8220;mauvaises herbes&#8221;, comme les orties qui constituent la nourriture de bon nombre de chenilles.<\/p>\n<p><a href=\"http:\/\/www.abbevillelariviere.fr\/wp-content\/uploads\/2016\/10\/chrysalid-pte-tortue_1.jpg\"><img loading=\"lazy\" decoding=\"async\" class=\"alignnone size-medium wp-image-1203\" src=\"http:\/\/www.abbevillelariviere.fr\/wp-content\/uploads\/2016\/10\/chrysalid-pte-tortue_1-300x169.jpg\" alt=\"chrysalid-pte-tortue_1\" width=\"300\" height=\"169\" srcset=\"https:\/\/www.abbevillelariviere.fr\/wp-content\/uploads\/2016\/10\/chrysalid-pte-tortue_1-300x169.jpg 300w, https:\/\/www.abbevillelariviere.fr\/wp-content\/uploads\/2016\/10\/chrysalid-pte-tortue_1-1024x576.jpg 1024w, https:\/\/www.abbevillelariviere.fr\/wp-content\/uploads\/2016\/10\/chrysalid-pte-tortue_1-600x337.jpg 600w, https:\/\/www.abbevillelariviere.fr\/wp-content\/uploads\/2016\/10\/chrysalid-pte-tortue_1.jpg 1700w\" sizes=\"(max-width: 300px) 100vw, 300px\" \/><\/a><\/p>\n<p>&nbsp;<\/p>\n<p>&nbsp;<\/p>\n<p>&nbsp;<\/p>\n<p>&nbsp;<\/p>\n<p>&nbsp;<\/p>\n","protected":false},"excerpt":{"rendered":"<p>L&#8217;\u00e9t\u00e9 est pass\u00e9 aussi vite qu&#8217;une abeille, les poches pleines de pollen, regagne la ruche. Botys d&#8217;Autriche (Udea austriacalis) Xanthie lav\u00e9e (Agrochola lota) &nbsp; &nbsp; &nbsp; &nbsp; Noctuelle \u00e0 museau [&hellip;]<\/p>\n","protected":false},"author":4,"featured_media":1200,"comment_status":"closed","ping_status":"closed","sticky":false,"template":"","format":"standard","meta":{"site-sidebar-layout":"default","site-content-layout":"","ast-site-content-layout":"","site-content-style":"default","site-sidebar-style":"default","ast-global-header-display":"","ast-banner-title-visibility":"","ast-main-header-display":"","ast-hfb-above-header-display":"","ast-hfb-below-header-display":"","ast-hfb-mobile-header-display":"","site-post-title":"","ast-breadcrumbs-content":"","ast-featured-img":"","footer-sml-layout":"","theme-transparent-header-meta":"","adv-header-id-meta":"","stick-header-meta":"","header-above-stick-meta":"","header-main-stick-meta":"","header-below-stick-meta":"","astra-migrate-meta-layouts":"default","ast-page-background-enabled":"default","ast-page-background-meta":{"desktop":{"background-color":"var(--ast-global-color-4)","background-image":"","background-repeat":"repeat","background-position":"center center","background-size":"auto","background-attachment":"scroll","background-type":"","background-media":"","overlay-type":"","overlay-color":"","overlay-opacity":"","overlay-gradient":""},"tablet":{"background-color":"","background-image":"","background-repeat":"repeat","background-position":"center center","background-size":"auto","background-attachment":"scroll","background-type":"","background-media":"","overlay-type":"","overlay-color":"","overlay-opacity":"","overlay-gradient":""},"mobile":{"background-color":"","background-image":"","background-repeat":"repeat","background-position":"center center","background-size":"auto","background-attachment":"scroll","background-type":"","background-media":"","overlay-type":"","overlay-color":"","overlay-opacity":"","overlay-gradient":""}},"ast-content-background-meta":{"desktop":{"background-color":"var(--ast-global-color-5)","background-image":"","background-repeat":"repeat","background-position":"center center","background-size":"auto","background-attachment":"scroll","background-type":"","background-media":"","overlay-type":"","overlay-color":"","overlay-opacity":"","overlay-gradient":""},"tablet":{"background-color":"var(--ast-global-color-5)","background-image":"","background-repeat":"repeat","background-position":"center center","background-size":"auto","background-attachment":"scroll","background-type":"","background-media":"","overlay-type":"","overlay-color":"","overlay-opacity":"","overlay-gradient":""},"mobile":{"background-color":"var(--ast-global-color-5)","background-image":"","background-repeat":"repeat","background-position":"center center","background-size":"auto","background-attachment":"scroll","background-type":"","background-media":"","overlay-type":"","overlay-color":"","overlay-opacity":"","overlay-gradient":""}},"_EventAllDay":false,"_EventTimezone":"","_EventStartDate":"","_EventEndDate":"","_EventStartDateUTC":"","_EventEndDateUTC":"","_EventShowMap":false,"_EventShowMapLink":false,"_EventURL":"","_EventCost":"","_EventCostDescription":"","_EventCurrencySymbol":"","_EventCurrencyCode":"","_EventCurrencyPosition":"","_EventDateTimeSeparator":"","_EventTimeRangeSeparator":"","_EventOrganizerID":[],"_EventVenueID":[],"_OrganizerEmail":"","_OrganizerPhone":"","_OrganizerWebsite":"","_VenueAddress":"","_VenueCity":"","_VenueCountry":"","_VenueProvince":"","_VenueState":"","_VenueZip":"","_VenuePhone":"","_VenueURL":"","_VenueStateProvince":"","_VenueLat":"","_VenueLng":"","_VenueShowMap":false,"_VenueShowMapLink":false,"footnotes":""},"categories":[22],"tags":[118,106,112,114,115,104,111,110,119,116,108,109,107,117,113,103,105],"class_list":["post-1194","post","type-post","status-publish","format-standard","has-post-thumbnail","hentry","category-faune-et-flore","tag-aglais-urticae","tag-agrochola-lota","tag-argus-bleu-celeste","tag-azure-bleu-celeste","tag-bel-argus","tag-botys-dautriche","tag-cabera-pusaria","tag-cabere-virginale","tag-chrysalide","tag-geometridae","tag-hypena-proboscidalis","tag-la-delicate","tag-noctuelle-a-museau","tag-petite-tortue","tag-polyommatus-bellargus","tag-udea-austriacalis","tag-xanthie-lavee"],"_links":{"self":[{"href":"https:\/\/www.abbevillelariviere.fr\/index.php?rest_route=\/wp\/v2\/posts\/1194"}],"collection":[{"href":"https:\/\/www.abbevillelariviere.fr\/index.php?rest_route=\/wp\/v2\/posts"}],"about":[{"href":"https:\/\/www.abbevillelariviere.fr\/index.php?rest_route=\/wp\/v2\/types\/post"}],"author":[{"embeddable":true,"href":"https:\/\/www.abbevillelariviere.fr\/index.php?rest_route=\/wp\/v2\/users\/4"}],"replies":[{"embeddable":true,"href":"https:\/\/www.abbevillelariviere.fr\/index.php?rest_route=%2Fwp%2Fv2%2Fcomments&post=1194"}],"version-history":[{"count":7,"href":"https:\/\/www.abbevillelariviere.fr\/index.php?rest_route=\/wp\/v2\/posts\/1194\/revisions"}],"predecessor-version":[{"id":1236,"href":"https:\/\/www.abbevillelariviere.fr\/index.php?rest_route=\/wp\/v2\/posts\/1194\/revisions\/1236"}],"wp:featuredmedia":[{"embeddable":true,"href":"https:\/\/www.abbevillelariviere.fr\/index.php?rest_route=\/wp\/v2\/media\/1200"}],"wp:attachment":[{"href":"https:\/\/www.abbevillelariviere.fr\/index.php?rest_route=%2Fwp%2Fv2%2Fmedia&parent=1194"}],"wp:term":[{"taxonomy":"category","embeddable":true,"href":"https:\/\/www.abbevillelariviere.fr\/index.php?rest_route=%2Fwp%2Fv2%2Fcategories&post=1194"},{"taxonomy":"post_tag","embeddable":true,"href":"https:\/\/www.abbevillelariviere.fr\/index.php?rest_route=%2Fwp%2Fv2%2Ftags&post=1194"}],"curies":[{"name":"wp","href":"https:\/\/api.w.org\/{rel}","templated":true}]}}