{"id":1248,"date":"2016-10-27T10:14:54","date_gmt":"2016-10-27T10:14:54","guid":{"rendered":"http:\/\/www.abbevillelariviere.fr\/?p=1248"},"modified":"2016-10-27T10:22:25","modified_gmt":"2016-10-27T10:22:25","slug":"prevention-maladie-de-lyme","status":"publish","type":"post","link":"https:\/\/www.abbevillelariviere.fr\/?p=1248","title":{"rendered":"Pr\u00e9vention Maladie de Lyme"},"content":{"rendered":"<div class=\"wc-shortcodes-row wc-shortcodes-item wc-shortcodes-clearfix\">\n<div class=\"wc-shortcodes-column wc-shortcodes-content wc-shortcodes-two-third wc-shortcodes-column-first \">\n<p>La maladie de Lyme, ou borr\u00e9liose de Lyme, est transmise lors d\u2019une piq\u00fbre de tique infect\u00e9e par une bact\u00e9rie de la famille des spiroch\u00e8tes. Toutes les tiques ne sont pas infect\u00e9es et l\u2019infection est souvent sans sympt\u00f4me. Cependant elle peut provoquer une maladie parfois invalidante (douleurs articulaires durables, paralysie partielle des membres\u2026).<\/p>\n<p>La maladie de Lyme n\u2019est pas contagieuse.<\/p>\n<p>La transmission de la maladie de Lyme \u00e0 l\u2019homme se fait uniquement par piq\u00fbre de tique. Les contaminations humaines sont plus fr\u00e9quentes \u00e0 la p\u00e9riode d\u2019activit\u00e9 maximale des tiques, en France entre le d\u00e9but du printemps et la fin de l\u2019automne.<\/p>\n<p>En 2014 le nombre de nouveaux cas en France a \u00e9t\u00e9 estim\u00e9 par le R\u00e9seau Sentinelles \u00e0 26 146\u00a0; ce chiffre est stable depuis 2009.<\/p>\n<p><strong>Sympt\u00f4mes<\/strong><\/p>\n<p>Dans les 30 jours apr\u00e8s la piq\u00fbre, la maladie de Lyme peut appara\u00eetre d\u2019abord sous la forme d\u2019une plaque rouge et ronde qui s\u2019\u00e9tend en cercle (\u00e9ryth\u00e8me migrant) \u00e0 partir de la zone de piq\u00fbre puis dispara\u00eet en quelques semaines \u00e0 quelques mois.<\/p>\n<p>L\u2019\u00e9volution est tr\u00e8s favorable lorsque la maladie est diagnostiqu\u00e9e et trait\u00e9e pr\u00e9cocement. En l\u2019absence de traitement, l\u2019\u00e9volution vers la phase secondaire n\u2019est pas syst\u00e9matique, mais aggrave le pronostic.<\/p>\n<p>Si la personne ne re\u00e7oit pas de traitement antibiotique, des signes neurologiques ou des atteintes des articulations ou plus rarement d\u2019autres organes peuvent appara\u00eetre quelques semaines ou quelques mois apr\u00e8s la piq\u00fbre.<\/p>\n<p>Des mois \u00e0 des ann\u00e9es apr\u00e8s l\u2019infection peuvent appara\u00eetre des manifestations tertiaires, de type articulaire, cutan\u00e9, neurologique, musculaire, ou cardiaque.<\/p>\n<p><strong>Traitements<\/strong><\/p>\n<p>Pas de traitement syst\u00e9matique devant une piq\u00fbre.<\/p>\n<p>Par contre, la simple observation clinique d\u2019un \u00e9ryth\u00e8me migrant justifie un traitement antibiotique sans autre investigation compl\u00e9mentaire.<\/p>\n<p><strong>Se prot\u00e9ger<\/strong><\/p>\n<p>Avant une activit\u00e9 en nature\u00a0:<br \/>\nJe couvre mes bras et mes jambes avec des v\u00eatements longs<\/p>\n<p>Apr\u00e8s une activit\u00e9 en nature\u00a0:<br \/>\nJ\u2019inspecte soigneusement mon corps<\/p>\n<p>Apr\u00e8s avoir \u00e9t\u00e9 piqu\u00e9 par une tique\u00a0:<br \/>\nJe surveille la zone piqu\u00e9e pendant un mois. Si une plaque rouge et ronde s\u2019\u00e9tend en cercle \u00e0 partir de la zone de piq\u00fbre, je dois consulter un m\u00e9decin rapidement.<\/p>\n<p class=\"main-article__texte texte--editorial crayon article-texte-202019 \"><\/div>\n<\/p>\n<p class=\"main-article__texte texte--editorial crayon article-texte-202019 \">\n<div class=\"wc-shortcodes-column wc-shortcodes-content wc-shortcodes-one-third wc-shortcodes-column-last \">\n<p><strong>T\u00e9l\u00e9chargez la plaquette<\/strong><\/p>\n<p><a href=\"http:\/\/www.abbevillelariviere.fr\/wp-content\/uploads\/2016\/10\/maladie_de_lyme_depliant_gp_072016.pdf\" target=\"_blank\"><img loading=\"lazy\" decoding=\"async\" class=\"alignnone wp-image-1254\" src=\"http:\/\/www.abbevillelariviere.fr\/wp-content\/uploads\/2016\/10\/Capture-d\u2019e\u0301cran-2016-10-27-a\u0300-12.19.45-157x300.png\" alt=\"capture-decran-2016-10-27-a-12-19-45\" width=\"288\" height=\"549\" srcset=\"https:\/\/www.abbevillelariviere.fr\/wp-content\/uploads\/2016\/10\/Capture-d\u2019e\u0301cran-2016-10-27-a\u0300-12.19.45-157x300.png 157w, https:\/\/www.abbevillelariviere.fr\/wp-content\/uploads\/2016\/10\/Capture-d\u2019e\u0301cran-2016-10-27-a\u0300-12.19.45.png 469w\" sizes=\"(max-width: 288px) 100vw, 288px\" \/><\/a><\/p>\n<\/div>\n<\/div>\n","protected":false},"excerpt":{"rendered":"<p>La maladie de Lyme, ou borr\u00e9liose de Lyme, est transmise lors d\u2019une piq\u00fbre de tique infect\u00e9e par une bact\u00e9rie de la famille des spiroch\u00e8tes. Toutes les tiques ne sont pas [&hellip;]<\/p>\n","protected":false},"author":1,"featured_media":1244,"comment_status":"closed","ping_status":"closed","sticky":false,"template":"","format":"standard","meta":{"site-sidebar-layout":"default","site-content-layout":"","ast-site-content-layout":"","site-content-style":"default","site-sidebar-style":"default","ast-global-header-display":"","ast-banner-title-visibility":"","ast-main-header-display":"","ast-hfb-above-header-display":"","ast-hfb-below-header-display":"","ast-hfb-mobile-header-display":"","site-post-title":"","ast-breadcrumbs-content":"","ast-featured-img":"","footer-sml-layout":"","theme-transparent-header-meta":"","adv-header-id-meta":"","stick-header-meta":"","header-above-stick-meta":"","header-main-stick-meta":"","header-below-stick-meta":"","astra-migrate-meta-layouts":"default","ast-page-background-enabled":"default","ast-page-background-meta":{"desktop":{"background-color":"var(--ast-global-color-4)","background-image":"","background-repeat":"repeat","background-position":"center center","background-size":"auto","background-attachment":"scroll","background-type":"","background-media":"","overlay-type":"","overlay-color":"","overlay-opacity":"","overlay-gradient":""},"tablet":{"background-color":"","background-image":"","background-repeat":"repeat","background-position":"center center","background-size":"auto","background-attachment":"scroll","background-type":"","background-media":"","overlay-type":"","overlay-color":"","overlay-opacity":"","overlay-gradient":""},"mobile":{"background-color":"","background-image":"","background-repeat":"repeat","background-position":"center center","background-size":"auto","background-attachment":"scroll","background-type":"","background-media":"","overlay-type":"","overlay-color":"","overlay-opacity":"","overlay-gradient":""}},"ast-content-background-meta":{"desktop":{"background-color":"var(--ast-global-color-5)","background-image":"","background-repeat":"repeat","background-position":"center center","background-size":"auto","background-attachment":"scroll","background-type":"","background-media":"","overlay-type":"","overlay-color":"","overlay-opacity":"","overlay-gradient":""},"tablet":{"background-color":"var(--ast-global-color-5)","background-image":"","background-repeat":"repeat","background-position":"center center","background-size":"auto","background-attachment":"scroll","background-type":"","background-media":"","overlay-type":"","overlay-color":"","overlay-opacity":"","overlay-gradient":""},"mobile":{"background-color":"var(--ast-global-color-5)","background-image":"","background-repeat":"repeat","background-position":"center center","background-size":"auto","background-attachment":"scroll","background-type":"","background-media":"","overlay-type":"","overlay-color":"","overlay-opacity":"","overlay-gradient":""}},"_EventAllDay":false,"_EventTimezone":"","_EventStartDate":"","_EventEndDate":"","_EventStartDateUTC":"","_EventEndDateUTC":"","_EventShowMap":false,"_EventShowMapLink":false,"_EventURL":"","_EventCost":"","_EventCostDescription":"","_EventCurrencySymbol":"","_EventCurrencyCode":"","_EventCurrencyPosition":"","_EventDateTimeSeparator":"","_EventTimeRangeSeparator":"","_EventOrganizerID":[],"_EventVenueID":[],"_OrganizerEmail":"","_OrganizerPhone":"","_OrganizerWebsite":"","_VenueAddress":"","_VenueCity":"","_VenueCountry":"","_VenueProvince":"","_VenueState":"","_VenueZip":"","_VenuePhone":"","_VenueURL":"","_VenueStateProvince":"","_VenueLat":"","_VenueLng":"","_VenueShowMap":false,"_VenueShowMapLink":false,"footnotes":""},"categories":[1],"tags":[],"class_list":["post-1248","post","type-post","status-publish","format-standard","has-post-thumbnail","hentry","category-non-classe"],"_links":{"self":[{"href":"https:\/\/www.abbevillelariviere.fr\/index.php?rest_route=\/wp\/v2\/posts\/1248"}],"collection":[{"href":"https:\/\/www.abbevillelariviere.fr\/index.php?rest_route=\/wp\/v2\/posts"}],"about":[{"href":"https:\/\/www.abbevillelariviere.fr\/index.php?rest_route=\/wp\/v2\/types\/post"}],"author":[{"embeddable":true,"href":"https:\/\/www.abbevillelariviere.fr\/index.php?rest_route=\/wp\/v2\/users\/1"}],"replies":[{"embeddable":true,"href":"https:\/\/www.abbevillelariviere.fr\/index.php?rest_route=%2Fwp%2Fv2%2Fcomments&post=1248"}],"version-history":[{"count":5,"href":"https:\/\/www.abbevillelariviere.fr\/index.php?rest_route=\/wp\/v2\/posts\/1248\/revisions"}],"predecessor-version":[{"id":1255,"href":"https:\/\/www.abbevillelariviere.fr\/index.php?rest_route=\/wp\/v2\/posts\/1248\/revisions\/1255"}],"wp:featuredmedia":[{"embeddable":true,"href":"https:\/\/www.abbevillelariviere.fr\/index.php?rest_route=\/wp\/v2\/media\/1244"}],"wp:attachment":[{"href":"https:\/\/www.abbevillelariviere.fr\/index.php?rest_route=%2Fwp%2Fv2%2Fmedia&parent=1248"}],"wp:term":[{"taxonomy":"category","embeddable":true,"href":"https:\/\/www.abbevillelariviere.fr\/index.php?rest_route=%2Fwp%2Fv2%2Fcategories&post=1248"},{"taxonomy":"post_tag","embeddable":true,"href":"https:\/\/www.abbevillelariviere.fr\/index.php?rest_route=%2Fwp%2Fv2%2Ftags&post=1248"}],"curies":[{"name":"wp","href":"https:\/\/api.w.org\/{rel}","templated":true}]}}