{"id":1282,"date":"2016-12-07T18:40:18","date_gmt":"2016-12-07T18:40:18","guid":{"rendered":"http:\/\/www.abbevillelariviere.fr\/?p=1282"},"modified":"2016-12-07T18:46:38","modified_gmt":"2016-12-07T18:46:38","slug":"soiree-concert-et-cine-concert-a-la-maison-en-bois","status":"publish","type":"post","link":"https:\/\/www.abbevillelariviere.fr\/?p=1282","title":{"rendered":"Soir\u00e9e Concert et Cin\u00e9-Concert A La Maison en bois"},"content":{"rendered":"<p>Grande soir\u00e9e Le samedi 10 d\u00e9cembre 2016 \u00e0 20H<\/p>\n<p><a href=\"http:\/\/www.abbevillelariviere.fr\/wp-content\/uploads\/2016\/12\/Capture-d\u2019e\u0301cran-2016-12-07-a\u0300-19.36.33.png\"><img loading=\"lazy\" decoding=\"async\" class=\"alignnone size-full wp-image-1283\" src=\"http:\/\/www.abbevillelariviere.fr\/wp-content\/uploads\/2016\/12\/Capture-d\u2019e\u0301cran-2016-12-07-a\u0300-19.36.33.png\" alt=\"capture-decran-2016-12-07-a-19-36-33\" width=\"602\" height=\"291\" srcset=\"https:\/\/www.abbevillelariviere.fr\/wp-content\/uploads\/2016\/12\/Capture-d\u2019e\u0301cran-2016-12-07-a\u0300-19.36.33.png 602w, https:\/\/www.abbevillelariviere.fr\/wp-content\/uploads\/2016\/12\/Capture-d\u2019e\u0301cran-2016-12-07-a\u0300-19.36.33-300x145.png 300w, https:\/\/www.abbevillelariviere.fr\/wp-content\/uploads\/2016\/12\/Capture-d\u2019e\u0301cran-2016-12-07-a\u0300-19.36.33-600x290.png 600w\" sizes=\"(max-width: 602px) 100vw, 602px\" \/><\/a><\/p>\n<p><strong>Au programme :<\/strong><\/p>\n<ul>\n<li>Concert du trio Alta : extrait sur youtube <a href=\"https:\/\/www.youtube.com\/watch?v=7cDkMpYUX5s\">https:\/\/www.youtube.com\/watch?v=7cDkMpYUX5s<\/a><\/li>\n<li>Cin\u00e9-concert &#8220;sur un air de charleston&#8221; de Renoir<\/li>\n<li>&#8220;Dreams&#8221; de john Cage avec Philippe Langlois au piano.<\/li>\n<li>Repas chaud imagin\u00e9 par Sabine Herondelle \/ Vin bio de Touraine<\/li>\n<\/ul>\n<p>PAF : 15 euros<\/p>\n<p><strong>La maison en bois<\/strong><br \/>\n<strong> 6 rue Beauregard<\/strong><br \/>\n<strong> 91150 Abbeville la rivi\u00e8re<\/strong><\/p>\n<p>r\u00e9servation<br \/>\n06 30 36 91 45<\/p>\n","protected":false},"excerpt":{"rendered":"<p>Grande soir\u00e9e Le samedi 10 d\u00e9cembre 2016 \u00e0 20H Au programme : Concert du trio Alta : extrait sur youtube https:\/\/www.youtube.com\/watch?v=7cDkMpYUX5s Cin\u00e9-concert &#8220;sur un air de charleston&#8221; de Renoir &#8220;Dreams&#8221; [&hellip;]<\/p>\n","protected":false},"author":1,"featured_media":1283,"comment_status":"closed","ping_status":"closed","sticky":false,"template":"","format":"standard","meta":{"site-sidebar-layout":"default","site-content-layout":"","ast-site-content-layout":"","site-content-style":"default","site-sidebar-style":"default","ast-global-header-display":"","ast-banner-title-visibility":"","ast-main-header-display":"","ast-hfb-above-header-display":"","ast-hfb-below-header-display":"","ast-hfb-mobile-header-display":"","site-post-title":"","ast-breadcrumbs-content":"","ast-featured-img":"","footer-sml-layout":"","theme-transparent-header-meta":"","adv-header-id-meta":"","stick-header-meta":"","header-above-stick-meta":"","header-main-stick-meta":"","header-below-stick-meta":"","astra-migrate-meta-layouts":"default","ast-page-background-enabled":"default","ast-page-background-meta":{"desktop":{"background-color":"var(--ast-global-color-4)","background-image":"","background-repeat":"repeat","background-position":"center center","background-size":"auto","background-attachment":"scroll","background-type":"","background-media":"","overlay-type":"","overlay-color":"","overlay-opacity":"","overlay-gradient":""},"tablet":{"background-color":"","background-image":"","background-repeat":"repeat","background-position":"center center","background-size":"auto","background-attachment":"scroll","background-type":"","background-media":"","overlay-type":"","overlay-color":"","overlay-opacity":"","overlay-gradient":""},"mobile":{"background-color":"","background-image":"","background-repeat":"repeat","background-position":"center center","background-size":"auto","background-attachment":"scroll","background-type":"","background-media":"","overlay-type":"","overlay-color":"","overlay-opacity":"","overlay-gradient":""}},"ast-content-background-meta":{"desktop":{"background-color":"var(--ast-global-color-5)","background-image":"","background-repeat":"repeat","background-position":"center center","background-size":"auto","background-attachment":"scroll","background-type":"","background-media":"","overlay-type":"","overlay-color":"","overlay-opacity":"","overlay-gradient":""},"tablet":{"background-color":"var(--ast-global-color-5)","background-image":"","background-repeat":"repeat","background-position":"center center","background-size":"auto","background-attachment":"scroll","background-type":"","background-media":"","overlay-type":"","overlay-color":"","overlay-opacity":"","overlay-gradient":""},"mobile":{"background-color":"var(--ast-global-color-5)","background-image":"","background-repeat":"repeat","background-position":"center center","background-size":"auto","background-attachment":"scroll","background-type":"","background-media":"","overlay-type":"","overlay-color":"","overlay-opacity":"","overlay-gradient":""}},"_EventAllDay":false,"_EventTimezone":"","_EventStartDate":"","_EventEndDate":"","_EventStartDateUTC":"","_EventEndDateUTC":"","_EventShowMap":false,"_EventShowMapLink":false,"_EventURL":"","_EventCost":"","_EventCostDescription":"","_EventCurrencySymbol":"","_EventCurrencyCode":"","_EventCurrencyPosition":"","_EventDateTimeSeparator":"","_EventTimeRangeSeparator":"","_EventOrganizerID":[],"_EventVenueID":[],"_OrganizerEmail":"","_OrganizerPhone":"","_OrganizerWebsite":"","_VenueAddress":"","_VenueCity":"","_VenueCountry":"","_VenueProvince":"","_VenueState":"","_VenueZip":"","_VenuePhone":"","_VenueURL":"","_VenueStateProvince":"","_VenueLat":"","_VenueLng":"","_VenueShowMap":false,"_VenueShowMapLink":false,"footnotes":""},"categories":[11,7],"tags":[],"class_list":["post-1282","post","type-post","status-publish","format-standard","has-post-thumbnail","hentry","category-au-quotidien","category-jeunesse"],"_links":{"self":[{"href":"https:\/\/www.abbevillelariviere.fr\/index.php?rest_route=\/wp\/v2\/posts\/1282"}],"collection":[{"href":"https:\/\/www.abbevillelariviere.fr\/index.php?rest_route=\/wp\/v2\/posts"}],"about":[{"href":"https:\/\/www.abbevillelariviere.fr\/index.php?rest_route=\/wp\/v2\/types\/post"}],"author":[{"embeddable":true,"href":"https:\/\/www.abbevillelariviere.fr\/index.php?rest_route=\/wp\/v2\/users\/1"}],"replies":[{"embeddable":true,"href":"https:\/\/www.abbevillelariviere.fr\/index.php?rest_route=%2Fwp%2Fv2%2Fcomments&post=1282"}],"version-history":[{"count":6,"href":"https:\/\/www.abbevillelariviere.fr\/index.php?rest_route=\/wp\/v2\/posts\/1282\/revisions"}],"predecessor-version":[{"id":1289,"href":"https:\/\/www.abbevillelariviere.fr\/index.php?rest_route=\/wp\/v2\/posts\/1282\/revisions\/1289"}],"wp:featuredmedia":[{"embeddable":true,"href":"https:\/\/www.abbevillelariviere.fr\/index.php?rest_route=\/wp\/v2\/media\/1283"}],"wp:attachment":[{"href":"https:\/\/www.abbevillelariviere.fr\/index.php?rest_route=%2Fwp%2Fv2%2Fmedia&parent=1282"}],"wp:term":[{"taxonomy":"category","embeddable":true,"href":"https:\/\/www.abbevillelariviere.fr\/index.php?rest_route=%2Fwp%2Fv2%2Fcategories&post=1282"},{"taxonomy":"post_tag","embeddable":true,"href":"https:\/\/www.abbevillelariviere.fr\/index.php?rest_route=%2Fwp%2Fv2%2Ftags&post=1282"}],"curies":[{"name":"wp","href":"https:\/\/api.w.org\/{rel}","templated":true}]}}