{"id":1290,"date":"2016-12-24T07:01:52","date_gmt":"2016-12-24T07:01:52","guid":{"rendered":"http:\/\/www.abbevillelariviere.fr\/?p=1290"},"modified":"2016-12-24T07:01:52","modified_gmt":"2016-12-24T07:01:52","slug":"le-cigarier-des-jardins","status":"publish","type":"post","link":"https:\/\/www.abbevillelariviere.fr\/?p=1290","title":{"rendered":"Le cigarier des jardins"},"content":{"rendered":"<p>Ainsi appel\u00e9 car la femelle de ce joli col\u00e9opt\u00e8re\u00a0 a pour habitude d&#8217;ass\u00e9cher et de rouler les feuilles de noisetier apr\u00e8s y avoir pondu ses \u0153ufs.<\/p>\n<p><a href=\"http:\/\/www.abbevillelariviere.fr\/wp-content\/uploads\/2016\/12\/apodere-noisetier-2.jpg\"><img loading=\"lazy\" decoding=\"async\" class=\"alignnone size-medium wp-image-1291\" src=\"http:\/\/www.abbevillelariviere.fr\/wp-content\/uploads\/2016\/12\/apodere-noisetier-2-300x214.jpg\" alt=\"apodere-noisetier-2\" width=\"300\" height=\"214\" srcset=\"https:\/\/www.abbevillelariviere.fr\/wp-content\/uploads\/2016\/12\/apodere-noisetier-2-300x214.jpg 300w, https:\/\/www.abbevillelariviere.fr\/wp-content\/uploads\/2016\/12\/apodere-noisetier-2-1024x731.jpg 1024w, https:\/\/www.abbevillelariviere.fr\/wp-content\/uploads\/2016\/12\/apodere-noisetier-2-600x428.jpg 600w, https:\/\/www.abbevillelariviere.fr\/wp-content\/uploads\/2016\/12\/apodere-noisetier-2.jpg 1485w\" sizes=\"(max-width: 300px) 100vw, 300px\" \/><\/a><\/p>\n<p>L&#8217;Apod\u00e8re du noisetier mesure entre 6 et 8 mm.<\/p>\n<p><a href=\"http:\/\/www.abbevillelariviere.fr\/wp-content\/uploads\/2016\/12\/apodere-noisetier-3.jpg\"><img loading=\"lazy\" decoding=\"async\" class=\"alignnone size-medium wp-image-1292\" src=\"http:\/\/www.abbevillelariviere.fr\/wp-content\/uploads\/2016\/12\/apodere-noisetier-3-300x214.jpg\" alt=\"apodere-noisetier-3\" width=\"300\" height=\"214\" srcset=\"https:\/\/www.abbevillelariviere.fr\/wp-content\/uploads\/2016\/12\/apodere-noisetier-3-300x214.jpg 300w, https:\/\/www.abbevillelariviere.fr\/wp-content\/uploads\/2016\/12\/apodere-noisetier-3-1024x731.jpg 1024w, https:\/\/www.abbevillelariviere.fr\/wp-content\/uploads\/2016\/12\/apodere-noisetier-3-600x428.jpg 600w, https:\/\/www.abbevillelariviere.fr\/wp-content\/uploads\/2016\/12\/apodere-noisetier-3.jpg 1573w\" sizes=\"(max-width: 300px) 100vw, 300px\" \/><\/a><\/p>\n<p>Outre les feuilles de noisetier, il peut aussi se r\u00e9galer de celles des aulnes et des bouleaux.<\/p>\n","protected":false},"excerpt":{"rendered":"<p>Ainsi appel\u00e9 car la femelle de ce joli col\u00e9opt\u00e8re\u00a0 a pour habitude d&#8217;ass\u00e9cher et de rouler les feuilles de noisetier apr\u00e8s y avoir pondu ses \u0153ufs. L&#8217;Apod\u00e8re du noisetier mesure [&hellip;]<\/p>\n","protected":false},"author":4,"featured_media":1293,"comment_status":"closed","ping_status":"closed","sticky":false,"template":"","format":"standard","meta":{"site-sidebar-layout":"default","site-content-layout":"","ast-site-content-layout":"","site-content-style":"default","site-sidebar-style":"default","ast-global-header-display":"","ast-banner-title-visibility":"","ast-main-header-display":"","ast-hfb-above-header-display":"","ast-hfb-below-header-display":"","ast-hfb-mobile-header-display":"","site-post-title":"","ast-breadcrumbs-content":"","ast-featured-img":"","footer-sml-layout":"","theme-transparent-header-meta":"","adv-header-id-meta":"","stick-header-meta":"","header-above-stick-meta":"","header-main-stick-meta":"","header-below-stick-meta":"","astra-migrate-meta-layouts":"default","ast-page-background-enabled":"default","ast-page-background-meta":{"desktop":{"background-color":"var(--ast-global-color-4)","background-image":"","background-repeat":"repeat","background-position":"center center","background-size":"auto","background-attachment":"scroll","background-type":"","background-media":"","overlay-type":"","overlay-color":"","overlay-opacity":"","overlay-gradient":""},"tablet":{"background-color":"","background-image":"","background-repeat":"repeat","background-position":"center center","background-size":"auto","background-attachment":"scroll","background-type":"","background-media":"","overlay-type":"","overlay-color":"","overlay-opacity":"","overlay-gradient":""},"mobile":{"background-color":"","background-image":"","background-repeat":"repeat","background-position":"center center","background-size":"auto","background-attachment":"scroll","background-type":"","background-media":"","overlay-type":"","overlay-color":"","overlay-opacity":"","overlay-gradient":""}},"ast-content-background-meta":{"desktop":{"background-color":"var(--ast-global-color-5)","background-image":"","background-repeat":"repeat","background-position":"center center","background-size":"auto","background-attachment":"scroll","background-type":"","background-media":"","overlay-type":"","overlay-color":"","overlay-opacity":"","overlay-gradient":""},"tablet":{"background-color":"var(--ast-global-color-5)","background-image":"","background-repeat":"repeat","background-position":"center center","background-size":"auto","background-attachment":"scroll","background-type":"","background-media":"","overlay-type":"","overlay-color":"","overlay-opacity":"","overlay-gradient":""},"mobile":{"background-color":"var(--ast-global-color-5)","background-image":"","background-repeat":"repeat","background-position":"center center","background-size":"auto","background-attachment":"scroll","background-type":"","background-media":"","overlay-type":"","overlay-color":"","overlay-opacity":"","overlay-gradient":""}},"_EventAllDay":false,"_EventTimezone":"","_EventStartDate":"","_EventEndDate":"","_EventStartDateUTC":"","_EventEndDateUTC":"","_EventShowMap":false,"_EventShowMapLink":false,"_EventURL":"","_EventCost":"","_EventCostDescription":"","_EventCurrencySymbol":"","_EventCurrencyCode":"","_EventCurrencyPosition":"","_EventDateTimeSeparator":"","_EventTimeRangeSeparator":"","_EventOrganizerID":[],"_EventVenueID":[],"_OrganizerEmail":"","_OrganizerPhone":"","_OrganizerWebsite":"","_VenueAddress":"","_VenueCity":"","_VenueCountry":"","_VenueProvince":"","_VenueState":"","_VenueZip":"","_VenuePhone":"","_VenueURL":"","_VenueStateProvince":"","_VenueLat":"","_VenueLng":"","_VenueShowMap":false,"_VenueShowMapLink":false,"footnotes":""},"categories":[22],"tags":[131,132,133],"class_list":["post-1290","post","type-post","status-publish","format-standard","has-post-thumbnail","hentry","category-faune-et-flore","tag-apodere-du-noisetier","tag-apoderus-coryli","tag-cigarier-des-jardins"],"_links":{"self":[{"href":"https:\/\/www.abbevillelariviere.fr\/index.php?rest_route=\/wp\/v2\/posts\/1290"}],"collection":[{"href":"https:\/\/www.abbevillelariviere.fr\/index.php?rest_route=\/wp\/v2\/posts"}],"about":[{"href":"https:\/\/www.abbevillelariviere.fr\/index.php?rest_route=\/wp\/v2\/types\/post"}],"author":[{"embeddable":true,"href":"https:\/\/www.abbevillelariviere.fr\/index.php?rest_route=\/wp\/v2\/users\/4"}],"replies":[{"embeddable":true,"href":"https:\/\/www.abbevillelariviere.fr\/index.php?rest_route=%2Fwp%2Fv2%2Fcomments&post=1290"}],"version-history":[{"count":1,"href":"https:\/\/www.abbevillelariviere.fr\/index.php?rest_route=\/wp\/v2\/posts\/1290\/revisions"}],"predecessor-version":[{"id":1294,"href":"https:\/\/www.abbevillelariviere.fr\/index.php?rest_route=\/wp\/v2\/posts\/1290\/revisions\/1294"}],"wp:featuredmedia":[{"embeddable":true,"href":"https:\/\/www.abbevillelariviere.fr\/index.php?rest_route=\/wp\/v2\/media\/1293"}],"wp:attachment":[{"href":"https:\/\/www.abbevillelariviere.fr\/index.php?rest_route=%2Fwp%2Fv2%2Fmedia&parent=1290"}],"wp:term":[{"taxonomy":"category","embeddable":true,"href":"https:\/\/www.abbevillelariviere.fr\/index.php?rest_route=%2Fwp%2Fv2%2Fcategories&post=1290"},{"taxonomy":"post_tag","embeddable":true,"href":"https:\/\/www.abbevillelariviere.fr\/index.php?rest_route=%2Fwp%2Fv2%2Ftags&post=1290"}],"curies":[{"name":"wp","href":"https:\/\/api.w.org\/{rel}","templated":true}]}}