{"id":1319,"date":"2016-12-17T10:00:57","date_gmt":"2016-12-17T10:00:57","guid":{"rendered":"http:\/\/www.abbevillelariviere.fr\/?p=1319"},"modified":"2016-12-17T10:00:57","modified_gmt":"2016-12-17T10:00:57","slug":"inscription-sur-les-listes-electorales","status":"publish","type":"post","link":"https:\/\/www.abbevillelariviere.fr\/?p=1319","title":{"rendered":"Inscription sur les listes \u00c9lectorales"},"content":{"rendered":"<h2>Pour participer aux \u00e9lections pr\u00e9sidentielles de 2017 vous devez \u00eatre inscrit sur les listes \u00e9lectorales.<\/h2>\n<p>Vous souhaitez vous inscrire sur les listes \u00e9lectorales pour voter aux pr\u00e9sidentielles de 2017 ? D\u00e9p\u00eachez-vous vous avez jusqu\u2019au 31 D\u00e9cembre 2016 ! <strong>et le 31 D\u00e9cembre la Mairie sera ouverte de 9h \u00e0 11 Heures pour les derniers retardataires !<\/strong><\/p>\n<h3>Pour s\u2019inscrire sur les listes \u00e9lectorales vous devez remplir les conditions suivantes:<\/h3>\n<ul>\n<li>avoir au moins 18 ans la veille du 1<sup>er<\/sup> tour de scrutin,<\/li>\n<li>\u00eatre de nationalit\u00e9 fran\u00e7aise (un citoyen europ\u00e9en qui vit en France peut s\u2019inscrire sur les listes compl\u00e9mentaires mais seulement pour participer aux \u00e9lections municipales et\/ou europ\u00e9ennes),<\/li>\n<li>jouir de ses droits civils et politiques.<\/li>\n<\/ul>\n<p>Il y a quelques cas particulier o\u00f9 il est possible de s\u2019inscrire l\u2019ann\u00e9e de l\u2019\u00e9lection. Les voici :<\/p>\n<ul>\n<li>Jeune ayant atteint l\u2019\u00e2ge de 18 ans entre le 1<sup>er<\/sup> mars et le jour de l\u2019\u00e9lection<\/li>\n<li>Personne qui d\u00e9m\u00e9nage pour des motifs professionnels et fonctionnaire admis \u00e0 la retraite apr\u00e8s le 1<sup>er<\/sup> janvier<\/li>\n<li>Militaire retournant \u00e0 la vie civile apr\u00e8s le 1<sup>er<\/sup> janvier<\/li>\n<li>Acquisition de la nationalit\u00e9 fran\u00e7aise apr\u00e8s le 1<sup>er<\/sup> janvier<\/li>\n<li>Recouvrement de l\u2019exercice du droit de vote apr\u00e8s le 1<sup>er<\/sup> janvier<\/li>\n<\/ul>\n<p><strong>Lors de votre inscription vous devez vous munir de ces documents originaux:<\/strong><\/p>\n<ul>\n<li>Pi\u00e8ce d\u2019identit\u00e9<dfn><\/dfn> prouvant votre nationalit\u00e9 fran\u00e7aise\u00a0: passeport ou carte nationale d\u2019identit\u00e9<\/li>\n<li>Si vous \u00eates devenu fran\u00e7ais r\u00e9cemment et que vous n\u2019avez pas encore de papiers fran\u00e7ais : pi\u00e8ce d\u2019identit\u00e9 d\u2019origine (passeport ou carte d\u2019identit\u00e9) + une preuve de la nationalit\u00e9 (d\u00e9cret de naturalisation par exemple)<\/li>\n<li>Justificatif de domicile<\/li>\n<\/ul>\n<p><em>Attention la carte nationale d\u2019identit\u00e9 doit \u00eatre valide ou p\u00e9rim\u00e9e depuis moins d\u2019un an.<\/em><\/p>\n","protected":false},"excerpt":{"rendered":"<p>Pour participer aux \u00e9lections pr\u00e9sidentielles de 2017 vous devez \u00eatre inscrit sur les listes \u00e9lectorales. Vous souhaitez vous inscrire sur les listes \u00e9lectorales pour voter aux pr\u00e9sidentielles de 2017 ? D\u00e9p\u00eachez-vous vous avez jusqu\u2019au 31 D\u00e9cembre 2016 ! et le 31 D\u00e9cembre la Mairie sera ouverte de 9h \u00e0 11 Heures pour les derniers retardataires !<\/p>\n","protected":false},"author":1,"featured_media":1320,"comment_status":"closed","ping_status":"closed","sticky":false,"template":"","format":"standard","meta":{"site-sidebar-layout":"default","site-content-layout":"","ast-site-content-layout":"","site-content-style":"default","site-sidebar-style":"default","ast-global-header-display":"","ast-banner-title-visibility":"","ast-main-header-display":"","ast-hfb-above-header-display":"","ast-hfb-below-header-display":"","ast-hfb-mobile-header-display":"","site-post-title":"","ast-breadcrumbs-content":"","ast-featured-img":"","footer-sml-layout":"","theme-transparent-header-meta":"","adv-header-id-meta":"","stick-header-meta":"","header-above-stick-meta":"","header-main-stick-meta":"","header-below-stick-meta":"","astra-migrate-meta-layouts":"default","ast-page-background-enabled":"default","ast-page-background-meta":{"desktop":{"background-color":"var(--ast-global-color-4)","background-image":"","background-repeat":"repeat","background-position":"center center","background-size":"auto","background-attachment":"scroll","background-type":"","background-media":"","overlay-type":"","overlay-color":"","overlay-opacity":"","overlay-gradient":""},"tablet":{"background-color":"","background-image":"","background-repeat":"repeat","background-position":"center center","background-size":"auto","background-attachment":"scroll","background-type":"","background-media":"","overlay-type":"","overlay-color":"","overlay-opacity":"","overlay-gradient":""},"mobile":{"background-color":"","background-image":"","background-repeat":"repeat","background-position":"center center","background-size":"auto","background-attachment":"scroll","background-type":"","background-media":"","overlay-type":"","overlay-color":"","overlay-opacity":"","overlay-gradient":""}},"ast-content-background-meta":{"desktop":{"background-color":"var(--ast-global-color-5)","background-image":"","background-repeat":"repeat","background-position":"center center","background-size":"auto","background-attachment":"scroll","background-type":"","background-media":"","overlay-type":"","overlay-color":"","overlay-opacity":"","overlay-gradient":""},"tablet":{"background-color":"var(--ast-global-color-5)","background-image":"","background-repeat":"repeat","background-position":"center center","background-size":"auto","background-attachment":"scroll","background-type":"","background-media":"","overlay-type":"","overlay-color":"","overlay-opacity":"","overlay-gradient":""},"mobile":{"background-color":"var(--ast-global-color-5)","background-image":"","background-repeat":"repeat","background-position":"center center","background-size":"auto","background-attachment":"scroll","background-type":"","background-media":"","overlay-type":"","overlay-color":"","overlay-opacity":"","overlay-gradient":""}},"_EventAllDay":false,"_EventTimezone":"","_EventStartDate":"","_EventEndDate":"","_EventStartDateUTC":"","_EventEndDateUTC":"","_EventShowMap":false,"_EventShowMapLink":false,"_EventURL":"","_EventCost":"","_EventCostDescription":"","_EventCurrencySymbol":"","_EventCurrencyCode":"","_EventCurrencyPosition":"","_EventDateTimeSeparator":"","_EventTimeRangeSeparator":"","_EventOrganizerID":[],"_EventVenueID":[],"_OrganizerEmail":"","_OrganizerPhone":"","_OrganizerWebsite":"","_VenueAddress":"","_VenueCity":"","_VenueCountry":"","_VenueProvince":"","_VenueState":"","_VenueZip":"","_VenuePhone":"","_VenueURL":"","_VenueStateProvince":"","_VenueLat":"","_VenueLng":"","_VenueShowMap":false,"_VenueShowMapLink":false,"footnotes":""},"categories":[3],"tags":[],"class_list":["post-1319","post","type-post","status-publish","format-standard","has-post-thumbnail","hentry","category-les-billets-du-maire"],"_links":{"self":[{"href":"https:\/\/www.abbevillelariviere.fr\/index.php?rest_route=\/wp\/v2\/posts\/1319"}],"collection":[{"href":"https:\/\/www.abbevillelariviere.fr\/index.php?rest_route=\/wp\/v2\/posts"}],"about":[{"href":"https:\/\/www.abbevillelariviere.fr\/index.php?rest_route=\/wp\/v2\/types\/post"}],"author":[{"embeddable":true,"href":"https:\/\/www.abbevillelariviere.fr\/index.php?rest_route=\/wp\/v2\/users\/1"}],"replies":[{"embeddable":true,"href":"https:\/\/www.abbevillelariviere.fr\/index.php?rest_route=%2Fwp%2Fv2%2Fcomments&post=1319"}],"version-history":[{"count":1,"href":"https:\/\/www.abbevillelariviere.fr\/index.php?rest_route=\/wp\/v2\/posts\/1319\/revisions"}],"predecessor-version":[{"id":1321,"href":"https:\/\/www.abbevillelariviere.fr\/index.php?rest_route=\/wp\/v2\/posts\/1319\/revisions\/1321"}],"wp:featuredmedia":[{"embeddable":true,"href":"https:\/\/www.abbevillelariviere.fr\/index.php?rest_route=\/wp\/v2\/media\/1320"}],"wp:attachment":[{"href":"https:\/\/www.abbevillelariviere.fr\/index.php?rest_route=%2Fwp%2Fv2%2Fmedia&parent=1319"}],"wp:term":[{"taxonomy":"category","embeddable":true,"href":"https:\/\/www.abbevillelariviere.fr\/index.php?rest_route=%2Fwp%2Fv2%2Fcategories&post=1319"},{"taxonomy":"post_tag","embeddable":true,"href":"https:\/\/www.abbevillelariviere.fr\/index.php?rest_route=%2Fwp%2Fv2%2Ftags&post=1319"}],"curies":[{"name":"wp","href":"https:\/\/api.w.org\/{rel}","templated":true}]}}