{"id":1322,"date":"2016-12-17T10:09:10","date_gmt":"2016-12-17T10:09:10","guid":{"rendered":"http:\/\/www.abbevillelariviere.fr\/?p=1322"},"modified":"2016-12-28T11:18:06","modified_gmt":"2016-12-28T11:18:06","slug":"orange-problemes-reseaux","status":"publish","type":"post","link":"https:\/\/www.abbevillelariviere.fr\/?p=1322","title":{"rendered":"Orange &#8211; Probl\u00e8mes R\u00e9seaux ?"},"content":{"rendered":"<h2 class=\"align-left\"><a href=\"http:\/\/www.abbevillelariviere.fr\/?p=1322\" target=\"_blank\">R\u00e9seau Orange ..on y croit fort <\/a><\/h2>\n<p>En suivi du r\u00e9seau Orange, nous avons rappel\u00e9 aujourd\u2019hui l&#8217;op\u00e9rateur :\u00a0 Apr\u00e8s le 22 , le 27 &#8230; on nous pr\u00e9voit un r\u00e9tablissement pour le 29 \u00e0 18h &#8230; On y croit fort&#8230;<\/p>\n<h2 class=\"align-left\"><a href=\"http:\/\/www.abbevillelariviere.fr\/?p=1322\" target=\"_blank\">Incident antenne en cours de r\u00e9solution <\/a><\/h2>\n<p>En suivi du r\u00e9seau Orange, nous avons rappel\u00e9 aujourd\u2019hui l&#8217;op\u00e9rateur :\u00a0 Le remplacement de l&#8217;antenne, en r\u00e9ponse \u00e0 l&#8217;incident d\u00e9clar\u00e9 maintenant depuis le 18 Novembre, n&#8217;est toujours pas termin\u00e9. Une date pr\u00e9visionnelle de fin d&#8217;incident est indiqu\u00e9e pour\u00a0 22 D\u00e9cembre mais sans garantie &#8230; A suivre&#8230;.<\/p>\n<h2 class=\"align-left\"><a href=\"http:\/\/www.abbevillelariviere.fr\/?p=1322\" target=\"_blank\">1er \u00e9pisode <\/a><\/h2>\n<p>Nous avons \u00e9t\u00e9 inform\u00e9 que ORANGE proc\u00e9dait \u00e0 un remplacement de l&#8217;antenne situ\u00e9e en la D12 et la D145.<\/p>\n<p>Ces travaux dureront jusqu&#8217;a la fin de la semaine 51. Ils provoquent des g\u00e8nes al\u00e9atoires de r\u00e9ception du r\u00e9seau.<\/p>\n<p>Peux \u00eatre au terme de ce changement une meilleure couverture de la 4G ? &#8230; A suivre.<\/p>\n<p>&nbsp;<\/p>\n<p>&nbsp;<\/p>\n<p>&nbsp;<\/p>\n<p>&nbsp;<\/p>\n","protected":false},"excerpt":{"rendered":"<p>R\u00e9seau Orange ..on y croit fort En suivi du r\u00e9seau Orange, nous avons rappel\u00e9 aujourd\u2019hui l&#8217;op\u00e9rateur :\u00a0 Apr\u00e8s le 22 , le 27 &#8230; on nous pr\u00e9voit un r\u00e9tablissement pour [&hellip;]<\/p>\n","protected":false},"author":1,"featured_media":1323,"comment_status":"closed","ping_status":"closed","sticky":false,"template":"","format":"standard","meta":{"site-sidebar-layout":"default","site-content-layout":"","ast-site-content-layout":"","site-content-style":"default","site-sidebar-style":"default","ast-global-header-display":"","ast-banner-title-visibility":"","ast-main-header-display":"","ast-hfb-above-header-display":"","ast-hfb-below-header-display":"","ast-hfb-mobile-header-display":"","site-post-title":"","ast-breadcrumbs-content":"","ast-featured-img":"","footer-sml-layout":"","theme-transparent-header-meta":"","adv-header-id-meta":"","stick-header-meta":"","header-above-stick-meta":"","header-main-stick-meta":"","header-below-stick-meta":"","astra-migrate-meta-layouts":"default","ast-page-background-enabled":"default","ast-page-background-meta":{"desktop":{"background-color":"var(--ast-global-color-4)","background-image":"","background-repeat":"repeat","background-position":"center center","background-size":"auto","background-attachment":"scroll","background-type":"","background-media":"","overlay-type":"","overlay-color":"","overlay-opacity":"","overlay-gradient":""},"tablet":{"background-color":"","background-image":"","background-repeat":"repeat","background-position":"center center","background-size":"auto","background-attachment":"scroll","background-type":"","background-media":"","overlay-type":"","overlay-color":"","overlay-opacity":"","overlay-gradient":""},"mobile":{"background-color":"","background-image":"","background-repeat":"repeat","background-position":"center center","background-size":"auto","background-attachment":"scroll","background-type":"","background-media":"","overlay-type":"","overlay-color":"","overlay-opacity":"","overlay-gradient":""}},"ast-content-background-meta":{"desktop":{"background-color":"var(--ast-global-color-5)","background-image":"","background-repeat":"repeat","background-position":"center center","background-size":"auto","background-attachment":"scroll","background-type":"","background-media":"","overlay-type":"","overlay-color":"","overlay-opacity":"","overlay-gradient":""},"tablet":{"background-color":"var(--ast-global-color-5)","background-image":"","background-repeat":"repeat","background-position":"center center","background-size":"auto","background-attachment":"scroll","background-type":"","background-media":"","overlay-type":"","overlay-color":"","overlay-opacity":"","overlay-gradient":""},"mobile":{"background-color":"var(--ast-global-color-5)","background-image":"","background-repeat":"repeat","background-position":"center center","background-size":"auto","background-attachment":"scroll","background-type":"","background-media":"","overlay-type":"","overlay-color":"","overlay-opacity":"","overlay-gradient":""}},"_EventAllDay":false,"_EventTimezone":"","_EventStartDate":"","_EventEndDate":"","_EventStartDateUTC":"","_EventEndDateUTC":"","_EventShowMap":false,"_EventShowMapLink":false,"_EventURL":"","_EventCost":"","_EventCostDescription":"","_EventCurrencySymbol":"","_EventCurrencyCode":"","_EventCurrencyPosition":"","_EventDateTimeSeparator":"","_EventTimeRangeSeparator":"","_EventOrganizerID":[],"_EventVenueID":[],"_OrganizerEmail":"","_OrganizerPhone":"","_OrganizerWebsite":"","_VenueAddress":"","_VenueCity":"","_VenueCountry":"","_VenueProvince":"","_VenueState":"","_VenueZip":"","_VenuePhone":"","_VenueURL":"","_VenueStateProvince":"","_VenueLat":"","_VenueLng":"","_VenueShowMap":false,"_VenueShowMapLink":false,"footnotes":""},"categories":[1],"tags":[],"class_list":["post-1322","post","type-post","status-publish","format-standard","has-post-thumbnail","hentry","category-non-classe"],"_links":{"self":[{"href":"https:\/\/www.abbevillelariviere.fr\/index.php?rest_route=\/wp\/v2\/posts\/1322"}],"collection":[{"href":"https:\/\/www.abbevillelariviere.fr\/index.php?rest_route=\/wp\/v2\/posts"}],"about":[{"href":"https:\/\/www.abbevillelariviere.fr\/index.php?rest_route=\/wp\/v2\/types\/post"}],"author":[{"embeddable":true,"href":"https:\/\/www.abbevillelariviere.fr\/index.php?rest_route=\/wp\/v2\/users\/1"}],"replies":[{"embeddable":true,"href":"https:\/\/www.abbevillelariviere.fr\/index.php?rest_route=%2Fwp%2Fv2%2Fcomments&post=1322"}],"version-history":[{"count":3,"href":"https:\/\/www.abbevillelariviere.fr\/index.php?rest_route=\/wp\/v2\/posts\/1322\/revisions"}],"predecessor-version":[{"id":1327,"href":"https:\/\/www.abbevillelariviere.fr\/index.php?rest_route=\/wp\/v2\/posts\/1322\/revisions\/1327"}],"wp:featuredmedia":[{"embeddable":true,"href":"https:\/\/www.abbevillelariviere.fr\/index.php?rest_route=\/wp\/v2\/media\/1323"}],"wp:attachment":[{"href":"https:\/\/www.abbevillelariviere.fr\/index.php?rest_route=%2Fwp%2Fv2%2Fmedia&parent=1322"}],"wp:term":[{"taxonomy":"category","embeddable":true,"href":"https:\/\/www.abbevillelariviere.fr\/index.php?rest_route=%2Fwp%2Fv2%2Fcategories&post=1322"},{"taxonomy":"post_tag","embeddable":true,"href":"https:\/\/www.abbevillelariviere.fr\/index.php?rest_route=%2Fwp%2Fv2%2Ftags&post=1322"}],"curies":[{"name":"wp","href":"https:\/\/api.w.org\/{rel}","templated":true}]}}