{"id":1328,"date":"2017-01-06T10:18:38","date_gmt":"2017-01-06T10:18:38","guid":{"rendered":"http:\/\/www.abbevillelariviere.fr\/?p=1328"},"modified":"2017-01-06T10:18:38","modified_gmt":"2017-01-06T10:18:38","slug":"grille-tarifaire-2017","status":"publish","type":"post","link":"https:\/\/www.abbevillelariviere.fr\/?p=1328","title":{"rendered":"Grille tarifaire 2017"},"content":{"rendered":"<p>Veuillez trouver ci-joint la <a href=\"http:\/\/www.abbevillelariviere.fr\/wp-content\/uploads\/2017\/01\/GRILLE-TARIFAIRE-2017.pdf\">grille tarifaire applicable au 01.01.2017<\/a> . En compl\u00e9ment de cette lettre vous pouvez voir \u00e9galement le courrier du SEDRE adress\u00e9 aux usagers dans le cadre des tarifs 2017 et notre relation avec le SIREDOM\u00a0 : <a href=\"http:\/\/www.abbevillelariviere.fr\/wp-content\/uploads\/2017\/01\/lettre-usagers-SIREDOM-SEDRE.pdf\">Courrier Usager SEDRE<\/a><\/p>\n<p><a href=\"http:\/\/www.abbevillelariviere.fr\/wp-content\/uploads\/2017\/01\/GRILLE-TARIFAIRE-2017.pdf\"><img loading=\"lazy\" decoding=\"async\" class=\"alignnone wp-image-1338 size-full\" src=\"http:\/\/www.abbevillelariviere.fr\/wp-content\/uploads\/2017\/01\/Capture-d\u2019e\u0301cran-2017-01-06-a\u0300-11.14.03.png\" alt=\"capture-decran-2017-01-06-a-11-14-03\" width=\"609\" height=\"862\" srcset=\"https:\/\/www.abbevillelariviere.fr\/wp-content\/uploads\/2017\/01\/Capture-d\u2019e\u0301cran-2017-01-06-a\u0300-11.14.03.png 609w, https:\/\/www.abbevillelariviere.fr\/wp-content\/uploads\/2017\/01\/Capture-d\u2019e\u0301cran-2017-01-06-a\u0300-11.14.03-212x300.png 212w, https:\/\/www.abbevillelariviere.fr\/wp-content\/uploads\/2017\/01\/Capture-d\u2019e\u0301cran-2017-01-06-a\u0300-11.14.03-600x849.png 600w\" sizes=\"(max-width: 609px) 100vw, 609px\" \/><\/a><\/p>\n<p>&nbsp;<\/p>\n","protected":false},"excerpt":{"rendered":"<p>Veuillez trouver ci-joint la grille tarifaire applicable au 01.01.2017 . En compl\u00e9ment de cette lettre vous pouvez voir \u00e9galement le courrier du SEDRE adress\u00e9 aux usagers dans le cadre des [&hellip;]<\/p>\n","protected":false},"author":1,"featured_media":1339,"comment_status":"closed","ping_status":"closed","sticky":false,"template":"","format":"standard","meta":{"site-sidebar-layout":"default","site-content-layout":"","ast-site-content-layout":"","site-content-style":"default","site-sidebar-style":"default","ast-global-header-display":"","ast-banner-title-visibility":"","ast-main-header-display":"","ast-hfb-above-header-display":"","ast-hfb-below-header-display":"","ast-hfb-mobile-header-display":"","site-post-title":"","ast-breadcrumbs-content":"","ast-featured-img":"","footer-sml-layout":"","theme-transparent-header-meta":"","adv-header-id-meta":"","stick-header-meta":"","header-above-stick-meta":"","header-main-stick-meta":"","header-below-stick-meta":"","astra-migrate-meta-layouts":"default","ast-page-background-enabled":"default","ast-page-background-meta":{"desktop":{"background-color":"var(--ast-global-color-4)","background-image":"","background-repeat":"repeat","background-position":"center center","background-size":"auto","background-attachment":"scroll","background-type":"","background-media":"","overlay-type":"","overlay-color":"","overlay-opacity":"","overlay-gradient":""},"tablet":{"background-color":"","background-image":"","background-repeat":"repeat","background-position":"center center","background-size":"auto","background-attachment":"scroll","background-type":"","background-media":"","overlay-type":"","overlay-color":"","overlay-opacity":"","overlay-gradient":""},"mobile":{"background-color":"","background-image":"","background-repeat":"repeat","background-position":"center center","background-size":"auto","background-attachment":"scroll","background-type":"","background-media":"","overlay-type":"","overlay-color":"","overlay-opacity":"","overlay-gradient":""}},"ast-content-background-meta":{"desktop":{"background-color":"var(--ast-global-color-5)","background-image":"","background-repeat":"repeat","background-position":"center center","background-size":"auto","background-attachment":"scroll","background-type":"","background-media":"","overlay-type":"","overlay-color":"","overlay-opacity":"","overlay-gradient":""},"tablet":{"background-color":"var(--ast-global-color-5)","background-image":"","background-repeat":"repeat","background-position":"center center","background-size":"auto","background-attachment":"scroll","background-type":"","background-media":"","overlay-type":"","overlay-color":"","overlay-opacity":"","overlay-gradient":""},"mobile":{"background-color":"var(--ast-global-color-5)","background-image":"","background-repeat":"repeat","background-position":"center center","background-size":"auto","background-attachment":"scroll","background-type":"","background-media":"","overlay-type":"","overlay-color":"","overlay-opacity":"","overlay-gradient":""}},"_EventAllDay":false,"_EventTimezone":"","_EventStartDate":"","_EventEndDate":"","_EventStartDateUTC":"","_EventEndDateUTC":"","_EventShowMap":false,"_EventShowMapLink":false,"_EventURL":"","_EventCost":"","_EventCostDescription":"","_EventCurrencySymbol":"","_EventCurrencyCode":"","_EventCurrencyPosition":"","_EventDateTimeSeparator":"","_EventTimeRangeSeparator":"","_EventOrganizerID":[],"_EventVenueID":[],"_OrganizerEmail":"","_OrganizerPhone":"","_OrganizerWebsite":"","_VenueAddress":"","_VenueCity":"","_VenueCountry":"","_VenueProvince":"","_VenueState":"","_VenueZip":"","_VenuePhone":"","_VenueURL":"","_VenueStateProvince":"","_VenueLat":"","_VenueLng":"","_VenueShowMap":false,"_VenueShowMapLink":false,"footnotes":""},"categories":[11,12,3],"tags":[],"class_list":["post-1328","post","type-post","status-publish","format-standard","has-post-thumbnail","hentry","category-au-quotidien","category-environnement","category-les-billets-du-maire"],"_links":{"self":[{"href":"https:\/\/www.abbevillelariviere.fr\/index.php?rest_route=\/wp\/v2\/posts\/1328"}],"collection":[{"href":"https:\/\/www.abbevillelariviere.fr\/index.php?rest_route=\/wp\/v2\/posts"}],"about":[{"href":"https:\/\/www.abbevillelariviere.fr\/index.php?rest_route=\/wp\/v2\/types\/post"}],"author":[{"embeddable":true,"href":"https:\/\/www.abbevillelariviere.fr\/index.php?rest_route=\/wp\/v2\/users\/1"}],"replies":[{"embeddable":true,"href":"https:\/\/www.abbevillelariviere.fr\/index.php?rest_route=%2Fwp%2Fv2%2Fcomments&post=1328"}],"version-history":[{"count":2,"href":"https:\/\/www.abbevillelariviere.fr\/index.php?rest_route=\/wp\/v2\/posts\/1328\/revisions"}],"predecessor-version":[{"id":1340,"href":"https:\/\/www.abbevillelariviere.fr\/index.php?rest_route=\/wp\/v2\/posts\/1328\/revisions\/1340"}],"wp:featuredmedia":[{"embeddable":true,"href":"https:\/\/www.abbevillelariviere.fr\/index.php?rest_route=\/wp\/v2\/media\/1339"}],"wp:attachment":[{"href":"https:\/\/www.abbevillelariviere.fr\/index.php?rest_route=%2Fwp%2Fv2%2Fmedia&parent=1328"}],"wp:term":[{"taxonomy":"category","embeddable":true,"href":"https:\/\/www.abbevillelariviere.fr\/index.php?rest_route=%2Fwp%2Fv2%2Fcategories&post=1328"},{"taxonomy":"post_tag","embeddable":true,"href":"https:\/\/www.abbevillelariviere.fr\/index.php?rest_route=%2Fwp%2Fv2%2Ftags&post=1328"}],"curies":[{"name":"wp","href":"https:\/\/api.w.org\/{rel}","templated":true}]}}