{"id":1341,"date":"2017-01-06T10:22:55","date_gmt":"2017-01-06T10:22:55","guid":{"rendered":"http:\/\/www.abbevillelariviere.fr\/?p=1341"},"modified":"2017-10-06T16:04:21","modified_gmt":"2017-10-06T16:04:21","slug":"bonne-annee-2017","status":"publish","type":"post","link":"https:\/\/www.abbevillelariviere.fr\/?p=1341","title":{"rendered":"Bonne Ann\u00e9e 2017"},"content":{"rendered":"<p><a href=\"http:\/\/www.abbevillelariviere.fr\/wp-content\/uploads\/2017\/01\/baniereanne2017.png\"><img loading=\"lazy\" decoding=\"async\" class=\"alignnone size-full wp-image-1342\" src=\"http:\/\/www.abbevillelariviere.fr\/wp-content\/uploads\/2017\/01\/baniereanne2017.png\" alt=\"baniereanne2017\" width=\"800\" height=\"356\" srcset=\"https:\/\/www.abbevillelariviere.fr\/wp-content\/uploads\/2017\/01\/baniereanne2017.png 800w, https:\/\/www.abbevillelariviere.fr\/wp-content\/uploads\/2017\/01\/baniereanne2017-300x134.png 300w, https:\/\/www.abbevillelariviere.fr\/wp-content\/uploads\/2017\/01\/baniereanne2017-600x267.png 600w\" sizes=\"(max-width: 800px) 100vw, 800px\" \/><\/a><\/p>\n<p>Ch\u00e8re Madame, Cher Monsieur,<\/p>\n<p>Une ann\u00e9e s\u2019est \u00e9coul\u00e9e, et une autre frappe \u00e0 la porte avec ses lendemains \u00e0 d\u00e9couvrir ensemble.<\/p>\n<p>Madame la Maire et le Conseil Municipal vous pr\u00e9sentent tous leurs v\u0153ux les plus sinc\u00e8res de sant\u00e9, de bonheur, de prosp\u00e9rit\u00e9 et de paix pour cette nouvelle ann\u00e9e 2017.<\/p>\n<p>Dans la prochaine Gazette nous vous donnerons d\u2019autres infos sur l\u2019avanc\u00e9e des projets en cours ainsi que nos r\u00e9flexions sur l\u2019organisation de r\u00e9unions publiques, par hameau, afin de partager avec vous vos attentes, vos id\u00e9es pour la vie dans notre commune.<\/p>\n<p>A bient\u00f4t<br \/>\nBien \u00e0 vous<\/p>\n","protected":false},"excerpt":{"rendered":"<p>Ch\u00e8re Madame, Cher Monsieur, Une ann\u00e9e s\u2019est \u00e9coul\u00e9e, et une autre frappe \u00e0 la porte avec ses lendemains \u00e0 d\u00e9couvrir ensemble. Madame la Maire et le Conseil Municipal vous pr\u00e9sentent [&hellip;]<\/p>\n","protected":false},"author":1,"featured_media":1342,"comment_status":"closed","ping_status":"closed","sticky":false,"template":"","format":"standard","meta":{"site-sidebar-layout":"default","site-content-layout":"","ast-site-content-layout":"","site-content-style":"default","site-sidebar-style":"default","ast-global-header-display":"","ast-banner-title-visibility":"","ast-main-header-display":"","ast-hfb-above-header-display":"","ast-hfb-below-header-display":"","ast-hfb-mobile-header-display":"","site-post-title":"","ast-breadcrumbs-content":"","ast-featured-img":"","footer-sml-layout":"","theme-transparent-header-meta":"","adv-header-id-meta":"","stick-header-meta":"","header-above-stick-meta":"","header-main-stick-meta":"","header-below-stick-meta":"","astra-migrate-meta-layouts":"default","ast-page-background-enabled":"default","ast-page-background-meta":{"desktop":{"background-color":"var(--ast-global-color-4)","background-image":"","background-repeat":"repeat","background-position":"center center","background-size":"auto","background-attachment":"scroll","background-type":"","background-media":"","overlay-type":"","overlay-color":"","overlay-opacity":"","overlay-gradient":""},"tablet":{"background-color":"","background-image":"","background-repeat":"repeat","background-position":"center center","background-size":"auto","background-attachment":"scroll","background-type":"","background-media":"","overlay-type":"","overlay-color":"","overlay-opacity":"","overlay-gradient":""},"mobile":{"background-color":"","background-image":"","background-repeat":"repeat","background-position":"center center","background-size":"auto","background-attachment":"scroll","background-type":"","background-media":"","overlay-type":"","overlay-color":"","overlay-opacity":"","overlay-gradient":""}},"ast-content-background-meta":{"desktop":{"background-color":"var(--ast-global-color-5)","background-image":"","background-repeat":"repeat","background-position":"center center","background-size":"auto","background-attachment":"scroll","background-type":"","background-media":"","overlay-type":"","overlay-color":"","overlay-opacity":"","overlay-gradient":""},"tablet":{"background-color":"var(--ast-global-color-5)","background-image":"","background-repeat":"repeat","background-position":"center center","background-size":"auto","background-attachment":"scroll","background-type":"","background-media":"","overlay-type":"","overlay-color":"","overlay-opacity":"","overlay-gradient":""},"mobile":{"background-color":"var(--ast-global-color-5)","background-image":"","background-repeat":"repeat","background-position":"center center","background-size":"auto","background-attachment":"scroll","background-type":"","background-media":"","overlay-type":"","overlay-color":"","overlay-opacity":"","overlay-gradient":""}},"_EventAllDay":false,"_EventTimezone":"","_EventStartDate":"","_EventEndDate":"","_EventStartDateUTC":"","_EventEndDateUTC":"","_EventShowMap":false,"_EventShowMapLink":false,"_EventURL":"","_EventCost":"","_EventCostDescription":"","_EventCurrencySymbol":"","_EventCurrencyCode":"","_EventCurrencyPosition":"","_EventDateTimeSeparator":"","_EventTimeRangeSeparator":"","_EventOrganizerID":[],"_EventVenueID":[],"_OrganizerEmail":"","_OrganizerPhone":"","_OrganizerWebsite":"","_VenueAddress":"","_VenueCity":"","_VenueCountry":"","_VenueProvince":"","_VenueState":"","_VenueZip":"","_VenuePhone":"","_VenueURL":"","_VenueStateProvince":"","_VenueLat":"","_VenueLng":"","_VenueShowMap":false,"_VenueShowMapLink":false,"footnotes":""},"categories":[1],"tags":[],"class_list":["post-1341","post","type-post","status-publish","format-standard","has-post-thumbnail","hentry","category-non-classe"],"_links":{"self":[{"href":"https:\/\/www.abbevillelariviere.fr\/index.php?rest_route=\/wp\/v2\/posts\/1341"}],"collection":[{"href":"https:\/\/www.abbevillelariviere.fr\/index.php?rest_route=\/wp\/v2\/posts"}],"about":[{"href":"https:\/\/www.abbevillelariviere.fr\/index.php?rest_route=\/wp\/v2\/types\/post"}],"author":[{"embeddable":true,"href":"https:\/\/www.abbevillelariviere.fr\/index.php?rest_route=\/wp\/v2\/users\/1"}],"replies":[{"embeddable":true,"href":"https:\/\/www.abbevillelariviere.fr\/index.php?rest_route=%2Fwp%2Fv2%2Fcomments&post=1341"}],"version-history":[{"count":1,"href":"https:\/\/www.abbevillelariviere.fr\/index.php?rest_route=\/wp\/v2\/posts\/1341\/revisions"}],"predecessor-version":[{"id":1343,"href":"https:\/\/www.abbevillelariviere.fr\/index.php?rest_route=\/wp\/v2\/posts\/1341\/revisions\/1343"}],"wp:featuredmedia":[{"embeddable":true,"href":"https:\/\/www.abbevillelariviere.fr\/index.php?rest_route=\/wp\/v2\/media\/1342"}],"wp:attachment":[{"href":"https:\/\/www.abbevillelariviere.fr\/index.php?rest_route=%2Fwp%2Fv2%2Fmedia&parent=1341"}],"wp:term":[{"taxonomy":"category","embeddable":true,"href":"https:\/\/www.abbevillelariviere.fr\/index.php?rest_route=%2Fwp%2Fv2%2Fcategories&post=1341"},{"taxonomy":"post_tag","embeddable":true,"href":"https:\/\/www.abbevillelariviere.fr\/index.php?rest_route=%2Fwp%2Fv2%2Ftags&post=1341"}],"curies":[{"name":"wp","href":"https:\/\/api.w.org\/{rel}","templated":true}]}}