{"id":1358,"date":"2017-01-20T16:53:53","date_gmt":"2017-01-20T16:53:53","guid":{"rendered":"http:\/\/www.abbevillelariviere.fr\/?p=1358"},"modified":"2017-01-20T16:54:58","modified_gmt":"2017-01-20T16:54:58","slug":"distribution-de-sacs-reutilisables-siredom","status":"publish","type":"post","link":"https:\/\/www.abbevillelariviere.fr\/?p=1358","title":{"rendered":"Distribution de sacs r\u00e9utilisables par le SIREDOM"},"content":{"rendered":"<p>Mesdames, Messieurs,<\/p>\n<p>Depuis,\u00a0 le 1er janvier 2017, les sacs plastiques \u00e0 usage unique sont interdits, en dehors des sacs compostables et biosourc\u00e9s.<\/p>\n<p>Le SIREDOM accompagne les usagers dans cette nouvelle d\u00e9marche citoyenne et lance une campagne \u00ab sacs r\u00e9utilisables \u00bb du 21 au 31 janvier 2017.<\/p>\n<p>Chaque usager se rendant dans les \u00e9co-centres du territoire du Syndicat pour y d\u00e9poser ses d\u00e9chets, se verra remettre gracieusement un sac r\u00e9utilisable, r\u00e9pondant aux exigences de la loi de transition \u00e9nerg\u00e9tique.<\/p>\n<p>Vous trouverez en pi\u00e8ce jointe et ci-dessous le visuel de cette op\u00e9ration que vous pouvez relayer par le biais vos supports de communication.<\/p>\n<p>Bien cordialement,<\/p>\n<p><a href=\"http:\/\/www.abbevillelariviere.fr\/wp-content\/uploads\/2017\/01\/Capture-d\u2019e\u0301cran-2017-01-20-a\u0300-17.51.55.png\"><img loading=\"lazy\" decoding=\"async\" class=\"alignnone size-full wp-image-1360\" src=\"http:\/\/www.abbevillelariviere.fr\/wp-content\/uploads\/2017\/01\/Capture-d\u2019e\u0301cran-2017-01-20-a\u0300-17.51.55.png\" alt=\"Capture d\u2019e\u0301cran 2017-01-20 a\u0300 17.51.55\" width=\"629\" height=\"429\" srcset=\"https:\/\/www.abbevillelariviere.fr\/wp-content\/uploads\/2017\/01\/Capture-d\u2019e\u0301cran-2017-01-20-a\u0300-17.51.55.png 629w, https:\/\/www.abbevillelariviere.fr\/wp-content\/uploads\/2017\/01\/Capture-d\u2019e\u0301cran-2017-01-20-a\u0300-17.51.55-300x205.png 300w, https:\/\/www.abbevillelariviere.fr\/wp-content\/uploads\/2017\/01\/Capture-d\u2019e\u0301cran-2017-01-20-a\u0300-17.51.55-600x409.png 600w\" sizes=\"(max-width: 629px) 100vw, 629px\" \/><\/a><\/p>\n","protected":false},"excerpt":{"rendered":"<p>Mesdames, Messieurs, Depuis,\u00a0 le 1er janvier 2017, les sacs plastiques \u00e0 usage unique sont interdits, en dehors des sacs compostables et biosourc\u00e9s. Le SIREDOM accompagne les usagers dans cette nouvelle [&hellip;]<\/p>\n","protected":false},"author":1,"featured_media":1359,"comment_status":"closed","ping_status":"closed","sticky":false,"template":"","format":"standard","meta":{"site-sidebar-layout":"default","site-content-layout":"","ast-site-content-layout":"","site-content-style":"default","site-sidebar-style":"default","ast-global-header-display":"","ast-banner-title-visibility":"","ast-main-header-display":"","ast-hfb-above-header-display":"","ast-hfb-below-header-display":"","ast-hfb-mobile-header-display":"","site-post-title":"","ast-breadcrumbs-content":"","ast-featured-img":"","footer-sml-layout":"","theme-transparent-header-meta":"","adv-header-id-meta":"","stick-header-meta":"","header-above-stick-meta":"","header-main-stick-meta":"","header-below-stick-meta":"","astra-migrate-meta-layouts":"default","ast-page-background-enabled":"default","ast-page-background-meta":{"desktop":{"background-color":"var(--ast-global-color-4)","background-image":"","background-repeat":"repeat","background-position":"center center","background-size":"auto","background-attachment":"scroll","background-type":"","background-media":"","overlay-type":"","overlay-color":"","overlay-opacity":"","overlay-gradient":""},"tablet":{"background-color":"","background-image":"","background-repeat":"repeat","background-position":"center center","background-size":"auto","background-attachment":"scroll","background-type":"","background-media":"","overlay-type":"","overlay-color":"","overlay-opacity":"","overlay-gradient":""},"mobile":{"background-color":"","background-image":"","background-repeat":"repeat","background-position":"center center","background-size":"auto","background-attachment":"scroll","background-type":"","background-media":"","overlay-type":"","overlay-color":"","overlay-opacity":"","overlay-gradient":""}},"ast-content-background-meta":{"desktop":{"background-color":"var(--ast-global-color-5)","background-image":"","background-repeat":"repeat","background-position":"center center","background-size":"auto","background-attachment":"scroll","background-type":"","background-media":"","overlay-type":"","overlay-color":"","overlay-opacity":"","overlay-gradient":""},"tablet":{"background-color":"var(--ast-global-color-5)","background-image":"","background-repeat":"repeat","background-position":"center center","background-size":"auto","background-attachment":"scroll","background-type":"","background-media":"","overlay-type":"","overlay-color":"","overlay-opacity":"","overlay-gradient":""},"mobile":{"background-color":"var(--ast-global-color-5)","background-image":"","background-repeat":"repeat","background-position":"center center","background-size":"auto","background-attachment":"scroll","background-type":"","background-media":"","overlay-type":"","overlay-color":"","overlay-opacity":"","overlay-gradient":""}},"_EventAllDay":false,"_EventTimezone":"","_EventStartDate":"","_EventEndDate":"","_EventStartDateUTC":"","_EventEndDateUTC":"","_EventShowMap":false,"_EventShowMapLink":false,"_EventURL":"","_EventCost":"","_EventCostDescription":"","_EventCurrencySymbol":"","_EventCurrencyCode":"","_EventCurrencyPosition":"","_EventDateTimeSeparator":"","_EventTimeRangeSeparator":"","_EventOrganizerID":[],"_EventVenueID":[],"_OrganizerEmail":"","_OrganizerPhone":"","_OrganizerWebsite":"","_VenueAddress":"","_VenueCity":"","_VenueCountry":"","_VenueProvince":"","_VenueState":"","_VenueZip":"","_VenuePhone":"","_VenueURL":"","_VenueStateProvince":"","_VenueLat":"","_VenueLng":"","_VenueShowMap":false,"_VenueShowMapLink":false,"footnotes":""},"categories":[11,12,3],"tags":[],"class_list":["post-1358","post","type-post","status-publish","format-standard","has-post-thumbnail","hentry","category-au-quotidien","category-environnement","category-les-billets-du-maire"],"_links":{"self":[{"href":"https:\/\/www.abbevillelariviere.fr\/index.php?rest_route=\/wp\/v2\/posts\/1358"}],"collection":[{"href":"https:\/\/www.abbevillelariviere.fr\/index.php?rest_route=\/wp\/v2\/posts"}],"about":[{"href":"https:\/\/www.abbevillelariviere.fr\/index.php?rest_route=\/wp\/v2\/types\/post"}],"author":[{"embeddable":true,"href":"https:\/\/www.abbevillelariviere.fr\/index.php?rest_route=\/wp\/v2\/users\/1"}],"replies":[{"embeddable":true,"href":"https:\/\/www.abbevillelariviere.fr\/index.php?rest_route=%2Fwp%2Fv2%2Fcomments&post=1358"}],"version-history":[{"count":2,"href":"https:\/\/www.abbevillelariviere.fr\/index.php?rest_route=\/wp\/v2\/posts\/1358\/revisions"}],"predecessor-version":[{"id":1362,"href":"https:\/\/www.abbevillelariviere.fr\/index.php?rest_route=\/wp\/v2\/posts\/1358\/revisions\/1362"}],"wp:featuredmedia":[{"embeddable":true,"href":"https:\/\/www.abbevillelariviere.fr\/index.php?rest_route=\/wp\/v2\/media\/1359"}],"wp:attachment":[{"href":"https:\/\/www.abbevillelariviere.fr\/index.php?rest_route=%2Fwp%2Fv2%2Fmedia&parent=1358"}],"wp:term":[{"taxonomy":"category","embeddable":true,"href":"https:\/\/www.abbevillelariviere.fr\/index.php?rest_route=%2Fwp%2Fv2%2Fcategories&post=1358"},{"taxonomy":"post_tag","embeddable":true,"href":"https:\/\/www.abbevillelariviere.fr\/index.php?rest_route=%2Fwp%2Fv2%2Ftags&post=1358"}],"curies":[{"name":"wp","href":"https:\/\/api.w.org\/{rel}","templated":true}]}}