{"id":1383,"date":"2017-03-29T17:49:09","date_gmt":"2017-03-29T17:49:09","guid":{"rendered":"http:\/\/www.abbevillelariviere.fr\/?p=1383"},"modified":"2017-03-29T17:49:09","modified_gmt":"2017-03-29T17:49:09","slug":"petition-nettoyage-de-ses-routes","status":"publish","type":"post","link":"https:\/\/www.abbevillelariviere.fr\/?p=1383","title":{"rendered":"PETITION &#8211; Nettoyage de ses routes"},"content":{"rendered":"<p>Madame le Maire, Monsieur le Maire,<\/p>\n<p>Face \u00e0 la d\u00e9gradation manifeste et intol\u00e9rable du r\u00e9seau routier en Essonne, je demande \u00e0 l\u2019Etat de prendre ses responsabilit\u00e9s.<\/p>\n<p>D\u00e9tritus, gravats, \u00e9vacuation des eaux encombr\u00e9es, murs anti-bruit tagu\u00e9s, panneaux de signalisation illisibles sous la crasse : les autoroutes franciliennes, sur certains tron\u00e7ons, font peine \u00e0 voir. Souvent nocifs et polluants, ces d\u00e9chets d\u00e9gradent durablement l\u2019environnement et mettent en jeu la s\u00e9curit\u00e9 des personnels d\u2019exploitation et des usagers.<\/p>\n<p>Nous ne pouvons pas pr\u00e9server seuls toute l\u2019\u00cele-de-France : l\u2019Etat doit prendre \u00e9galement conscience des enjeux environnementaux et s\u00e9curitaires li\u00e9s au nettoyage de ses routes. L&#8217;Essonne demande donc solennellement \u00e0 l\u2019\u00c9tat de s\u2019engager sur la propret\u00e9 du r\u00e9seau routier national pr\u00e9sent sur son territoire.<\/p>\n<p>C\u2019est l\u2019objectif de la p\u00e9tition mise en place par le D\u00e9partement de l\u2019Essonne. Je vous invite \u00e0 y souscrire massivement et \u00e0 la diffuser sur les sites internet de vos villes, dans vos journaux municipaux ainsi que sur vos r\u00e9seaux sociaux, pour qu\u2019enfin, les d\u00e9charges g\u00e9antes sur notre territoire disparaissent.<\/p>\n<p>Lien vers la p\u00e9tition : <a href=\"http:\/\/essonne.fr\/stop-dechets\">http:\/\/essonne.fr\/stop-dechets<\/a><\/p>\n<p>Bien fid\u00e8lement,<\/p>\n<p>Fran\u00e7ois Durovray,<br \/>\nPr\u00e9sident du Conseil d\u00e9partemental de l\u2019Essonne<\/p>\n","protected":false},"excerpt":{"rendered":"<p>Madame le Maire, Monsieur le Maire, Face \u00e0 la d\u00e9gradation manifeste et intol\u00e9rable du r\u00e9seau routier en Essonne, je demande \u00e0 l\u2019Etat de prendre ses responsabilit\u00e9s. D\u00e9tritus, gravats, \u00e9vacuation des [&hellip;]<\/p>\n","protected":false},"author":1,"featured_media":1384,"comment_status":"closed","ping_status":"closed","sticky":false,"template":"","format":"standard","meta":{"site-sidebar-layout":"default","site-content-layout":"","ast-site-content-layout":"","site-content-style":"default","site-sidebar-style":"default","ast-global-header-display":"","ast-banner-title-visibility":"","ast-main-header-display":"","ast-hfb-above-header-display":"","ast-hfb-below-header-display":"","ast-hfb-mobile-header-display":"","site-post-title":"","ast-breadcrumbs-content":"","ast-featured-img":"","footer-sml-layout":"","theme-transparent-header-meta":"","adv-header-id-meta":"","stick-header-meta":"","header-above-stick-meta":"","header-main-stick-meta":"","header-below-stick-meta":"","astra-migrate-meta-layouts":"default","ast-page-background-enabled":"default","ast-page-background-meta":{"desktop":{"background-color":"var(--ast-global-color-4)","background-image":"","background-repeat":"repeat","background-position":"center center","background-size":"auto","background-attachment":"scroll","background-type":"","background-media":"","overlay-type":"","overlay-color":"","overlay-opacity":"","overlay-gradient":""},"tablet":{"background-color":"","background-image":"","background-repeat":"repeat","background-position":"center center","background-size":"auto","background-attachment":"scroll","background-type":"","background-media":"","overlay-type":"","overlay-color":"","overlay-opacity":"","overlay-gradient":""},"mobile":{"background-color":"","background-image":"","background-repeat":"repeat","background-position":"center center","background-size":"auto","background-attachment":"scroll","background-type":"","background-media":"","overlay-type":"","overlay-color":"","overlay-opacity":"","overlay-gradient":""}},"ast-content-background-meta":{"desktop":{"background-color":"var(--ast-global-color-5)","background-image":"","background-repeat":"repeat","background-position":"center center","background-size":"auto","background-attachment":"scroll","background-type":"","background-media":"","overlay-type":"","overlay-color":"","overlay-opacity":"","overlay-gradient":""},"tablet":{"background-color":"var(--ast-global-color-5)","background-image":"","background-repeat":"repeat","background-position":"center center","background-size":"auto","background-attachment":"scroll","background-type":"","background-media":"","overlay-type":"","overlay-color":"","overlay-opacity":"","overlay-gradient":""},"mobile":{"background-color":"var(--ast-global-color-5)","background-image":"","background-repeat":"repeat","background-position":"center center","background-size":"auto","background-attachment":"scroll","background-type":"","background-media":"","overlay-type":"","overlay-color":"","overlay-opacity":"","overlay-gradient":""}},"_EventAllDay":false,"_EventTimezone":"","_EventStartDate":"","_EventEndDate":"","_EventStartDateUTC":"","_EventEndDateUTC":"","_EventShowMap":false,"_EventShowMapLink":false,"_EventURL":"","_EventCost":"","_EventCostDescription":"","_EventCurrencySymbol":"","_EventCurrencyCode":"","_EventCurrencyPosition":"","_EventDateTimeSeparator":"","_EventTimeRangeSeparator":"","_EventOrganizerID":[],"_EventVenueID":[],"_OrganizerEmail":"","_OrganizerPhone":"","_OrganizerWebsite":"","_VenueAddress":"","_VenueCity":"","_VenueCountry":"","_VenueProvince":"","_VenueState":"","_VenueZip":"","_VenuePhone":"","_VenueURL":"","_VenueStateProvince":"","_VenueLat":"","_VenueLng":"","_VenueShowMap":false,"_VenueShowMapLink":false,"footnotes":""},"categories":[12],"tags":[],"class_list":["post-1383","post","type-post","status-publish","format-standard","has-post-thumbnail","hentry","category-environnement"],"_links":{"self":[{"href":"https:\/\/www.abbevillelariviere.fr\/index.php?rest_route=\/wp\/v2\/posts\/1383"}],"collection":[{"href":"https:\/\/www.abbevillelariviere.fr\/index.php?rest_route=\/wp\/v2\/posts"}],"about":[{"href":"https:\/\/www.abbevillelariviere.fr\/index.php?rest_route=\/wp\/v2\/types\/post"}],"author":[{"embeddable":true,"href":"https:\/\/www.abbevillelariviere.fr\/index.php?rest_route=\/wp\/v2\/users\/1"}],"replies":[{"embeddable":true,"href":"https:\/\/www.abbevillelariviere.fr\/index.php?rest_route=%2Fwp%2Fv2%2Fcomments&post=1383"}],"version-history":[{"count":1,"href":"https:\/\/www.abbevillelariviere.fr\/index.php?rest_route=\/wp\/v2\/posts\/1383\/revisions"}],"predecessor-version":[{"id":1385,"href":"https:\/\/www.abbevillelariviere.fr\/index.php?rest_route=\/wp\/v2\/posts\/1383\/revisions\/1385"}],"wp:featuredmedia":[{"embeddable":true,"href":"https:\/\/www.abbevillelariviere.fr\/index.php?rest_route=\/wp\/v2\/media\/1384"}],"wp:attachment":[{"href":"https:\/\/www.abbevillelariviere.fr\/index.php?rest_route=%2Fwp%2Fv2%2Fmedia&parent=1383"}],"wp:term":[{"taxonomy":"category","embeddable":true,"href":"https:\/\/www.abbevillelariviere.fr\/index.php?rest_route=%2Fwp%2Fv2%2Fcategories&post=1383"},{"taxonomy":"post_tag","embeddable":true,"href":"https:\/\/www.abbevillelariviere.fr\/index.php?rest_route=%2Fwp%2Fv2%2Ftags&post=1383"}],"curies":[{"name":"wp","href":"https:\/\/api.w.org\/{rel}","templated":true}]}}