{"id":1387,"date":"2017-04-25T14:18:14","date_gmt":"2017-04-25T14:18:14","guid":{"rendered":"http:\/\/www.abbevillelariviere.fr\/?p=1387"},"modified":"2017-04-25T14:18:14","modified_gmt":"2017-04-25T14:18:14","slug":"papillons-du-jour","status":"publish","type":"post","link":"https:\/\/www.abbevillelariviere.fr\/?p=1387","title":{"rendered":"Papillons du jour"},"content":{"rendered":"<p>Profitant de la belle fin de journ\u00e9e du lundi 24 avril, je n&#8217;ai pu observer que quelques tr\u00e8s rares papillons, mais quels papillons !<\/p>\n<p>L&#8217;<span style=\"color: #993300;\">Hesp\u00e9rie de la mauve<\/span><br \/>\n(<em>Pyrgus malvae<\/em>)<\/p>\n<p>22 \u00e0 26 mm d&#8217;envergure, on peut l&#8217;observer de mars \u00e0 juillet.<\/p>\n<p><a href=\"http:\/\/www.abbevillelariviere.fr\/wp-content\/uploads\/2017\/04\/pap-hesperide-mauve.jpg\"><img loading=\"lazy\" decoding=\"async\" class=\"alignnone size-medium wp-image-1388\" src=\"http:\/\/www.abbevillelariviere.fr\/wp-content\/uploads\/2017\/04\/pap-hesperide-mauve-300x300.jpg\" alt=\"pap-hesperide-mauve\" width=\"300\" height=\"300\" srcset=\"https:\/\/www.abbevillelariviere.fr\/wp-content\/uploads\/2017\/04\/pap-hesperide-mauve-300x300.jpg 300w, https:\/\/www.abbevillelariviere.fr\/wp-content\/uploads\/2017\/04\/pap-hesperide-mauve-150x150.jpg 150w, https:\/\/www.abbevillelariviere.fr\/wp-content\/uploads\/2017\/04\/pap-hesperide-mauve-600x600.jpg 600w, https:\/\/www.abbevillelariviere.fr\/wp-content\/uploads\/2017\/04\/pap-hesperide-mauve-50x50.jpg 50w, https:\/\/www.abbevillelariviere.fr\/wp-content\/uploads\/2017\/04\/pap-hesperide-mauve.jpg 960w\" sizes=\"(max-width: 300px) 100vw, 300px\" \/><\/a><\/p>\n<p>&nbsp;<\/p>\n<p>L&#8217;<span style=\"color: #00ff00;\">Argus vert<\/span><br \/>\n(<em>Callophrys rubi<\/em>)<\/p>\n<p>La Th\u00e9cla de la ronce, toute petite (30 \u00e0 35 mm d&#8217;envergure), s&#8217;observe d&#8217;avril \u00e0 juin. Le dessus des ailes est marron. Les chenilles se nourrissent principalement sur les ronces et les gen\u00eats.<\/p>\n<p><a href=\"http:\/\/www.abbevillelariviere.fr\/wp-content\/uploads\/2017\/04\/pap-argus-vert-1.jpg\"><img loading=\"lazy\" decoding=\"async\" class=\"alignnone size-medium wp-image-1390\" src=\"http:\/\/www.abbevillelariviere.fr\/wp-content\/uploads\/2017\/04\/pap-argus-vert-1-300x214.jpg\" alt=\"pap-argus-vert-1\" width=\"300\" height=\"214\" srcset=\"https:\/\/www.abbevillelariviere.fr\/wp-content\/uploads\/2017\/04\/pap-argus-vert-1-300x214.jpg 300w, https:\/\/www.abbevillelariviere.fr\/wp-content\/uploads\/2017\/04\/pap-argus-vert-1-1024x731.jpg 1024w, https:\/\/www.abbevillelariviere.fr\/wp-content\/uploads\/2017\/04\/pap-argus-vert-1-600x428.jpg 600w, https:\/\/www.abbevillelariviere.fr\/wp-content\/uploads\/2017\/04\/pap-argus-vert-1.jpg 1357w\" sizes=\"(max-width: 300px) 100vw, 300px\" \/><\/a><br \/>\n<a href=\"http:\/\/www.abbevillelariviere.fr\/wp-content\/uploads\/2017\/04\/pap-arg-vert-2.jpg\"><img loading=\"lazy\" decoding=\"async\" class=\"alignnone size-medium wp-image-1391\" src=\"http:\/\/www.abbevillelariviere.fr\/wp-content\/uploads\/2017\/04\/pap-arg-vert-2-300x240.jpg\" alt=\"pap-arg-vert-2\" width=\"300\" height=\"240\" srcset=\"https:\/\/www.abbevillelariviere.fr\/wp-content\/uploads\/2017\/04\/pap-arg-vert-2-300x240.jpg 300w, https:\/\/www.abbevillelariviere.fr\/wp-content\/uploads\/2017\/04\/pap-arg-vert-2-1024x819.jpg 1024w, https:\/\/www.abbevillelariviere.fr\/wp-content\/uploads\/2017\/04\/pap-arg-vert-2-600x480.jpg 600w, https:\/\/www.abbevillelariviere.fr\/wp-content\/uploads\/2017\/04\/pap-arg-vert-2.jpg 1200w\" sizes=\"(max-width: 300px) 100vw, 300px\" \/><\/a><\/p>\n<p><span style=\"color: #ff6600;\">Carte g\u00e9ographique<\/span> 1\u00e8re g\u00e9n\u00e9ration<br \/>\n(<em>Araschnia levana<\/em>)<\/p>\n<p>Cette esp\u00e8ce pr\u00e9sente deux g\u00e9n\u00e9rations chaque ann\u00e9e. On peut observer la premi\u00e8re g\u00e9n\u00e9ration de mars \u00e0 mai\/juin. 28 \u00e0 40 mm d&#8217;envergure.<\/p>\n<p><a href=\"http:\/\/www.abbevillelariviere.fr\/wp-content\/uploads\/2017\/04\/pap-carte-geo-1er-65.jpg\"><img loading=\"lazy\" decoding=\"async\" class=\"alignnone size-medium wp-image-1392\" src=\"http:\/\/www.abbevillelariviere.fr\/wp-content\/uploads\/2017\/04\/pap-carte-geo-1er-65-300x240.jpg\" alt=\"pap-carte-geo-1er-65\" width=\"300\" height=\"240\" srcset=\"https:\/\/www.abbevillelariviere.fr\/wp-content\/uploads\/2017\/04\/pap-carte-geo-1er-65-300x240.jpg 300w, https:\/\/www.abbevillelariviere.fr\/wp-content\/uploads\/2017\/04\/pap-carte-geo-1er-65-1024x819.jpg 1024w, https:\/\/www.abbevillelariviere.fr\/wp-content\/uploads\/2017\/04\/pap-carte-geo-1er-65-600x480.jpg 600w, https:\/\/www.abbevillelariviere.fr\/wp-content\/uploads\/2017\/04\/pap-carte-geo-1er-65.jpg 1200w\" sizes=\"(max-width: 300px) 100vw, 300px\" \/><\/a><\/p>\n<p>La plante nourrici\u00e8re de la chenille est l&#8217;ortie.<\/p>\n<p>Avec la disparition des ronces, des chardons et des orties, nous perdons une grande richesse, ces &#8220;mauvaises herbes&#8221; abritant de multiples esp\u00e8ces.<\/p>\n","protected":false},"excerpt":{"rendered":"<p>Profitant de la belle fin de journ\u00e9e du lundi 24 avril, je n&#8217;ai pu observer que quelques tr\u00e8s rares papillons, mais quels papillons ! L&#8217;Hesp\u00e9rie de la mauve (Pyrgus malvae) [&hellip;]<\/p>\n","protected":false},"author":4,"featured_media":1391,"comment_status":"closed","ping_status":"closed","sticky":false,"template":"","format":"standard","meta":{"site-sidebar-layout":"default","site-content-layout":"","ast-site-content-layout":"","site-content-style":"default","site-sidebar-style":"default","ast-global-header-display":"","ast-banner-title-visibility":"","ast-main-header-display":"","ast-hfb-above-header-display":"","ast-hfb-below-header-display":"","ast-hfb-mobile-header-display":"","site-post-title":"","ast-breadcrumbs-content":"","ast-featured-img":"","footer-sml-layout":"","theme-transparent-header-meta":"","adv-header-id-meta":"","stick-header-meta":"","header-above-stick-meta":"","header-main-stick-meta":"","header-below-stick-meta":"","astra-migrate-meta-layouts":"default","ast-page-background-enabled":"default","ast-page-background-meta":{"desktop":{"background-color":"var(--ast-global-color-4)","background-image":"","background-repeat":"repeat","background-position":"center center","background-size":"auto","background-attachment":"scroll","background-type":"","background-media":"","overlay-type":"","overlay-color":"","overlay-opacity":"","overlay-gradient":""},"tablet":{"background-color":"","background-image":"","background-repeat":"repeat","background-position":"center center","background-size":"auto","background-attachment":"scroll","background-type":"","background-media":"","overlay-type":"","overlay-color":"","overlay-opacity":"","overlay-gradient":""},"mobile":{"background-color":"","background-image":"","background-repeat":"repeat","background-position":"center center","background-size":"auto","background-attachment":"scroll","background-type":"","background-media":"","overlay-type":"","overlay-color":"","overlay-opacity":"","overlay-gradient":""}},"ast-content-background-meta":{"desktop":{"background-color":"var(--ast-global-color-5)","background-image":"","background-repeat":"repeat","background-position":"center center","background-size":"auto","background-attachment":"scroll","background-type":"","background-media":"","overlay-type":"","overlay-color":"","overlay-opacity":"","overlay-gradient":""},"tablet":{"background-color":"var(--ast-global-color-5)","background-image":"","background-repeat":"repeat","background-position":"center center","background-size":"auto","background-attachment":"scroll","background-type":"","background-media":"","overlay-type":"","overlay-color":"","overlay-opacity":"","overlay-gradient":""},"mobile":{"background-color":"var(--ast-global-color-5)","background-image":"","background-repeat":"repeat","background-position":"center center","background-size":"auto","background-attachment":"scroll","background-type":"","background-media":"","overlay-type":"","overlay-color":"","overlay-opacity":"","overlay-gradient":""}},"_EventAllDay":false,"_EventTimezone":"","_EventStartDate":"","_EventEndDate":"","_EventStartDateUTC":"","_EventEndDateUTC":"","_EventShowMap":false,"_EventShowMapLink":false,"_EventURL":"","_EventCost":"","_EventCostDescription":"","_EventCurrencySymbol":"","_EventCurrencyCode":"","_EventCurrencyPosition":"","_EventDateTimeSeparator":"","_EventTimeRangeSeparator":"","_EventOrganizerID":[],"_EventVenueID":[],"_OrganizerEmail":"","_OrganizerPhone":"","_OrganizerWebsite":"","_VenueAddress":"","_VenueCity":"","_VenueCountry":"","_VenueProvince":"","_VenueState":"","_VenueZip":"","_VenuePhone":"","_VenueURL":"","_VenueStateProvince":"","_VenueLat":"","_VenueLng":"","_VenueShowMap":false,"_VenueShowMapLink":false,"footnotes":""},"categories":[22],"tags":[166,154,157,164,165,159,160,161,158,163,162,155],"class_list":["post-1387","post","type-post","status-publish","format-standard","has-post-thumbnail","hentry","category-faune-et-flore","tag-araschnia-levana","tag-argus-vert","tag-callophrys-rubi","tag-carte-geographique","tag-carte-geographique-premiere-generation","tag-genets","tag-hesperie-de-la-mauve","tag-hesperie-du-chardon","tag-lycene","tag-pyrgus-malvae","tag-tachete","tag-thecla-de-la-ronce"],"_links":{"self":[{"href":"https:\/\/www.abbevillelariviere.fr\/index.php?rest_route=\/wp\/v2\/posts\/1387"}],"collection":[{"href":"https:\/\/www.abbevillelariviere.fr\/index.php?rest_route=\/wp\/v2\/posts"}],"about":[{"href":"https:\/\/www.abbevillelariviere.fr\/index.php?rest_route=\/wp\/v2\/types\/post"}],"author":[{"embeddable":true,"href":"https:\/\/www.abbevillelariviere.fr\/index.php?rest_route=\/wp\/v2\/users\/4"}],"replies":[{"embeddable":true,"href":"https:\/\/www.abbevillelariviere.fr\/index.php?rest_route=%2Fwp%2Fv2%2Fcomments&post=1387"}],"version-history":[{"count":3,"href":"https:\/\/www.abbevillelariviere.fr\/index.php?rest_route=\/wp\/v2\/posts\/1387\/revisions"}],"predecessor-version":[{"id":1394,"href":"https:\/\/www.abbevillelariviere.fr\/index.php?rest_route=\/wp\/v2\/posts\/1387\/revisions\/1394"}],"wp:featuredmedia":[{"embeddable":true,"href":"https:\/\/www.abbevillelariviere.fr\/index.php?rest_route=\/wp\/v2\/media\/1391"}],"wp:attachment":[{"href":"https:\/\/www.abbevillelariviere.fr\/index.php?rest_route=%2Fwp%2Fv2%2Fmedia&parent=1387"}],"wp:term":[{"taxonomy":"category","embeddable":true,"href":"https:\/\/www.abbevillelariviere.fr\/index.php?rest_route=%2Fwp%2Fv2%2Fcategories&post=1387"},{"taxonomy":"post_tag","embeddable":true,"href":"https:\/\/www.abbevillelariviere.fr\/index.php?rest_route=%2Fwp%2Fv2%2Ftags&post=1387"}],"curies":[{"name":"wp","href":"https:\/\/api.w.org\/{rel}","templated":true}]}}