{"id":1422,"date":"2017-07-01T08:26:41","date_gmt":"2017-07-01T08:26:41","guid":{"rendered":"http:\/\/www.abbevillelariviere.fr\/?p=1422"},"modified":"2017-07-01T08:26:41","modified_gmt":"2017-07-01T08:26:41","slug":"mereville-les-1er-et-2-juillet-les-traverses-2017","status":"publish","type":"post","link":"https:\/\/www.abbevillelariviere.fr\/?p=1422","title":{"rendered":"MEREVILLE &#8211; LES 1er et 2 Juillet &#8211; LES TRAVERSES 2017"},"content":{"rendered":"<h2 class=\"article-full__header\">Cirque, musique, th\u00e9\u00e2tre\u2026 Exceptionnellement, le festival des Traverses se tiendra sur deux jours de f\u00eate et de spectacles, tous gratuits.<\/h2>\n<div>\n<p>L\u2019association Farine de froment offre au public, chaque premier week-end de juillet, des \u00ab bulles d\u2019air \u00bb \u00e0 M\u00e9r\u00e9ville. Mais samedi et dimanche, le festival des Traverses, soutenu par la mairie, l\u2019intercommunalit\u00e9 de l\u2019Etampois et le conseil d\u00e9partemental, prend une tournure encore plus importante car le rendez-vous culturel et festif c\u00e9l\u00e8bre ses 10 ans d\u2019existence.<\/p>\n<p>Comme depuis le d\u00e9but, cette manifestation m\u00eale pratiques artistiques d\u2019amateurs et d\u2019artistes professionnels. Et malgr\u00e9 le nombre de spectacles, le public n\u2019a rien \u00e0 d\u00e9bourser : tout est gratuit.<\/p>\n<\/div>\n<p><em>Gratuit. Samedi \u00e0 partir de 18 heures place de la Halle, et dimanche \u00e0 partir de 12h30 dans le parc du domaine de M\u00e9r\u00e9ville. Programme sur <a href=\"http:\/\/www.lestraverses.org\/\" target=\"_blank\">www.lestraverses.org<\/a>. Renseignements au 01.64.95.00.98.<\/em><\/p>\n<p><a href=\"http:\/\/www.abbevillelariviere.fr\/wp-content\/uploads\/2017\/07\/traverse2017flyer.png\"><img loading=\"lazy\" decoding=\"async\" class=\"alignnone size-full wp-image-1424\" src=\"http:\/\/www.abbevillelariviere.fr\/wp-content\/uploads\/2017\/07\/traverse2017flyer.png\" alt=\"traverse2017flyer\" width=\"451\" height=\"633\" srcset=\"https:\/\/www.abbevillelariviere.fr\/wp-content\/uploads\/2017\/07\/traverse2017flyer.png 451w, https:\/\/www.abbevillelariviere.fr\/wp-content\/uploads\/2017\/07\/traverse2017flyer-214x300.png 214w\" sizes=\"(max-width: 451px) 100vw, 451px\" \/><\/a><\/p>\n<p>&nbsp;<\/p>\n","protected":false},"excerpt":{"rendered":"<p>Cirque, musique, th\u00e9\u00e2tre\u2026 Exceptionnellement, le festival des Traverses se tiendra sur deux jours de f\u00eate et de spectacles, tous gratuits. L\u2019association Farine de froment offre au public, chaque premier week-end [&hellip;]<\/p>\n","protected":false},"author":1,"featured_media":1423,"comment_status":"closed","ping_status":"closed","sticky":false,"template":"","format":"standard","meta":{"site-sidebar-layout":"default","site-content-layout":"","ast-site-content-layout":"","site-content-style":"default","site-sidebar-style":"default","ast-global-header-display":"","ast-banner-title-visibility":"","ast-main-header-display":"","ast-hfb-above-header-display":"","ast-hfb-below-header-display":"","ast-hfb-mobile-header-display":"","site-post-title":"","ast-breadcrumbs-content":"","ast-featured-img":"","footer-sml-layout":"","theme-transparent-header-meta":"","adv-header-id-meta":"","stick-header-meta":"","header-above-stick-meta":"","header-main-stick-meta":"","header-below-stick-meta":"","astra-migrate-meta-layouts":"default","ast-page-background-enabled":"default","ast-page-background-meta":{"desktop":{"background-color":"var(--ast-global-color-4)","background-image":"","background-repeat":"repeat","background-position":"center center","background-size":"auto","background-attachment":"scroll","background-type":"","background-media":"","overlay-type":"","overlay-color":"","overlay-opacity":"","overlay-gradient":""},"tablet":{"background-color":"","background-image":"","background-repeat":"repeat","background-position":"center center","background-size":"auto","background-attachment":"scroll","background-type":"","background-media":"","overlay-type":"","overlay-color":"","overlay-opacity":"","overlay-gradient":""},"mobile":{"background-color":"","background-image":"","background-repeat":"repeat","background-position":"center center","background-size":"auto","background-attachment":"scroll","background-type":"","background-media":"","overlay-type":"","overlay-color":"","overlay-opacity":"","overlay-gradient":""}},"ast-content-background-meta":{"desktop":{"background-color":"var(--ast-global-color-5)","background-image":"","background-repeat":"repeat","background-position":"center center","background-size":"auto","background-attachment":"scroll","background-type":"","background-media":"","overlay-type":"","overlay-color":"","overlay-opacity":"","overlay-gradient":""},"tablet":{"background-color":"var(--ast-global-color-5)","background-image":"","background-repeat":"repeat","background-position":"center center","background-size":"auto","background-attachment":"scroll","background-type":"","background-media":"","overlay-type":"","overlay-color":"","overlay-opacity":"","overlay-gradient":""},"mobile":{"background-color":"var(--ast-global-color-5)","background-image":"","background-repeat":"repeat","background-position":"center center","background-size":"auto","background-attachment":"scroll","background-type":"","background-media":"","overlay-type":"","overlay-color":"","overlay-opacity":"","overlay-gradient":""}},"_EventAllDay":false,"_EventTimezone":"","_EventStartDate":"","_EventEndDate":"","_EventStartDateUTC":"","_EventEndDateUTC":"","_EventShowMap":false,"_EventShowMapLink":false,"_EventURL":"","_EventCost":"","_EventCostDescription":"","_EventCurrencySymbol":"","_EventCurrencyCode":"","_EventCurrencyPosition":"","_EventDateTimeSeparator":"","_EventTimeRangeSeparator":"","_EventOrganizerID":[],"_EventVenueID":[],"_OrganizerEmail":"","_OrganizerPhone":"","_OrganizerWebsite":"","_VenueAddress":"","_VenueCity":"","_VenueCountry":"","_VenueProvince":"","_VenueState":"","_VenueZip":"","_VenuePhone":"","_VenueURL":"","_VenueStateProvince":"","_VenueLat":"","_VenueLng":"","_VenueShowMap":false,"_VenueShowMapLink":false,"footnotes":""},"categories":[11,3],"tags":[],"class_list":["post-1422","post","type-post","status-publish","format-standard","has-post-thumbnail","hentry","category-au-quotidien","category-les-billets-du-maire"],"_links":{"self":[{"href":"https:\/\/www.abbevillelariviere.fr\/index.php?rest_route=\/wp\/v2\/posts\/1422"}],"collection":[{"href":"https:\/\/www.abbevillelariviere.fr\/index.php?rest_route=\/wp\/v2\/posts"}],"about":[{"href":"https:\/\/www.abbevillelariviere.fr\/index.php?rest_route=\/wp\/v2\/types\/post"}],"author":[{"embeddable":true,"href":"https:\/\/www.abbevillelariviere.fr\/index.php?rest_route=\/wp\/v2\/users\/1"}],"replies":[{"embeddable":true,"href":"https:\/\/www.abbevillelariviere.fr\/index.php?rest_route=%2Fwp%2Fv2%2Fcomments&post=1422"}],"version-history":[{"count":1,"href":"https:\/\/www.abbevillelariviere.fr\/index.php?rest_route=\/wp\/v2\/posts\/1422\/revisions"}],"predecessor-version":[{"id":1425,"href":"https:\/\/www.abbevillelariviere.fr\/index.php?rest_route=\/wp\/v2\/posts\/1422\/revisions\/1425"}],"wp:featuredmedia":[{"embeddable":true,"href":"https:\/\/www.abbevillelariviere.fr\/index.php?rest_route=\/wp\/v2\/media\/1423"}],"wp:attachment":[{"href":"https:\/\/www.abbevillelariviere.fr\/index.php?rest_route=%2Fwp%2Fv2%2Fmedia&parent=1422"}],"wp:term":[{"taxonomy":"category","embeddable":true,"href":"https:\/\/www.abbevillelariviere.fr\/index.php?rest_route=%2Fwp%2Fv2%2Fcategories&post=1422"},{"taxonomy":"post_tag","embeddable":true,"href":"https:\/\/www.abbevillelariviere.fr\/index.php?rest_route=%2Fwp%2Fv2%2Ftags&post=1422"}],"curies":[{"name":"wp","href":"https:\/\/api.w.org\/{rel}","templated":true}]}}