{"id":1426,"date":"2017-07-01T08:36:09","date_gmt":"2017-07-01T08:36:09","guid":{"rendered":"http:\/\/www.abbevillelariviere.fr\/?p=1426"},"modified":"2017-07-01T08:37:19","modified_gmt":"2017-07-01T08:37:19","slug":"concert-a-leouville-festiveole","status":"publish","type":"post","link":"https:\/\/www.abbevillelariviere.fr\/?p=1426","title":{"rendered":"CONCERT A LEOUVILLE &#8211; FESTIVEOLE"},"content":{"rendered":"<h1><strong><em>Concert \u00e0 L\u00e9ouville, ouverture des portes \u00e0 partir de 18h<\/em><\/strong>.<\/h1>\n<p>Nous avions la chance lors de notre concert \u00e0 Abb\u00e9ville et Arrancourt de voir des habitants des villages voisins venir soutenir notre \u00e9v\u00e8nement.<\/p>\n<p>Alors faisons de m\u00eame et allons chez notre voisin de <strong>LEOUVILLE<\/strong> pour soutenir leur initiative<\/p>\n<h1><strong><em>\u00a0<\/em><\/strong><\/h1>\n<p><a href=\"http:\/\/www.abbevillelariviere.fr\/wp-content\/uploads\/2017\/07\/Affiche-finale-Festiveole-2017.jpg\"><\/p>\n<div class=\"wc-shortcodes-row wc-shortcodes-item wc-shortcodes-clearfix\">\n<div class=\"wc-shortcodes-column wc-shortcodes-content wc-shortcodes-one-half wc-shortcodes-column-first \"><\/a><\/p>\n<p><strong><span style=\"text-decoration: underline;\">Vendredi 7 juillet<\/span><\/strong><\/p>\n<p><strong><em>Concert \u00e0 L\u00e9ouville, ouverture des portes \u00e0 partir de 18h<\/em><\/strong><\/p>\n<p><strong><em>Urbain Lambert<\/em><\/strong><\/p>\n<p>Urbain Lambert est un artiste de la r\u00e9gion chartraine. Sa musique est inspir\u00e9e de la country, du blues, du bluegrass et du cajun.<\/p>\n<p>http:\/\/www.urbainlambert.com\/<\/p>\n<p><strong><span style=\"text-decoration: underline;\">\u00a0<\/span><\/strong><\/p>\n<p><strong><span style=\"text-decoration: underline;\">Samedi 8juillet<\/span><\/strong><\/p>\n<p><strong><em>March\u00e9 de producteurs et artistes \u00e0 L\u00e9ouville, de 10h \u00e0 13h00<\/em><\/strong><\/p>\n<p>Vente de l\u00e9gumes Bio de la ferme et bi\u00e8re artisanale de L\u00e9ouville, truites de la pisciculture de M\u00e9r\u00e9ville, miel de Boisseaux, fromages de ch\u00e8vre de Yevre, lentilles et \u0153ufs Bio de Bazainville, sculptures en c\u00e9ramique froide de Mapatouille\u2026<\/p>\n<p>http:\/\/ferme-du-petit-hotel.blogspot.fr\/<\/p>\n<p><strong><span style=\"text-decoration: underline;\">\u00a0<\/span><\/strong><\/p>\n<p><strong>Concerts \u00e0 L\u00e9ouville, <em>ouverture des portes \u00e0 partir de 18h<\/em><\/strong><\/p>\n<p><strong><em>Julianne Joe<\/em><\/strong><\/p>\n<p>Les compositions de Julianne Joe m\u00e9langent les couleurs du blues, du folk, du rock et du funk. On peut penser \u00e0 Sinead O\u2019connor, les cranberries ou Suzanne Vega pour la voix et un mix entre Joni Mitchell et John Butler pour le jeu de guitare.<\/p>\n<p>https:\/\/www.facebook.com\/juliannejoe\/<\/p>\n<p><strong><em>\u00a0<\/em><\/strong><\/p>\n<p><strong><em>Summer Rebellion<\/em><\/strong><\/p>\n<p>&nbsp;<\/p>\n<p>Trio improbable avec batterie minimaliste et sur vitamin\u00e9e, accord\u00e9on virtuose et un chanteur avec une voix \u00e0 la Tom Waits\u00a0: Ca va d\u00e9coller la poussi\u00e8re\u00a0!<\/p>\n<p>http:\/\/www.thesummerrebellion.com\/<\/p>\n<p>&nbsp;<\/p>\n<p><strong><em>Akosh Szelev\u00e9nyi<\/em><\/strong><\/p>\n<p>Akosh est un artiste hongrois. Saxophoniste multi instrumentiste, il propage une musique brute, entre folklore magyare et free-jazz. Il est surtout connu du grand public pour ses collaborations avec le groupe Noir D\u00e9sir \u2026 C\u2019est un immense plaisir d\u2019accueillir ce tr\u00e8s grand artiste \u00e0 FestivEole.<\/p>\n<p>http:\/\/akosh-s.com\/<\/p>\n<p>&nbsp;<\/p>\n<p><strong><em>Djazia Satour<\/em><\/strong><\/p>\n<p>Une musique aux couleurs orientales, m\u00ealant chanson, trip-hop, blues, et des accents soul. Djazia est accompagn\u00e9e par 4 musiciens talentueux, dont R\u00e9mi, le batteur du groupe Leonid, pr\u00e9sent en 2016.<\/p>\n<p>http:\/\/www.djaziasatour.com\/<\/p>\n<p><strong><span style=\"text-decoration: underline;\">\u00a0<\/span><\/strong><\/p>\n<p><strong><span style=\"text-decoration: underline;\">Dimanche 9 juillet<\/span><\/strong><\/p>\n<p><strong>Concerts \u00e0 Pithiviers, \u00e0 partir de 15h, caf\u00e9 \u2018La porte d\u2019Orl\u00e9ans\u2019<\/strong><\/p>\n<p><strong><em>Yavanna<\/em><\/strong><\/p>\n<p>La chanteuse Orl\u00e9anaise Yavana poss\u00e8de un r\u00e9pertoire qui passe tant\u00f4t par la pop, le RnB, au Rap, Rock, Latino, Electro\u2026 Yavanna se produira dans un lieu connu, puisqu\u2019elle a d\u00e9j\u00e0 fait un concert \u00e0 La porte d\u2019Orl\u00e9ans, fin 2016.<\/p>\n<p><a href=\"https:\/\/www.facebook.com\/Yavannapage\/\">https:\/\/www.facebook.com\/Yavannapage\/<\/a><\/p>\n<p><strong><span style=\"text-decoration: underline;\">\u00a0<\/span><\/strong><\/p>\n<p><strong><span style=\"text-decoration: underline;\">Les lieux des concerts<\/span><\/strong><\/p>\n<p><strong><em>L\u00e9ouville \u2013 La ferme du Petit Hotel<\/em><\/strong><\/p>\n<p>La ferme est situ\u00e9e \u00e0 mi-chemin entre Angerville et Pithiviers. Les concerts ont lieu sous abri.<\/p>\n<p>Restauration le vendredi et samedi soir, buvette. Possibilit\u00e9 de camper sur place.<\/p>\n<p>&nbsp;<\/p>\n<p><strong><em>Pithiviers \u2013 Caf\u00e9 \u2018La porte d\u2019Orl\u00e9ans\u2019<\/em><\/strong><\/p>\n<p>Centre de Pithiviers, au 35 rue de la Couronne.<\/p>\n<p>&nbsp;<\/p>\n<p><strong><span style=\"text-decoration: underline;\">Les tarifs<\/span><\/strong><\/p>\n<p>Pass 2 jours\u00a0: 15 \u20ac \/ tarif r\u00e9duit 12 \u20ac,<\/p>\n<p>Samedi\u00a0: 12\u20ac \/ tarif r\u00e9duit 10\u20ac &#8211; Vendredi\u00a0: 5 \u20ac \/ tarif r\u00e9duit 4 \u20ac<\/p>\n<p>Entr\u00e9e libre pour les moins de 15 ans\u00a0\u00a0 &#8211;\u00a0\u00a0 Tarif r\u00e9duit\u00a0: Etudiant, en recherche d\u2019emploi, &#8211; de 18 ans<\/p>\n<p>Dimanche : Entr\u00e9e libre<\/p>\n<\/div>\n<div class=\"wc-shortcodes-column wc-shortcodes-content wc-shortcodes-one-half wc-shortcodes-column-last \">\n<p><a href=\"http:\/\/www.abbevillelariviere.fr\/wp-content\/uploads\/2017\/07\/Affiche-finale-Festiveole-2017.jpg\"><img loading=\"lazy\" decoding=\"async\" class=\"alignnone size-large wp-image-1428\" src=\"http:\/\/www.abbevillelariviere.fr\/wp-content\/uploads\/2017\/07\/Affiche-finale-Festiveole-2017-724x1024.jpg\" alt=\"Affiche finale Festiveole 2017\" width=\"610\" height=\"863\" srcset=\"https:\/\/www.abbevillelariviere.fr\/wp-content\/uploads\/2017\/07\/Affiche-finale-Festiveole-2017-724x1024.jpg 724w, https:\/\/www.abbevillelariviere.fr\/wp-content\/uploads\/2017\/07\/Affiche-finale-Festiveole-2017-212x300.jpg 212w, https:\/\/www.abbevillelariviere.fr\/wp-content\/uploads\/2017\/07\/Affiche-finale-Festiveole-2017-600x848.jpg 600w, https:\/\/www.abbevillelariviere.fr\/wp-content\/uploads\/2017\/07\/Affiche-finale-Festiveole-2017.jpg 1754w\" sizes=\"(max-width: 610px) 100vw, 610px\" \/><\/a><\/p>\n<p><a href=\"http:\/\/www.abbevillelariviere.fr\/wp-content\/uploads\/2017\/07\/Affiche-finale-Festiveole-2017.jpg\"><\/div>\n<\/div>\n<p><\/a><\/p>\n","protected":false},"excerpt":{"rendered":"<p>Concert \u00e0 L\u00e9ouville, ouverture des portes \u00e0 partir de 18h. Nous avions la chance lors de notre concert \u00e0 Abb\u00e9ville et Arrancourt de voir des habitants des villages voisins venir [&hellip;]<\/p>\n","protected":false},"author":1,"featured_media":1427,"comment_status":"closed","ping_status":"closed","sticky":false,"template":"","format":"standard","meta":{"site-sidebar-layout":"default","site-content-layout":"","ast-site-content-layout":"","site-content-style":"default","site-sidebar-style":"default","ast-global-header-display":"","ast-banner-title-visibility":"","ast-main-header-display":"","ast-hfb-above-header-display":"","ast-hfb-below-header-display":"","ast-hfb-mobile-header-display":"","site-post-title":"","ast-breadcrumbs-content":"","ast-featured-img":"","footer-sml-layout":"","theme-transparent-header-meta":"","adv-header-id-meta":"","stick-header-meta":"","header-above-stick-meta":"","header-main-stick-meta":"","header-below-stick-meta":"","astra-migrate-meta-layouts":"default","ast-page-background-enabled":"default","ast-page-background-meta":{"desktop":{"background-color":"var(--ast-global-color-4)","background-image":"","background-repeat":"repeat","background-position":"center center","background-size":"auto","background-attachment":"scroll","background-type":"","background-media":"","overlay-type":"","overlay-color":"","overlay-opacity":"","overlay-gradient":""},"tablet":{"background-color":"","background-image":"","background-repeat":"repeat","background-position":"center center","background-size":"auto","background-attachment":"scroll","background-type":"","background-media":"","overlay-type":"","overlay-color":"","overlay-opacity":"","overlay-gradient":""},"mobile":{"background-color":"","background-image":"","background-repeat":"repeat","background-position":"center center","background-size":"auto","background-attachment":"scroll","background-type":"","background-media":"","overlay-type":"","overlay-color":"","overlay-opacity":"","overlay-gradient":""}},"ast-content-background-meta":{"desktop":{"background-color":"var(--ast-global-color-5)","background-image":"","background-repeat":"repeat","background-position":"center center","background-size":"auto","background-attachment":"scroll","background-type":"","background-media":"","overlay-type":"","overlay-color":"","overlay-opacity":"","overlay-gradient":""},"tablet":{"background-color":"var(--ast-global-color-5)","background-image":"","background-repeat":"repeat","background-position":"center center","background-size":"auto","background-attachment":"scroll","background-type":"","background-media":"","overlay-type":"","overlay-color":"","overlay-opacity":"","overlay-gradient":""},"mobile":{"background-color":"var(--ast-global-color-5)","background-image":"","background-repeat":"repeat","background-position":"center center","background-size":"auto","background-attachment":"scroll","background-type":"","background-media":"","overlay-type":"","overlay-color":"","overlay-opacity":"","overlay-gradient":""}},"_EventAllDay":false,"_EventTimezone":"","_EventStartDate":"","_EventEndDate":"","_EventStartDateUTC":"","_EventEndDateUTC":"","_EventShowMap":false,"_EventShowMapLink":false,"_EventURL":"","_EventCost":"","_EventCostDescription":"","_EventCurrencySymbol":"","_EventCurrencyCode":"","_EventCurrencyPosition":"","_EventDateTimeSeparator":"","_EventTimeRangeSeparator":"","_EventOrganizerID":[],"_EventVenueID":[],"_OrganizerEmail":"","_OrganizerPhone":"","_OrganizerWebsite":"","_VenueAddress":"","_VenueCity":"","_VenueCountry":"","_VenueProvince":"","_VenueState":"","_VenueZip":"","_VenuePhone":"","_VenueURL":"","_VenueStateProvince":"","_VenueLat":"","_VenueLng":"","_VenueShowMap":false,"_VenueShowMapLink":false,"footnotes":""},"categories":[1],"tags":[],"class_list":["post-1426","post","type-post","status-publish","format-standard","has-post-thumbnail","hentry","category-non-classe"],"_links":{"self":[{"href":"https:\/\/www.abbevillelariviere.fr\/index.php?rest_route=\/wp\/v2\/posts\/1426"}],"collection":[{"href":"https:\/\/www.abbevillelariviere.fr\/index.php?rest_route=\/wp\/v2\/posts"}],"about":[{"href":"https:\/\/www.abbevillelariviere.fr\/index.php?rest_route=\/wp\/v2\/types\/post"}],"author":[{"embeddable":true,"href":"https:\/\/www.abbevillelariviere.fr\/index.php?rest_route=\/wp\/v2\/users\/1"}],"replies":[{"embeddable":true,"href":"https:\/\/www.abbevillelariviere.fr\/index.php?rest_route=%2Fwp%2Fv2%2Fcomments&post=1426"}],"version-history":[{"count":6,"href":"https:\/\/www.abbevillelariviere.fr\/index.php?rest_route=\/wp\/v2\/posts\/1426\/revisions"}],"predecessor-version":[{"id":1434,"href":"https:\/\/www.abbevillelariviere.fr\/index.php?rest_route=\/wp\/v2\/posts\/1426\/revisions\/1434"}],"wp:featuredmedia":[{"embeddable":true,"href":"https:\/\/www.abbevillelariviere.fr\/index.php?rest_route=\/wp\/v2\/media\/1427"}],"wp:attachment":[{"href":"https:\/\/www.abbevillelariviere.fr\/index.php?rest_route=%2Fwp%2Fv2%2Fmedia&parent=1426"}],"wp:term":[{"taxonomy":"category","embeddable":true,"href":"https:\/\/www.abbevillelariviere.fr\/index.php?rest_route=%2Fwp%2Fv2%2Fcategories&post=1426"},{"taxonomy":"post_tag","embeddable":true,"href":"https:\/\/www.abbevillelariviere.fr\/index.php?rest_route=%2Fwp%2Fv2%2Ftags&post=1426"}],"curies":[{"name":"wp","href":"https:\/\/api.w.org\/{rel}","templated":true}]}}