{"id":1455,"date":"2017-10-27T10:05:23","date_gmt":"2017-10-27T10:05:23","guid":{"rendered":"http:\/\/www.abbevillelariviere.fr\/?p=1455"},"modified":"2017-10-27T10:11:34","modified_gmt":"2017-10-27T10:11:34","slug":"internet-haut-debit-pour-abbeville-la-riviere","status":"publish","type":"post","link":"https:\/\/www.abbevillelariviere.fr\/?p=1455","title":{"rendered":"Internet Haut D\u00e9bit pour Abbeville la rivi\u00e8re"},"content":{"rendered":"<p>Tr\u00e8s Haut D\u00e9bit : lancement du site internet d\u2019Essonne num\u00e9rique<\/p>\n<p>En 2020, le r\u00e9seau 100 % fibre optique permettra une couverture de r\u00e9seau \u00e0 tr\u00e8s haut d\u00e9bit sur tout le territoire. Pour suivre les avanc\u00e9es du d\u00e9ploiement, les Essonniens peuvent dor\u00e9navant se rendre sur le site internet d\u2019Essonne num\u00e9rique, le syndicat mixte ouvert qui r\u00e9unit le D\u00e9partement de l\u2019Essonne et sept \u00c9tablissements publics de<br \/>\ncoop\u00e9ration intercommunale.<\/p>\n<div class=\"wc-shortcodes-box wc-shortcodes-item wc-shortcodes-content wc-shortcodes-clearfix wc-shortcodes-box-info \" style=\"text-align:left;\">\n<p><strong>Concernant Abbeville la rivi\u00e8re : <\/strong><\/p>\n<p><strong>Porteur du projet : Essonne Num\u00e9rique<\/strong><br \/>\n<strong>Etat du projet : Etude terrain en cours<\/strong><br \/>\n<strong>Le d\u00e9ploiement de la commune est s\u00e9quenc\u00e9 en zones et pr\u00e9vu comme suit <\/strong><\/p>\n<p><strong>\u2022\u00a0\u00a0 \u00a0Les \u00e9tudes terrains ont d\u00e9marr\u00e9 en ao\u00fbt 2017 et se termine mi-f\u00e9vrier 2018.<\/strong><br \/>\n<strong>\u2022 Le d\u00e9ploiement des c\u00e2bles en fibre optique se terminera fin septembre 2018 pour une commercialisation \u00e0 la fin du dernier trimestre 2018.<\/strong><\/p>\n<p>Tous les renseignements sur ce lien : <a href=\"http:\/\/www.abbevillelariviere.fr\/wp-content\/uploads\/2017\/10\/CP-Essonne-nume\u0301rique.pdf\">CP-Essonne nume\u0301rique<\/a><\/p>\n<\/div>\n<p>Plusieurs dispositifs interactifs sont accessibles aux internautes :<\/p>\n<ul>\n<li>une carte du d\u00e9ploiement de la fibre optique permettant de suivre par commune le calendrier des travaux,<\/li>\n<li>des vid\u00e9os explicatives sur le Tr\u00e8s haut d\u00e9bit et ses usages,<\/li>\n<li>des articles r\u00e9guli\u00e8rement post\u00e9s permettant d\u2019\u00eatre inform\u00e9 sur l\u2019am\u00e9nagement<\/li>\n<\/ul>\n<p>Le site s\u2019enrichira courant 2018 d\u2019un module d\u2019\u00e9ligibilit\u00e9 permettant de conna\u00eetre en temps r\u00e9el l\u2019\u00e9ligibilit\u00e9 d\u2019une adresse essonnienne au tr\u00e8s haut d\u00e9bit.<\/p>\n<p>&nbsp;<\/p>\n","protected":false},"excerpt":{"rendered":"<p>Bient\u00f4t l&#8217;internet Haut d\u00e9bit sur la commune , tous les d\u00e9tails du communiqu\u00e9 dans l&#8217;article.<\/p>\n","protected":false},"author":1,"featured_media":1458,"comment_status":"closed","ping_status":"closed","sticky":false,"template":"","format":"standard","meta":{"site-sidebar-layout":"default","site-content-layout":"","ast-site-content-layout":"","site-content-style":"default","site-sidebar-style":"default","ast-global-header-display":"","ast-banner-title-visibility":"","ast-main-header-display":"","ast-hfb-above-header-display":"","ast-hfb-below-header-display":"","ast-hfb-mobile-header-display":"","site-post-title":"","ast-breadcrumbs-content":"","ast-featured-img":"","footer-sml-layout":"","theme-transparent-header-meta":"","adv-header-id-meta":"","stick-header-meta":"","header-above-stick-meta":"","header-main-stick-meta":"","header-below-stick-meta":"","astra-migrate-meta-layouts":"default","ast-page-background-enabled":"default","ast-page-background-meta":{"desktop":{"background-color":"var(--ast-global-color-4)","background-image":"","background-repeat":"repeat","background-position":"center center","background-size":"auto","background-attachment":"scroll","background-type":"","background-media":"","overlay-type":"","overlay-color":"","overlay-opacity":"","overlay-gradient":""},"tablet":{"background-color":"","background-image":"","background-repeat":"repeat","background-position":"center center","background-size":"auto","background-attachment":"scroll","background-type":"","background-media":"","overlay-type":"","overlay-color":"","overlay-opacity":"","overlay-gradient":""},"mobile":{"background-color":"","background-image":"","background-repeat":"repeat","background-position":"center center","background-size":"auto","background-attachment":"scroll","background-type":"","background-media":"","overlay-type":"","overlay-color":"","overlay-opacity":"","overlay-gradient":""}},"ast-content-background-meta":{"desktop":{"background-color":"var(--ast-global-color-5)","background-image":"","background-repeat":"repeat","background-position":"center center","background-size":"auto","background-attachment":"scroll","background-type":"","background-media":"","overlay-type":"","overlay-color":"","overlay-opacity":"","overlay-gradient":""},"tablet":{"background-color":"var(--ast-global-color-5)","background-image":"","background-repeat":"repeat","background-position":"center center","background-size":"auto","background-attachment":"scroll","background-type":"","background-media":"","overlay-type":"","overlay-color":"","overlay-opacity":"","overlay-gradient":""},"mobile":{"background-color":"var(--ast-global-color-5)","background-image":"","background-repeat":"repeat","background-position":"center center","background-size":"auto","background-attachment":"scroll","background-type":"","background-media":"","overlay-type":"","overlay-color":"","overlay-opacity":"","overlay-gradient":""}},"_EventAllDay":false,"_EventTimezone":"","_EventStartDate":"","_EventEndDate":"","_EventStartDateUTC":"","_EventEndDateUTC":"","_EventShowMap":false,"_EventShowMapLink":false,"_EventURL":"","_EventCost":"","_EventCostDescription":"","_EventCurrencySymbol":"","_EventCurrencyCode":"","_EventCurrencyPosition":"","_EventDateTimeSeparator":"","_EventTimeRangeSeparator":"","_EventOrganizerID":[],"_EventVenueID":[],"_OrganizerEmail":"","_OrganizerPhone":"","_OrganizerWebsite":"","_VenueAddress":"","_VenueCity":"","_VenueCountry":"","_VenueProvince":"","_VenueState":"","_VenueZip":"","_VenuePhone":"","_VenueURL":"","_VenueStateProvince":"","_VenueLat":"","_VenueLng":"","_VenueShowMap":false,"_VenueShowMapLink":false,"footnotes":""},"categories":[1],"tags":[],"class_list":["post-1455","post","type-post","status-publish","format-standard","has-post-thumbnail","hentry","category-non-classe"],"_links":{"self":[{"href":"https:\/\/www.abbevillelariviere.fr\/index.php?rest_route=\/wp\/v2\/posts\/1455"}],"collection":[{"href":"https:\/\/www.abbevillelariviere.fr\/index.php?rest_route=\/wp\/v2\/posts"}],"about":[{"href":"https:\/\/www.abbevillelariviere.fr\/index.php?rest_route=\/wp\/v2\/types\/post"}],"author":[{"embeddable":true,"href":"https:\/\/www.abbevillelariviere.fr\/index.php?rest_route=\/wp\/v2\/users\/1"}],"replies":[{"embeddable":true,"href":"https:\/\/www.abbevillelariviere.fr\/index.php?rest_route=%2Fwp%2Fv2%2Fcomments&post=1455"}],"version-history":[{"count":2,"href":"https:\/\/www.abbevillelariviere.fr\/index.php?rest_route=\/wp\/v2\/posts\/1455\/revisions"}],"predecessor-version":[{"id":1460,"href":"https:\/\/www.abbevillelariviere.fr\/index.php?rest_route=\/wp\/v2\/posts\/1455\/revisions\/1460"}],"wp:featuredmedia":[{"embeddable":true,"href":"https:\/\/www.abbevillelariviere.fr\/index.php?rest_route=\/wp\/v2\/media\/1458"}],"wp:attachment":[{"href":"https:\/\/www.abbevillelariviere.fr\/index.php?rest_route=%2Fwp%2Fv2%2Fmedia&parent=1455"}],"wp:term":[{"taxonomy":"category","embeddable":true,"href":"https:\/\/www.abbevillelariviere.fr\/index.php?rest_route=%2Fwp%2Fv2%2Fcategories&post=1455"},{"taxonomy":"post_tag","embeddable":true,"href":"https:\/\/www.abbevillelariviere.fr\/index.php?rest_route=%2Fwp%2Fv2%2Ftags&post=1455"}],"curies":[{"name":"wp","href":"https:\/\/api.w.org\/{rel}","templated":true}]}}