{"id":1478,"date":"2017-12-05T05:30:59","date_gmt":"2017-12-05T05:30:59","guid":{"rendered":"http:\/\/www.abbevillelariviere.fr\/?p=1478"},"modified":"2017-12-05T05:30:59","modified_gmt":"2017-12-05T05:30:59","slug":"concert-le-samedi-9-decembre-a-20h-a-abbeville-la-riviere","status":"publish","type":"post","link":"https:\/\/www.abbevillelariviere.fr\/?p=1478","title":{"rendered":"Concert &#8211; Le samedi 9 d\u00e9cembre \u00e0 20H \u00e0 Abb\u00e9ville la rivi\u00e8re"},"content":{"rendered":"<p class=\"p1\">Le samedi 9 d\u00e9cembre \u00e0 20H \u00e0 la maison en bois Le trio Alta joue\u00a0des M\u00e9lodies de Ravel, Josquin Despr\u00e9s, Ernst Bloch, Manuel de Falla, Edith Piaf\u2026<\/p>\n<ul>\n<li class=\"p1\"><b>repas chaud et vin bio de Touraine<\/b><\/li>\n<li class=\"p1\"><b>15 euros La maison en bois<\/b><\/li>\n<li class=\"p1\"><b>6 rue Beauregard \u00a091150 Abbeville la rivi\u00e8re<\/b><\/li>\n<li class=\"p1\"><b>r\u00e9servation n\u00e9cessaire au 06 30 36 91 45<\/b><\/li>\n<\/ul>\n<p class=\"p1\"><b><img loading=\"lazy\" decoding=\"async\" class=\"alignnone size-full wp-image-1480\" src=\"http:\/\/www.abbevillelariviere.fr\/wp-content\/uploads\/2017\/12\/trio-alta-00-copie.jpg\" alt=\"trio alta 00 - copie\" width=\"350\" height=\"88\" srcset=\"https:\/\/www.abbevillelariviere.fr\/wp-content\/uploads\/2017\/12\/trio-alta-00-copie.jpg 350w, https:\/\/www.abbevillelariviere.fr\/wp-content\/uploads\/2017\/12\/trio-alta-00-copie-300x75.jpg 300w\" sizes=\"(max-width: 350px) 100vw, 350px\" \/><\/b><\/p>\n<p class=\"p1\"><b>Micha\u00ebl Attias \u00a0saxophone Alto<\/b><\/p>\n<p class=\"p2\"><i>\u201cUn saxophoniste fougueusement cosmopolitain\u201d\u00a0<\/i><i>New York Times<\/i><\/p>\n<p class=\"p1\"><b>Thierry Waziniak \u00a0batterie<\/b><\/p>\n<p class=\"p2\"><i>\u00a0Thierry Waziniak\u00a0est \u00e9tonnant\u00a0: inventive et attentive, sa batterie devient une voix. Citizen Jazz<\/i><\/p>\n<p class=\"p1\"><b>Ga\u00ebl Mevel \u00a0violoncelle<\/b><\/p>\n<p class=\"p2\"><i>Belle et presque inclassable, la musique de Mevel est d\u2019une \u00e9tranget\u00e9 captivante et surr\u00e9aliste. Penguin Guide<\/i><\/p>\n<p class=\"p2\">\n","protected":false},"excerpt":{"rendered":"<p>Le samedi 9 d\u00e9cembre \u00e0 20H \u00e0 la maison en bois Le trio Alta joue\u00a0des M\u00e9lodies de Ravel, Josquin Despr\u00e9s, Ernst Bloch, Manuel de Falla, Edith Piaf\u2026 repas chaud et [&hellip;]<\/p>\n","protected":false},"author":1,"featured_media":1480,"comment_status":"closed","ping_status":"closed","sticky":false,"template":"","format":"standard","meta":{"site-sidebar-layout":"default","site-content-layout":"","ast-site-content-layout":"","site-content-style":"default","site-sidebar-style":"default","ast-global-header-display":"","ast-banner-title-visibility":"","ast-main-header-display":"","ast-hfb-above-header-display":"","ast-hfb-below-header-display":"","ast-hfb-mobile-header-display":"","site-post-title":"","ast-breadcrumbs-content":"","ast-featured-img":"","footer-sml-layout":"","theme-transparent-header-meta":"","adv-header-id-meta":"","stick-header-meta":"","header-above-stick-meta":"","header-main-stick-meta":"","header-below-stick-meta":"","astra-migrate-meta-layouts":"default","ast-page-background-enabled":"default","ast-page-background-meta":{"desktop":{"background-color":"var(--ast-global-color-4)","background-image":"","background-repeat":"repeat","background-position":"center center","background-size":"auto","background-attachment":"scroll","background-type":"","background-media":"","overlay-type":"","overlay-color":"","overlay-opacity":"","overlay-gradient":""},"tablet":{"background-color":"","background-image":"","background-repeat":"repeat","background-position":"center center","background-size":"auto","background-attachment":"scroll","background-type":"","background-media":"","overlay-type":"","overlay-color":"","overlay-opacity":"","overlay-gradient":""},"mobile":{"background-color":"","background-image":"","background-repeat":"repeat","background-position":"center center","background-size":"auto","background-attachment":"scroll","background-type":"","background-media":"","overlay-type":"","overlay-color":"","overlay-opacity":"","overlay-gradient":""}},"ast-content-background-meta":{"desktop":{"background-color":"var(--ast-global-color-5)","background-image":"","background-repeat":"repeat","background-position":"center center","background-size":"auto","background-attachment":"scroll","background-type":"","background-media":"","overlay-type":"","overlay-color":"","overlay-opacity":"","overlay-gradient":""},"tablet":{"background-color":"var(--ast-global-color-5)","background-image":"","background-repeat":"repeat","background-position":"center center","background-size":"auto","background-attachment":"scroll","background-type":"","background-media":"","overlay-type":"","overlay-color":"","overlay-opacity":"","overlay-gradient":""},"mobile":{"background-color":"var(--ast-global-color-5)","background-image":"","background-repeat":"repeat","background-position":"center center","background-size":"auto","background-attachment":"scroll","background-type":"","background-media":"","overlay-type":"","overlay-color":"","overlay-opacity":"","overlay-gradient":""}},"_EventAllDay":false,"_EventTimezone":"","_EventStartDate":"","_EventEndDate":"","_EventStartDateUTC":"","_EventEndDateUTC":"","_EventShowMap":false,"_EventShowMapLink":false,"_EventURL":"","_EventCost":"","_EventCostDescription":"","_EventCurrencySymbol":"","_EventCurrencyCode":"","_EventCurrencyPosition":"","_EventDateTimeSeparator":"","_EventTimeRangeSeparator":"","_EventOrganizerID":[],"_EventVenueID":[],"_OrganizerEmail":"","_OrganizerPhone":"","_OrganizerWebsite":"","_VenueAddress":"","_VenueCity":"","_VenueCountry":"","_VenueProvince":"","_VenueState":"","_VenueZip":"","_VenuePhone":"","_VenueURL":"","_VenueStateProvince":"","_VenueLat":"","_VenueLng":"","_VenueShowMap":false,"_VenueShowMapLink":false,"footnotes":""},"categories":[1],"tags":[],"class_list":["post-1478","post","type-post","status-publish","format-standard","has-post-thumbnail","hentry","category-non-classe"],"_links":{"self":[{"href":"https:\/\/www.abbevillelariviere.fr\/index.php?rest_route=\/wp\/v2\/posts\/1478"}],"collection":[{"href":"https:\/\/www.abbevillelariviere.fr\/index.php?rest_route=\/wp\/v2\/posts"}],"about":[{"href":"https:\/\/www.abbevillelariviere.fr\/index.php?rest_route=\/wp\/v2\/types\/post"}],"author":[{"embeddable":true,"href":"https:\/\/www.abbevillelariviere.fr\/index.php?rest_route=\/wp\/v2\/users\/1"}],"replies":[{"embeddable":true,"href":"https:\/\/www.abbevillelariviere.fr\/index.php?rest_route=%2Fwp%2Fv2%2Fcomments&post=1478"}],"version-history":[{"count":1,"href":"https:\/\/www.abbevillelariviere.fr\/index.php?rest_route=\/wp\/v2\/posts\/1478\/revisions"}],"predecessor-version":[{"id":1481,"href":"https:\/\/www.abbevillelariviere.fr\/index.php?rest_route=\/wp\/v2\/posts\/1478\/revisions\/1481"}],"wp:featuredmedia":[{"embeddable":true,"href":"https:\/\/www.abbevillelariviere.fr\/index.php?rest_route=\/wp\/v2\/media\/1480"}],"wp:attachment":[{"href":"https:\/\/www.abbevillelariviere.fr\/index.php?rest_route=%2Fwp%2Fv2%2Fmedia&parent=1478"}],"wp:term":[{"taxonomy":"category","embeddable":true,"href":"https:\/\/www.abbevillelariviere.fr\/index.php?rest_route=%2Fwp%2Fv2%2Fcategories&post=1478"},{"taxonomy":"post_tag","embeddable":true,"href":"https:\/\/www.abbevillelariviere.fr\/index.php?rest_route=%2Fwp%2Fv2%2Ftags&post=1478"}],"curies":[{"name":"wp","href":"https:\/\/api.w.org\/{rel}","templated":true}]}}