{"id":1508,"date":"2018-02-08T06:10:41","date_gmt":"2018-02-08T06:10:41","guid":{"rendered":"http:\/\/www.abbevillelariviere.fr\/?p=1508"},"modified":"2018-02-08T06:13:53","modified_gmt":"2018-02-08T06:13:53","slug":"le-samedi-10-fevrier-2018-a-20h-soiree-autour-des-vins-natures","status":"publish","type":"post","link":"https:\/\/www.abbevillelariviere.fr\/?p=1508","title":{"rendered":"Soir\u00e9e autour des vins natures &#8211; Le son des flacons"},"content":{"rendered":"<p>Le samedi 10 f\u00e9vrier 2018 \u00e0 20H<br \/>\nLe son des flacons<br \/>\nSoir\u00e9e autour des vins natures<\/p>\n<p>Benoit Kilian, expert en vin et musicien, pr\u00e9sentera et fera go\u00fbter des vins natures.<br \/>\nIl improvisera \u00e0 la grosse caisse horizontale avec Jean-Luc Petit, saxophoniste et clarinettiste, autour de ces go\u00fbts et parfums.<\/p>\n<p>Benoit Kilian grosse caisse horizontale<br \/>\nJean-Luc Petit clarinette contrebasse, saxophones sopranino et alto<\/p>\n<blockquote class=\"wp-embedded-content\" data-secret=\"L0vPhSYA8j\"><p><a href=\"http:\/\/benoit-kilian.fr\/projets\/le-son-des-flacons\">LE SON DES FLACONS<\/a><\/p><\/blockquote>\n<p><iframe loading=\"lazy\" class=\"wp-embedded-content\" sandbox=\"allow-scripts\" security=\"restricted\" style=\"position: absolute; visibility: hidden;\" title=\"\u00ab\u00a0LE SON DES FLACONS\u00a0\u00bb &#8212; benoit kilian\" src=\"http:\/\/benoit-kilian.fr\/projets\/le-son-des-flacons\/embed#?secret=L0vPhSYA8j\" data-secret=\"L0vPhSYA8j\" width=\"500\" height=\"282\" frameborder=\"0\" marginwidth=\"0\" marginheight=\"0\" scrolling=\"no\"><\/iframe><\/p>\n<p>Sabine H\u00e9rondelle cr\u00e9ation culinaire v\u00e9g\u00e9tarienne et d\u00e9licieuse<\/p>\n<p>La maison en bois<br \/>\n6 rue Beauregard<br \/>\n91150 Abbeville la rivi\u00e8re<br \/>\nrepas concerts et vins<br \/>\npaf 15 euros<\/p>\n<p>r\u00e9servation par mail ou 06 30 36 91 45<\/p>\n<p><a href=\"http:\/\/www.abbevillelariviere.fr\/wp-content\/uploads\/2018\/02\/imgconcert.jpg\"><img loading=\"lazy\" decoding=\"async\" class=\"alignnone  wp-image-1510\" src=\"http:\/\/www.abbevillelariviere.fr\/wp-content\/uploads\/2018\/02\/imgconcert.jpg\" alt=\"imgconcert\" width=\"271\" height=\"139\" \/><\/a><\/p>\n","protected":false},"excerpt":{"rendered":"<p>Le samedi 10 f\u00e9vrier 2018 \u00e0 20H &#8211; Benoit Kilian, expert en vin et musicien, pr\u00e9sentera et fera go\u00fbter des vins natures.<br \/>\nIl improvisera \u00e0 la grosse caisse horizontale avec Jean-Luc Petit, saxophoniste et clarinettiste, autour de ces go\u00fbts et parfums.<\/p>\n","protected":false},"author":1,"featured_media":1510,"comment_status":"closed","ping_status":"closed","sticky":false,"template":"","format":"standard","meta":{"site-sidebar-layout":"default","site-content-layout":"","ast-site-content-layout":"","site-content-style":"default","site-sidebar-style":"default","ast-global-header-display":"","ast-banner-title-visibility":"","ast-main-header-display":"","ast-hfb-above-header-display":"","ast-hfb-below-header-display":"","ast-hfb-mobile-header-display":"","site-post-title":"","ast-breadcrumbs-content":"","ast-featured-img":"","footer-sml-layout":"","theme-transparent-header-meta":"","adv-header-id-meta":"","stick-header-meta":"","header-above-stick-meta":"","header-main-stick-meta":"","header-below-stick-meta":"","astra-migrate-meta-layouts":"default","ast-page-background-enabled":"default","ast-page-background-meta":{"desktop":{"background-color":"var(--ast-global-color-4)","background-image":"","background-repeat":"repeat","background-position":"center center","background-size":"auto","background-attachment":"scroll","background-type":"","background-media":"","overlay-type":"","overlay-color":"","overlay-opacity":"","overlay-gradient":""},"tablet":{"background-color":"","background-image":"","background-repeat":"repeat","background-position":"center center","background-size":"auto","background-attachment":"scroll","background-type":"","background-media":"","overlay-type":"","overlay-color":"","overlay-opacity":"","overlay-gradient":""},"mobile":{"background-color":"","background-image":"","background-repeat":"repeat","background-position":"center center","background-size":"auto","background-attachment":"scroll","background-type":"","background-media":"","overlay-type":"","overlay-color":"","overlay-opacity":"","overlay-gradient":""}},"ast-content-background-meta":{"desktop":{"background-color":"var(--ast-global-color-5)","background-image":"","background-repeat":"repeat","background-position":"center center","background-size":"auto","background-attachment":"scroll","background-type":"","background-media":"","overlay-type":"","overlay-color":"","overlay-opacity":"","overlay-gradient":""},"tablet":{"background-color":"var(--ast-global-color-5)","background-image":"","background-repeat":"repeat","background-position":"center center","background-size":"auto","background-attachment":"scroll","background-type":"","background-media":"","overlay-type":"","overlay-color":"","overlay-opacity":"","overlay-gradient":""},"mobile":{"background-color":"var(--ast-global-color-5)","background-image":"","background-repeat":"repeat","background-position":"center center","background-size":"auto","background-attachment":"scroll","background-type":"","background-media":"","overlay-type":"","overlay-color":"","overlay-opacity":"","overlay-gradient":""}},"_EventAllDay":false,"_EventTimezone":"","_EventStartDate":"","_EventEndDate":"","_EventStartDateUTC":"","_EventEndDateUTC":"","_EventShowMap":false,"_EventShowMapLink":false,"_EventURL":"","_EventCost":"","_EventCostDescription":"","_EventCurrencySymbol":"","_EventCurrencyCode":"","_EventCurrencyPosition":"","_EventDateTimeSeparator":"","_EventTimeRangeSeparator":"","_EventOrganizerID":[],"_EventVenueID":[],"_OrganizerEmail":"","_OrganizerPhone":"","_OrganizerWebsite":"","_VenueAddress":"","_VenueCity":"","_VenueCountry":"","_VenueProvince":"","_VenueState":"","_VenueZip":"","_VenuePhone":"","_VenueURL":"","_VenueStateProvince":"","_VenueLat":"","_VenueLng":"","_VenueShowMap":false,"_VenueShowMapLink":false,"footnotes":""},"categories":[1],"tags":[],"class_list":["post-1508","post","type-post","status-publish","format-standard","has-post-thumbnail","hentry","category-non-classe"],"_links":{"self":[{"href":"https:\/\/www.abbevillelariviere.fr\/index.php?rest_route=\/wp\/v2\/posts\/1508"}],"collection":[{"href":"https:\/\/www.abbevillelariviere.fr\/index.php?rest_route=\/wp\/v2\/posts"}],"about":[{"href":"https:\/\/www.abbevillelariviere.fr\/index.php?rest_route=\/wp\/v2\/types\/post"}],"author":[{"embeddable":true,"href":"https:\/\/www.abbevillelariviere.fr\/index.php?rest_route=\/wp\/v2\/users\/1"}],"replies":[{"embeddable":true,"href":"https:\/\/www.abbevillelariviere.fr\/index.php?rest_route=%2Fwp%2Fv2%2Fcomments&post=1508"}],"version-history":[{"count":4,"href":"https:\/\/www.abbevillelariviere.fr\/index.php?rest_route=\/wp\/v2\/posts\/1508\/revisions"}],"predecessor-version":[{"id":1513,"href":"https:\/\/www.abbevillelariviere.fr\/index.php?rest_route=\/wp\/v2\/posts\/1508\/revisions\/1513"}],"wp:featuredmedia":[{"embeddable":true,"href":"https:\/\/www.abbevillelariviere.fr\/index.php?rest_route=\/wp\/v2\/media\/1510"}],"wp:attachment":[{"href":"https:\/\/www.abbevillelariviere.fr\/index.php?rest_route=%2Fwp%2Fv2%2Fmedia&parent=1508"}],"wp:term":[{"taxonomy":"category","embeddable":true,"href":"https:\/\/www.abbevillelariviere.fr\/index.php?rest_route=%2Fwp%2Fv2%2Fcategories&post=1508"},{"taxonomy":"post_tag","embeddable":true,"href":"https:\/\/www.abbevillelariviere.fr\/index.php?rest_route=%2Fwp%2Fv2%2Ftags&post=1508"}],"curies":[{"name":"wp","href":"https:\/\/api.w.org\/{rel}","templated":true}]}}