{"id":1607,"date":"2018-11-05T06:35:34","date_gmt":"2018-11-05T06:35:34","guid":{"rendered":"http:\/\/www.abbevillelariviere.fr\/?p=1607"},"modified":"2018-12-19T18:13:20","modified_gmt":"2018-12-19T18:13:20","slug":"travaux-renovation-de-la-rue-beauregard","status":"publish","type":"post","link":"https:\/\/www.abbevillelariviere.fr\/?p=1607","title":{"rendered":"Travaux : R\u00e9novation de la rue Beauregard"},"content":{"rendered":"<p>Madame, Monsieur<\/p>\n<p>A partir du 6 Novembre prochain et pour une p\u00e9riode de 5 semaines, des travaux de r\u00e9novation de la rue de Beauregard vont \u00eatre r\u00e9alis\u00e9s. A cette occasion la rue sera ferm\u00e9e \u00e0 la circulation chaque jours entre 8h et 17 Heures.<\/p>\n<p>\u2022 Pour les r\u00e9sidents de la rue de Beauregard du num\u00e9ro 2 au num\u00e9ro 6 (sur le p\u00e9rim\u00e8tre des travaux ) , il faudra garer ses voitures en dehors du p\u00e9rim\u00e8tre des travaux de 8h \u00e0 17 Heures.<\/p>\n<p>\u2022 Pour les autres r\u00e9sidents de la rue de Beauregard ( en dehors du p\u00e9rim\u00e8tre des travaux) il n&#8217;y a pas de probl\u00e8me d&#8217;acc\u00e8s \u00e0 leur r\u00e9sidence .<\/p>\n<p>\u2022 Pour les usagers de la route Il faudra emprunter les d\u00e9viations propos\u00e9es par Fontenette ou par Fontaine la Rivi\u00e8re.<\/p>\n<p>POURQUOI CES TRAVAUX ? :<\/p>\n<p>Ils sont essentiellement motiv\u00e9s par la fragilit\u00e9 croissante de la chauss\u00e9e, cons\u00e9quence directes de plusieurs causes : Un \u00e9coulement des eaux insuffisamment drain\u00e9, une fragilit\u00e9 li\u00e9e \u00e0 la pause d\u2019une conduite d\u2019eau par V\u00e9olia, un stationnement et un passage croissant de v\u00e9hicules.<\/p>\n<p>En d\u00e9but de mandat la commune a \u00e9t\u00e9 mise en garde par la pr\u00e9fecture sur la s\u00e9curit\u00e9 de l\u2019ouvrage. Nous avons donc int\u00e9gr\u00e9 dans le contrat rural mis en \u0153uvre par la mairie ces travaux.<\/p>\n<p>QUEL PROJET ? :<\/p>\n<p>Le projet \u00e0 pour objectifs les axes suivants :<\/p>\n<p>&#8211; Consolider la chauss\u00e9e sur la partir la plus d\u00e9grad\u00e9e<br \/>\n&#8211; Consolider en reprise d\u2019ouvrage la canalisation d\u2019eau passant sous la chauss\u00e9e<br \/>\n&#8211; Drainer les eaux de pluie afin de plus alimenter les talus en bord de chauss\u00e9e<br \/>\n&#8211; D\u00e9finir un trottoir permettant la circulation s\u00e9curis\u00e9e de pi\u00e9tons en bord de route. Ce trottoir sera prot\u00e9g\u00e9 afin d\u2019\u00e9viter un stationnement et donc une fragilisation de l\u2019ouvrage.<\/p>\n<p>Nota : un projet plus ambitieux incluant la possibilit\u00e9 de stationnement avait \u00e9t\u00e9 imagin\u00e9, mais il n\u2019a pas trouv\u00e9 l\u2019assentiment des riverains concern\u00e9s. Le retard de mise en oeuvre de ce projet est donc cons\u00e9cutif \u00e0 la mis en \u0153uvre d\u2019un projet alternatif \u00e0 celui du projet initial.<\/p>\n<p>Le plan d\u2019am\u00e9nagement est consultable en mairie ou sur le site internet en\u00a0cliquant\u00a0ici<\/p>\n<figure id=\"attachment_1501\" aria-describedby=\"caption-attachment-1501\" style=\"width: 100px\" class=\"wp-caption alignnone\"><a href=\"http:\/\/www.abbevillelariviere.fr\/wp-content\/uploads\/2018\/11\/181026_Leve-topographique-et-projet-indice-F.pdf\"><img loading=\"lazy\" decoding=\"async\" class=\"wp-image-1501 size-full\" src=\"http:\/\/www.abbevillelariviere.fr\/wp-content\/uploads\/2017\/12\/telechargementpdf100.png\" alt=\"telechargementpdf100\" width=\"100\" height=\"109\" \/><\/a><figcaption id=\"caption-attachment-1501\" class=\"wp-caption-text\">Plan des travaux<\/figcaption><\/figure>\n<p>&nbsp;<\/p>\n<p>En vous remerciant pour votre compr\u00e9hension sur les d\u00e9sagr\u00e9ments temporaires li\u00e9s \u00e0 ces travaux.<\/p>\n","protected":false},"excerpt":{"rendered":"<p>A partir du 6 Novembre prochain et pour une p\u00e9riode de 3 semaines, des travaux de r\u00e9novation de la rue de Beauregard vont \u00eatre r\u00e9alis\u00e9s. A cette occasion la rue sera ferm\u00e9e chaque jours entre 8h et 17 Heures.<\/p>\n","protected":false},"author":1,"featured_media":367,"comment_status":"closed","ping_status":"closed","sticky":false,"template":"","format":"standard","meta":{"site-sidebar-layout":"default","site-content-layout":"","ast-site-content-layout":"","site-content-style":"default","site-sidebar-style":"default","ast-global-header-display":"","ast-banner-title-visibility":"","ast-main-header-display":"","ast-hfb-above-header-display":"","ast-hfb-below-header-display":"","ast-hfb-mobile-header-display":"","site-post-title":"","ast-breadcrumbs-content":"","ast-featured-img":"","footer-sml-layout":"","theme-transparent-header-meta":"","adv-header-id-meta":"","stick-header-meta":"","header-above-stick-meta":"","header-main-stick-meta":"","header-below-stick-meta":"","astra-migrate-meta-layouts":"default","ast-page-background-enabled":"default","ast-page-background-meta":{"desktop":{"background-color":"var(--ast-global-color-4)","background-image":"","background-repeat":"repeat","background-position":"center center","background-size":"auto","background-attachment":"scroll","background-type":"","background-media":"","overlay-type":"","overlay-color":"","overlay-opacity":"","overlay-gradient":""},"tablet":{"background-color":"","background-image":"","background-repeat":"repeat","background-position":"center center","background-size":"auto","background-attachment":"scroll","background-type":"","background-media":"","overlay-type":"","overlay-color":"","overlay-opacity":"","overlay-gradient":""},"mobile":{"background-color":"","background-image":"","background-repeat":"repeat","background-position":"center center","background-size":"auto","background-attachment":"scroll","background-type":"","background-media":"","overlay-type":"","overlay-color":"","overlay-opacity":"","overlay-gradient":""}},"ast-content-background-meta":{"desktop":{"background-color":"var(--ast-global-color-5)","background-image":"","background-repeat":"repeat","background-position":"center center","background-size":"auto","background-attachment":"scroll","background-type":"","background-media":"","overlay-type":"","overlay-color":"","overlay-opacity":"","overlay-gradient":""},"tablet":{"background-color":"var(--ast-global-color-5)","background-image":"","background-repeat":"repeat","background-position":"center center","background-size":"auto","background-attachment":"scroll","background-type":"","background-media":"","overlay-type":"","overlay-color":"","overlay-opacity":"","overlay-gradient":""},"mobile":{"background-color":"var(--ast-global-color-5)","background-image":"","background-repeat":"repeat","background-position":"center center","background-size":"auto","background-attachment":"scroll","background-type":"","background-media":"","overlay-type":"","overlay-color":"","overlay-opacity":"","overlay-gradient":""}},"_EventAllDay":false,"_EventTimezone":"","_EventStartDate":"","_EventEndDate":"","_EventStartDateUTC":"","_EventEndDateUTC":"","_EventShowMap":false,"_EventShowMapLink":false,"_EventURL":"","_EventCost":"","_EventCostDescription":"","_EventCurrencySymbol":"","_EventCurrencyCode":"","_EventCurrencyPosition":"","_EventDateTimeSeparator":"","_EventTimeRangeSeparator":"","_EventOrganizerID":[],"_EventVenueID":[],"_OrganizerEmail":"","_OrganizerPhone":"","_OrganizerWebsite":"","_VenueAddress":"","_VenueCity":"","_VenueCountry":"","_VenueProvince":"","_VenueState":"","_VenueZip":"","_VenuePhone":"","_VenueURL":"","_VenueStateProvince":"","_VenueLat":"","_VenueLng":"","_VenueShowMap":false,"_VenueShowMapLink":false,"footnotes":""},"categories":[3],"tags":[],"class_list":["post-1607","post","type-post","status-publish","format-standard","has-post-thumbnail","hentry","category-les-billets-du-maire"],"_links":{"self":[{"href":"https:\/\/www.abbevillelariviere.fr\/index.php?rest_route=\/wp\/v2\/posts\/1607"}],"collection":[{"href":"https:\/\/www.abbevillelariviere.fr\/index.php?rest_route=\/wp\/v2\/posts"}],"about":[{"href":"https:\/\/www.abbevillelariviere.fr\/index.php?rest_route=\/wp\/v2\/types\/post"}],"author":[{"embeddable":true,"href":"https:\/\/www.abbevillelariviere.fr\/index.php?rest_route=\/wp\/v2\/users\/1"}],"replies":[{"embeddable":true,"href":"https:\/\/www.abbevillelariviere.fr\/index.php?rest_route=%2Fwp%2Fv2%2Fcomments&post=1607"}],"version-history":[{"count":3,"href":"https:\/\/www.abbevillelariviere.fr\/index.php?rest_route=\/wp\/v2\/posts\/1607\/revisions"}],"predecessor-version":[{"id":1612,"href":"https:\/\/www.abbevillelariviere.fr\/index.php?rest_route=\/wp\/v2\/posts\/1607\/revisions\/1612"}],"wp:featuredmedia":[{"embeddable":true,"href":"https:\/\/www.abbevillelariviere.fr\/index.php?rest_route=\/wp\/v2\/media\/367"}],"wp:attachment":[{"href":"https:\/\/www.abbevillelariviere.fr\/index.php?rest_route=%2Fwp%2Fv2%2Fmedia&parent=1607"}],"wp:term":[{"taxonomy":"category","embeddable":true,"href":"https:\/\/www.abbevillelariviere.fr\/index.php?rest_route=%2Fwp%2Fv2%2Fcategories&post=1607"},{"taxonomy":"post_tag","embeddable":true,"href":"https:\/\/www.abbevillelariviere.fr\/index.php?rest_route=%2Fwp%2Fv2%2Ftags&post=1607"}],"curies":[{"name":"wp","href":"https:\/\/api.w.org\/{rel}","templated":true}]}}