{"id":1677,"date":"2019-05-18T15:54:38","date_gmt":"2019-05-18T15:54:38","guid":{"rendered":"http:\/\/www.abbevillelariviere.fr\/?p=1677"},"modified":"2019-05-23T10:26:04","modified_gmt":"2019-05-23T10:26:04","slug":"le-1er-juin-2019-a-19h30-soiree-exceptionnelle-a-la-maison-en-bois","status":"publish","type":"post","link":"https:\/\/www.abbevillelariviere.fr\/?p=1677","title":{"rendered":"Le 1er juin 2019 \u00e0 19H30 soir\u00e9e exceptionnelle \u00e0 La Maison en bois"},"content":{"rendered":"<p><span style=\"color: #000080\">Le 1er juin 2019 \u00e0 19h30 La<em> M<\/em>aison en <em>b<\/em>ois f\u00eate ses 10 ans !\u00a0 \u00a0\u00a010\u00e8me promenade !<\/span><\/p>\n<p><span style=\"color: #000080\">Azusa Takeuchi : danse<\/span><\/p>\n<p><span style=\"color: #000080\"><a style=\"color: #000080\" href=\"http:\/\/www.abbevillelariviere.fr\/wp-content\/uploads\/2019\/05\/azusa1.jpg\"><img loading=\"lazy\" decoding=\"async\" class=\"alignleft size-medium wp-image-1705\" src=\"http:\/\/www.abbevillelariviere.fr\/wp-content\/uploads\/2019\/05\/azusa1-300x200.jpg\" alt=\"azusa\" width=\"300\" height=\"200\" srcset=\"https:\/\/www.abbevillelariviere.fr\/wp-content\/uploads\/2019\/05\/azusa1-300x200.jpg 300w, https:\/\/www.abbevillelariviere.fr\/wp-content\/uploads\/2019\/05\/azusa1-1024x683.jpg 1024w, https:\/\/www.abbevillelariviere.fr\/wp-content\/uploads\/2019\/05\/azusa1-600x400.jpg 600w, https:\/\/www.abbevillelariviere.fr\/wp-content\/uploads\/2019\/05\/azusa1.jpg 1600w\" sizes=\"(max-width: 300px) 100vw, 300px\" \/><\/a><\/span><\/p>\n<p><span style=\"color: #000080\">\u00a0<\/span><\/p>\n<p><span style=\"color: #000080\">\u00a0<\/span><\/p>\n<p><span style=\"color: #000080\">\u00a0<\/span><\/p>\n<p><span style=\"color: #000080\">\u00a0<\/span><\/p>\n<p><span style=\"color: #000080\">\u00a0<\/span><\/p>\n<p><span style=\"color: #000080\">\u00a0<\/span><\/p>\n<p><span style=\"color: #000080\">\u00a0<\/span><\/p>\n<p><span style=\"color: #000080\">\u00a0<\/span><\/p>\n<p><span style=\"color: #000080\">H\u00e9l\u00e8ne Breschand : harpe<\/span><\/p>\n<p><span style=\"color: #000080\"><a style=\"color: #000080\" href=\"http:\/\/www.abbevillelariviere.fr\/wp-content\/uploads\/2019\/05\/heleneB1.jpg\"><img loading=\"lazy\" decoding=\"async\" class=\"alignleft size-medium wp-image-1703\" src=\"http:\/\/www.abbevillelariviere.fr\/wp-content\/uploads\/2019\/05\/heleneB1-300x169.jpg\" alt=\"heleneB\" width=\"300\" height=\"169\" srcset=\"https:\/\/www.abbevillelariviere.fr\/wp-content\/uploads\/2019\/05\/heleneB1-300x169.jpg 300w, https:\/\/www.abbevillelariviere.fr\/wp-content\/uploads\/2019\/05\/heleneB1-1024x576.jpg 1024w, https:\/\/www.abbevillelariviere.fr\/wp-content\/uploads\/2019\/05\/heleneB1-600x338.jpg 600w, https:\/\/www.abbevillelariviere.fr\/wp-content\/uploads\/2019\/05\/heleneB1.jpg 1280w\" sizes=\"(max-width: 300px) 100vw, 300px\" \/><\/a><\/span><\/p>\n<p><span style=\"color: #000080\">\u00a0<\/span><\/p>\n<p><span style=\"color: #000080\">\u00a0<\/span><\/p>\n<p><span style=\"color: #000080\">\u00a0<\/span><\/p>\n<p><span style=\"color: #000080\">\u00a0<\/span><\/p>\n<p><span style=\"color: #000080\">\u00a0<\/span><\/p>\n<p><span style=\"color: #000080\">\u00a0<\/span><\/p>\n<p><span style=\"color: #000080\">\u00a0<\/span><\/p>\n<p><span style=\"color: #000080\">Catherine Brisset :\u00a0 crystal Baschet<\/span><\/p>\n<p><span style=\"color: #000080\"><a style=\"color: #000080\" href=\"http:\/\/www.abbevillelariviere.fr\/wp-content\/uploads\/2019\/05\/catherine-brisset1.jpg\"><img loading=\"lazy\" decoding=\"async\" class=\"alignleft size-medium wp-image-1700\" src=\"http:\/\/www.abbevillelariviere.fr\/wp-content\/uploads\/2019\/05\/catherine-brisset1-201x300.jpg\" alt=\"catherine brisset\" width=\"201\" height=\"300\" srcset=\"https:\/\/www.abbevillelariviere.fr\/wp-content\/uploads\/2019\/05\/catherine-brisset1-201x300.jpg 201w, https:\/\/www.abbevillelariviere.fr\/wp-content\/uploads\/2019\/05\/catherine-brisset1-600x897.jpg 600w, https:\/\/www.abbevillelariviere.fr\/wp-content\/uploads\/2019\/05\/catherine-brisset1.jpg 650w\" sizes=\"(max-width: 201px) 100vw, 201px\" \/><\/a><\/span><\/p>\n<p><span style=\"color: #000080\">\u00a0<\/span><\/p>\n<p><span style=\"color: #000080\">\u00a0<\/span><\/p>\n<p><span style=\"color: #000080\">\u00a0<\/span><\/p>\n<p><span style=\"color: #000080\">\u00a0<\/span><\/p>\n<p><span style=\"color: #000080\">\u00a0<\/span><\/p>\n<p><span style=\"color: #000080\">\u00a0<\/span><\/p>\n<p><span style=\"color: #000080\">\u00a0<\/span><\/p>\n<p><span style=\"color: #000080\">\u00a0<\/span><\/p>\n<p><span style=\"color: #000080\">\u00a0<\/span><\/p>\n<p><span style=\"color: #000080\">\u00a0<\/span><\/p>\n<p><span style=\"color: #000080\">\u00a0<\/span><\/p>\n<p><span style=\"color: #000080\">Thierry Waziniak, batterie + Ga\u00ebl Mevel violoncelle<\/span><\/p>\n<p><span style=\"color: #000080\"><a style=\"color: #000080\" href=\"http:\/\/www.abbevillelariviere.fr\/wp-content\/uploads\/2019\/05\/Capture-d\u2019e\u0301cran-2019-04-12-a\u0300-13.23.01.png\"><img loading=\"lazy\" decoding=\"async\" class=\"alignleft size-full wp-image-1682\" src=\"http:\/\/www.abbevillelariviere.fr\/wp-content\/uploads\/2019\/05\/Capture-d\u2019e\u0301cran-2019-04-12-a\u0300-13.23.01.png\" alt=\"Capture d\u2019e\u0301cran 2019-04-12 a\u0300 13.23.01\" width=\"450\" height=\"328\" srcset=\"https:\/\/www.abbevillelariviere.fr\/wp-content\/uploads\/2019\/05\/Capture-d\u2019e\u0301cran-2019-04-12-a\u0300-13.23.01.png 450w, https:\/\/www.abbevillelariviere.fr\/wp-content\/uploads\/2019\/05\/Capture-d\u2019e\u0301cran-2019-04-12-a\u0300-13.23.01-300x219.png 300w\" sizes=\"(max-width: 450px) 100vw, 450px\" \/><\/a><\/span><\/p>\n<p><span style=\"color: #000080\">\u00a0<\/span><\/p>\n<p><span style=\"color: #000080\">\u00a0<\/span><\/p>\n<p><span style=\"color: #000080\">\u00a0<\/span><\/p>\n<p><span style=\"color: #000080\">\u00a0<\/span><\/p>\n<p><span style=\"color: #000080\">\u00a0<\/span><\/p>\n<p><span style=\"color: #000080\">\u00a0<\/span><\/p>\n<p><span style=\"color: #000080\">\u00a0<\/span><\/p>\n<p><span style=\"color: #000080\">\u00a0<\/span><\/p>\n<p><span style=\"color: #000080\">\u00a0<\/span><\/p>\n<p><span style=\"color: #000080\">\u00a0<\/span><\/p>\n<p><span style=\"color: #000080\">\u00a0<\/span><\/p>\n<p><span style=\"color: #000080\">Un mets v\u00e9g\u00e9tarien pour chaque moment de la soir\u00e9e <\/span><\/p>\n<p><span style=\"color: #000080\">par\u00a0 Sabine H\u00e9rondelle.<\/span><\/p>\n<p><span style=\"color: #000080\">Vin bio de Touraine<\/span><br \/>\n<span style=\"color: #000080\"> Renseignements et r\u00e9servation indispensable au 06 30 36 91 45<\/span><br \/>\n<span style=\"color: #000080\"> 20 euros tout compris.<\/span><br \/>\n<span style=\"color: #000080\"> Tarif r\u00e9duit sur demande ou pour les enfants.<\/span><\/p>\n<p><span style=\"color: #000080\">La Maison en bois<\/span><\/p>\n<p><span style=\"color: #000080\">6 rue Beauregard<\/span><\/p>\n<p><span style=\"color: #000080\">911150 Abbeville la rivi\u00e8re<\/span><\/p>\n<p><span style=\"color: #000080\"><a style=\"color: #000080\" href=\"http:\/\/www.gaelmevel.com\">www.gaelmevel.com<\/a><\/span><\/p>\n","protected":false},"excerpt":{"rendered":"<p>10\u00e8me promenade le 1er juin \u00e0 19H30<br \/>\nAzusa Takeuchi : danse<br \/>\nH\u00e9l\u00e8ne Breschand : harpe<br \/>\nCatherine Brisset : Cristal Baschet<br \/>\nThierry Waziniak : Batterie<br \/>\nGa\u00ebl Mevel : violoncelle<br \/>\nUn mets v\u00e9g\u00e9tairen pour chaque moment de la soir\u00e9e + vin bio de Touraine<br \/>\n20 euros rout compris<br \/>\nrenseignements et r\u00e9servation indispensable au 06 30 36 91 45<\/p>\n","protected":false},"author":5,"featured_media":1679,"comment_status":"closed","ping_status":"closed","sticky":false,"template":"","format":"standard","meta":{"site-sidebar-layout":"default","site-content-layout":"","ast-site-content-layout":"","site-content-style":"default","site-sidebar-style":"default","ast-global-header-display":"","ast-banner-title-visibility":"","ast-main-header-display":"","ast-hfb-above-header-display":"","ast-hfb-below-header-display":"","ast-hfb-mobile-header-display":"","site-post-title":"","ast-breadcrumbs-content":"","ast-featured-img":"","footer-sml-layout":"","theme-transparent-header-meta":"","adv-header-id-meta":"","stick-header-meta":"","header-above-stick-meta":"","header-main-stick-meta":"","header-below-stick-meta":"","astra-migrate-meta-layouts":"default","ast-page-background-enabled":"default","ast-page-background-meta":{"desktop":{"background-color":"var(--ast-global-color-4)","background-image":"","background-repeat":"repeat","background-position":"center center","background-size":"auto","background-attachment":"scroll","background-type":"","background-media":"","overlay-type":"","overlay-color":"","overlay-opacity":"","overlay-gradient":""},"tablet":{"background-color":"","background-image":"","background-repeat":"repeat","background-position":"center center","background-size":"auto","background-attachment":"scroll","background-type":"","background-media":"","overlay-type":"","overlay-color":"","overlay-opacity":"","overlay-gradient":""},"mobile":{"background-color":"","background-image":"","background-repeat":"repeat","background-position":"center center","background-size":"auto","background-attachment":"scroll","background-type":"","background-media":"","overlay-type":"","overlay-color":"","overlay-opacity":"","overlay-gradient":""}},"ast-content-background-meta":{"desktop":{"background-color":"var(--ast-global-color-5)","background-image":"","background-repeat":"repeat","background-position":"center center","background-size":"auto","background-attachment":"scroll","background-type":"","background-media":"","overlay-type":"","overlay-color":"","overlay-opacity":"","overlay-gradient":""},"tablet":{"background-color":"var(--ast-global-color-5)","background-image":"","background-repeat":"repeat","background-position":"center center","background-size":"auto","background-attachment":"scroll","background-type":"","background-media":"","overlay-type":"","overlay-color":"","overlay-opacity":"","overlay-gradient":""},"mobile":{"background-color":"var(--ast-global-color-5)","background-image":"","background-repeat":"repeat","background-position":"center center","background-size":"auto","background-attachment":"scroll","background-type":"","background-media":"","overlay-type":"","overlay-color":"","overlay-opacity":"","overlay-gradient":""}},"_EventAllDay":false,"_EventTimezone":"","_EventStartDate":"","_EventEndDate":"","_EventStartDateUTC":"","_EventEndDateUTC":"","_EventShowMap":false,"_EventShowMapLink":false,"_EventURL":"","_EventCost":"","_EventCostDescription":"","_EventCurrencySymbol":"","_EventCurrencyCode":"","_EventCurrencyPosition":"","_EventDateTimeSeparator":"","_EventTimeRangeSeparator":"","_EventOrganizerID":[],"_EventVenueID":[],"_OrganizerEmail":"","_OrganizerPhone":"","_OrganizerWebsite":"","_VenueAddress":"","_VenueCity":"","_VenueCountry":"","_VenueProvince":"","_VenueState":"","_VenueZip":"","_VenuePhone":"","_VenueURL":"","_VenueStateProvince":"","_VenueLat":"","_VenueLng":"","_VenueShowMap":false,"_VenueShowMapLink":false,"footnotes":""},"categories":[1],"tags":[],"class_list":["post-1677","post","type-post","status-publish","format-standard","has-post-thumbnail","hentry","category-non-classe"],"_links":{"self":[{"href":"https:\/\/www.abbevillelariviere.fr\/index.php?rest_route=\/wp\/v2\/posts\/1677"}],"collection":[{"href":"https:\/\/www.abbevillelariviere.fr\/index.php?rest_route=\/wp\/v2\/posts"}],"about":[{"href":"https:\/\/www.abbevillelariviere.fr\/index.php?rest_route=\/wp\/v2\/types\/post"}],"author":[{"embeddable":true,"href":"https:\/\/www.abbevillelariviere.fr\/index.php?rest_route=\/wp\/v2\/users\/5"}],"replies":[{"embeddable":true,"href":"https:\/\/www.abbevillelariviere.fr\/index.php?rest_route=%2Fwp%2Fv2%2Fcomments&post=1677"}],"version-history":[{"count":24,"href":"https:\/\/www.abbevillelariviere.fr\/index.php?rest_route=\/wp\/v2\/posts\/1677\/revisions"}],"predecessor-version":[{"id":1710,"href":"https:\/\/www.abbevillelariviere.fr\/index.php?rest_route=\/wp\/v2\/posts\/1677\/revisions\/1710"}],"wp:featuredmedia":[{"embeddable":true,"href":"https:\/\/www.abbevillelariviere.fr\/index.php?rest_route=\/wp\/v2\/media\/1679"}],"wp:attachment":[{"href":"https:\/\/www.abbevillelariviere.fr\/index.php?rest_route=%2Fwp%2Fv2%2Fmedia&parent=1677"}],"wp:term":[{"taxonomy":"category","embeddable":true,"href":"https:\/\/www.abbevillelariviere.fr\/index.php?rest_route=%2Fwp%2Fv2%2Fcategories&post=1677"},{"taxonomy":"post_tag","embeddable":true,"href":"https:\/\/www.abbevillelariviere.fr\/index.php?rest_route=%2Fwp%2Fv2%2Ftags&post=1677"}],"curies":[{"name":"wp","href":"https:\/\/api.w.org\/{rel}","templated":true}]}}