{"id":169,"date":"2015-02-02T13:23:04","date_gmt":"2015-02-02T13:23:04","guid":{"rendered":"http:\/\/www.abbevillelariviere.fr\/?p=169"},"modified":"2015-03-07T17:25:12","modified_gmt":"2015-03-07T17:25:12","slug":"un-abribus","status":"publish","type":"post","link":"https:\/\/www.abbevillelariviere.fr\/?p=169","title":{"rendered":"Un Arr\u00eat Bus"},"content":{"rendered":"<p><a href=\"http:\/\/www.abbevillelariviere.fr\/wp-content\/uploads\/2015\/02\/Abri-ALBATROS-nonpub.jpg\"><img loading=\"lazy\" decoding=\"async\" class=\"alignnone size-medium wp-image-508\" src=\"http:\/\/www.abbevillelariviere.fr\/wp-content\/uploads\/2015\/02\/Abri-ALBATROS-nonpub-300x223.jpg\" alt=\"Abri ALBATROS nonpub\" width=\"300\" height=\"223\" srcset=\"https:\/\/www.abbevillelariviere.fr\/wp-content\/uploads\/2015\/02\/Abri-ALBATROS-nonpub-300x223.jpg 300w, https:\/\/www.abbevillelariviere.fr\/wp-content\/uploads\/2015\/02\/Abri-ALBATROS-nonpub-1024x760.jpg 1024w, https:\/\/www.abbevillelariviere.fr\/wp-content\/uploads\/2015\/02\/Abri-ALBATROS-nonpub-600x445.jpg 600w\" sizes=\"(max-width: 300px) 100vw, 300px\" \/><\/a><\/p>\n<p>Le projet a \u00e9t\u00e9 lanc\u00e9 d\u00e8s avril 2014.<\/p>\n<p>La mise en place de cet espace s\u00e9curis\u00e9 est complexe et long. Plateforme aux normes de s\u00e9curit\u00e9 et compatible avec la circulation du BUS, nettoyage et s\u00e9curisation des abords. Les entreprises suivantes ont \u00e9t\u00e9 consult\u00e9es pour l\u2019\u00e9laboration du budget : France Ligne, Unic renov, Leprince, Clear Channel, France t\u00e9l\u00e9com.<\/p>\n<p>Le dossier \u00e0 l\u2019\u00e9tude au Conseil G\u00e9n\u00e9ral, notre partenaire financier depuis le mois de septembre 2014, est accept\u00e9 et passera en commission fin mars 2015. A la demande du Conseil G\u00e9n\u00e9ral, nous devons \u00e9galement mettre en place la s\u00e9curisation du carrefour rue Beauregard et rue de la Vall\u00e9e<\/p>\n<p>A suivre \u2026<\/p>\n<p>Pour en savoir plus et suivre le <a title=\"Travaux et Projets\" href=\"http:\/\/www.abbevillelariviere.fr\/?page_id=72\">projet<\/a> :<\/p>\n","protected":false},"excerpt":{"rendered":"<p>Le projet a \u00e9t\u00e9 lanc\u00e9 d\u00e8s avril 2014. La mise en place de cet espace s\u00e9curis\u00e9 est complexe et long. Plateforme aux normes de s\u00e9curit\u00e9 et compatible avec la circulation [&hellip;]<\/p>\n","protected":false},"author":2,"featured_media":508,"comment_status":"closed","ping_status":"closed","sticky":false,"template":"","format":"standard","meta":{"site-sidebar-layout":"default","site-content-layout":"","ast-site-content-layout":"","site-content-style":"default","site-sidebar-style":"default","ast-global-header-display":"","ast-banner-title-visibility":"","ast-main-header-display":"","ast-hfb-above-header-display":"","ast-hfb-below-header-display":"","ast-hfb-mobile-header-display":"","site-post-title":"","ast-breadcrumbs-content":"","ast-featured-img":"","footer-sml-layout":"","theme-transparent-header-meta":"","adv-header-id-meta":"","stick-header-meta":"","header-above-stick-meta":"","header-main-stick-meta":"","header-below-stick-meta":"","astra-migrate-meta-layouts":"default","ast-page-background-enabled":"default","ast-page-background-meta":{"desktop":{"background-color":"var(--ast-global-color-4)","background-image":"","background-repeat":"repeat","background-position":"center center","background-size":"auto","background-attachment":"scroll","background-type":"","background-media":"","overlay-type":"","overlay-color":"","overlay-opacity":"","overlay-gradient":""},"tablet":{"background-color":"","background-image":"","background-repeat":"repeat","background-position":"center center","background-size":"auto","background-attachment":"scroll","background-type":"","background-media":"","overlay-type":"","overlay-color":"","overlay-opacity":"","overlay-gradient":""},"mobile":{"background-color":"","background-image":"","background-repeat":"repeat","background-position":"center center","background-size":"auto","background-attachment":"scroll","background-type":"","background-media":"","overlay-type":"","overlay-color":"","overlay-opacity":"","overlay-gradient":""}},"ast-content-background-meta":{"desktop":{"background-color":"var(--ast-global-color-5)","background-image":"","background-repeat":"repeat","background-position":"center center","background-size":"auto","background-attachment":"scroll","background-type":"","background-media":"","overlay-type":"","overlay-color":"","overlay-opacity":"","overlay-gradient":""},"tablet":{"background-color":"var(--ast-global-color-5)","background-image":"","background-repeat":"repeat","background-position":"center center","background-size":"auto","background-attachment":"scroll","background-type":"","background-media":"","overlay-type":"","overlay-color":"","overlay-opacity":"","overlay-gradient":""},"mobile":{"background-color":"var(--ast-global-color-5)","background-image":"","background-repeat":"repeat","background-position":"center center","background-size":"auto","background-attachment":"scroll","background-type":"","background-media":"","overlay-type":"","overlay-color":"","overlay-opacity":"","overlay-gradient":""}},"_EventAllDay":false,"_EventTimezone":"","_EventStartDate":"","_EventEndDate":"","_EventStartDateUTC":"","_EventEndDateUTC":"","_EventShowMap":false,"_EventShowMapLink":false,"_EventURL":"","_EventCost":"","_EventCostDescription":"","_EventCurrencySymbol":"","_EventCurrencyCode":"","_EventCurrencyPosition":"","_EventDateTimeSeparator":"","_EventTimeRangeSeparator":"","_EventOrganizerID":[],"_EventVenueID":[],"_OrganizerEmail":"","_OrganizerPhone":"","_OrganizerWebsite":"","_VenueAddress":"","_VenueCity":"","_VenueCountry":"","_VenueProvince":"","_VenueState":"","_VenueZip":"","_VenuePhone":"","_VenueURL":"","_VenueStateProvince":"","_VenueLat":"","_VenueLng":"","_VenueShowMap":false,"_VenueShowMapLink":false,"footnotes":""},"categories":[5,4],"tags":[],"class_list":["post-169","post","type-post","status-publish","format-standard","has-post-thumbnail","hentry","category-projets","category-securite"],"_links":{"self":[{"href":"https:\/\/www.abbevillelariviere.fr\/index.php?rest_route=\/wp\/v2\/posts\/169"}],"collection":[{"href":"https:\/\/www.abbevillelariviere.fr\/index.php?rest_route=\/wp\/v2\/posts"}],"about":[{"href":"https:\/\/www.abbevillelariviere.fr\/index.php?rest_route=\/wp\/v2\/types\/post"}],"author":[{"embeddable":true,"href":"https:\/\/www.abbevillelariviere.fr\/index.php?rest_route=\/wp\/v2\/users\/2"}],"replies":[{"embeddable":true,"href":"https:\/\/www.abbevillelariviere.fr\/index.php?rest_route=%2Fwp%2Fv2%2Fcomments&post=169"}],"version-history":[{"count":7,"href":"https:\/\/www.abbevillelariviere.fr\/index.php?rest_route=\/wp\/v2\/posts\/169\/revisions"}],"predecessor-version":[{"id":747,"href":"https:\/\/www.abbevillelariviere.fr\/index.php?rest_route=\/wp\/v2\/posts\/169\/revisions\/747"}],"wp:featuredmedia":[{"embeddable":true,"href":"https:\/\/www.abbevillelariviere.fr\/index.php?rest_route=\/wp\/v2\/media\/508"}],"wp:attachment":[{"href":"https:\/\/www.abbevillelariviere.fr\/index.php?rest_route=%2Fwp%2Fv2%2Fmedia&parent=169"}],"wp:term":[{"taxonomy":"category","embeddable":true,"href":"https:\/\/www.abbevillelariviere.fr\/index.php?rest_route=%2Fwp%2Fv2%2Fcategories&post=169"},{"taxonomy":"post_tag","embeddable":true,"href":"https:\/\/www.abbevillelariviere.fr\/index.php?rest_route=%2Fwp%2Fv2%2Ftags&post=169"}],"curies":[{"name":"wp","href":"https:\/\/api.w.org\/{rel}","templated":true}]}}