{"id":1795,"date":"2020-03-10T05:24:51","date_gmt":"2020-03-10T05:24:51","guid":{"rendered":"http:\/\/www.abbevillelariviere.fr\/?p=1795"},"modified":"2020-03-10T05:24:51","modified_gmt":"2020-03-10T05:24:51","slug":"fontenette-compte-rendu-dexecution-pelouses-calcicoles","status":"publish","type":"post","link":"https:\/\/www.abbevillelariviere.fr\/?p=1795","title":{"rendered":"Fontenette : Compte-rendu d\u2019exe\u0301cution pelouses calcicoles"},"content":{"rendered":"<h2>Compte-rendu d\u2019exe\u0301cution \/ Chantiers nature d\u2019entretien et de restauration des pelouses calcicoles &#8211; 2019-2020 sur Abbe\u0301ville-la-Rivie\u0300re, Fontenette<\/h2>\n<p>Le sous-site de Fontenette est en limite du pe\u0301rime\u0300tre Natura 2000, cependant il abrite des pelouses calcicoles en continuite\u0301 avec celui-ci. Il s\u2019agit d\u2019une zone connue par les amateurs de sport motorise\u0301 en nature, comme en te\u0301moigne les traces de pistes visibles sur les photographies ae\u0301riennes. Cette pratique a e\u0301te\u0301 contenue par la mise en place de barrages de rochers sur les zones de sauts.<\/p>\n<h2>Gestion passe\u0301e<\/h2>\n<p>Aucune gestion connue hormis la gestion des chemins n\u2019a e\u0301te\u0301 effectue\u0301e jusqu\u2019alors. C\u2019est pourquoi NaturEssonne a propose\u0301 une mise en place d\u2019une convention de gestion avec la commune afin des pre\u0301server ces pelouses calcaires. Cette convention a e\u0301te\u0301 signe\u0301e le 4 septembre 2019 et est valable jusqu\u2019en 2021.<\/p>\n<p>Ci apr\u00e8s le compte-rendu d&#8217;ex\u00e9cution de ce chantier ( cliquer sur le lien pour le t\u00e9l\u00e9charger ): <a href=\"http:\/\/www.abbevillelariviere.fr\/wp-content\/uploads\/2020\/03\/N2000Juine_Rp_Fontenette_2019_2020_V2.pdf\">N2000Juine_Rp_Fontenette_2019_2020_V2<\/a><\/p>\n","protected":false},"excerpt":{"rendered":"<p>Compte-rendu d\u2019exe\u0301cution \/ Chantiers nature d\u2019entretien et de restauration des pelouses calcicoles 2019-2020 sur Abbe\u0301ville-la-Rivie\u0300re, Fontenette : Le sous-site de Fontenette est en limite du pe\u0301rime\u0300tre Natura 2000, cependant il abrite des pelouses calcicoles en continuite\u0301 avec celui-ci&#8230;.<\/p>\n","protected":false},"author":1,"featured_media":1797,"comment_status":"closed","ping_status":"closed","sticky":false,"template":"","format":"standard","meta":{"site-sidebar-layout":"default","site-content-layout":"","ast-site-content-layout":"","site-content-style":"default","site-sidebar-style":"default","ast-global-header-display":"","ast-banner-title-visibility":"","ast-main-header-display":"","ast-hfb-above-header-display":"","ast-hfb-below-header-display":"","ast-hfb-mobile-header-display":"","site-post-title":"","ast-breadcrumbs-content":"","ast-featured-img":"","footer-sml-layout":"","theme-transparent-header-meta":"","adv-header-id-meta":"","stick-header-meta":"","header-above-stick-meta":"","header-main-stick-meta":"","header-below-stick-meta":"","astra-migrate-meta-layouts":"default","ast-page-background-enabled":"default","ast-page-background-meta":{"desktop":{"background-color":"var(--ast-global-color-4)","background-image":"","background-repeat":"repeat","background-position":"center center","background-size":"auto","background-attachment":"scroll","background-type":"","background-media":"","overlay-type":"","overlay-color":"","overlay-opacity":"","overlay-gradient":""},"tablet":{"background-color":"","background-image":"","background-repeat":"repeat","background-position":"center center","background-size":"auto","background-attachment":"scroll","background-type":"","background-media":"","overlay-type":"","overlay-color":"","overlay-opacity":"","overlay-gradient":""},"mobile":{"background-color":"","background-image":"","background-repeat":"repeat","background-position":"center center","background-size":"auto","background-attachment":"scroll","background-type":"","background-media":"","overlay-type":"","overlay-color":"","overlay-opacity":"","overlay-gradient":""}},"ast-content-background-meta":{"desktop":{"background-color":"var(--ast-global-color-5)","background-image":"","background-repeat":"repeat","background-position":"center center","background-size":"auto","background-attachment":"scroll","background-type":"","background-media":"","overlay-type":"","overlay-color":"","overlay-opacity":"","overlay-gradient":""},"tablet":{"background-color":"var(--ast-global-color-5)","background-image":"","background-repeat":"repeat","background-position":"center center","background-size":"auto","background-attachment":"scroll","background-type":"","background-media":"","overlay-type":"","overlay-color":"","overlay-opacity":"","overlay-gradient":""},"mobile":{"background-color":"var(--ast-global-color-5)","background-image":"","background-repeat":"repeat","background-position":"center center","background-size":"auto","background-attachment":"scroll","background-type":"","background-media":"","overlay-type":"","overlay-color":"","overlay-opacity":"","overlay-gradient":""}},"_EventAllDay":false,"_EventTimezone":"","_EventStartDate":"","_EventEndDate":"","_EventStartDateUTC":"","_EventEndDateUTC":"","_EventShowMap":false,"_EventShowMapLink":false,"_EventURL":"","_EventCost":"","_EventCostDescription":"","_EventCurrencySymbol":"","_EventCurrencyCode":"","_EventCurrencyPosition":"","_EventDateTimeSeparator":"","_EventTimeRangeSeparator":"","_EventOrganizerID":[],"_EventVenueID":[],"_OrganizerEmail":"","_OrganizerPhone":"","_OrganizerWebsite":"","_VenueAddress":"","_VenueCity":"","_VenueCountry":"","_VenueProvince":"","_VenueState":"","_VenueZip":"","_VenuePhone":"","_VenueURL":"","_VenueStateProvince":"","_VenueLat":"","_VenueLng":"","_VenueShowMap":false,"_VenueShowMapLink":false,"footnotes":""},"categories":[1],"tags":[],"class_list":["post-1795","post","type-post","status-publish","format-standard","has-post-thumbnail","hentry","category-non-classe"],"_links":{"self":[{"href":"https:\/\/www.abbevillelariviere.fr\/index.php?rest_route=\/wp\/v2\/posts\/1795"}],"collection":[{"href":"https:\/\/www.abbevillelariviere.fr\/index.php?rest_route=\/wp\/v2\/posts"}],"about":[{"href":"https:\/\/www.abbevillelariviere.fr\/index.php?rest_route=\/wp\/v2\/types\/post"}],"author":[{"embeddable":true,"href":"https:\/\/www.abbevillelariviere.fr\/index.php?rest_route=\/wp\/v2\/users\/1"}],"replies":[{"embeddable":true,"href":"https:\/\/www.abbevillelariviere.fr\/index.php?rest_route=%2Fwp%2Fv2%2Fcomments&post=1795"}],"version-history":[{"count":1,"href":"https:\/\/www.abbevillelariviere.fr\/index.php?rest_route=\/wp\/v2\/posts\/1795\/revisions"}],"predecessor-version":[{"id":1798,"href":"https:\/\/www.abbevillelariviere.fr\/index.php?rest_route=\/wp\/v2\/posts\/1795\/revisions\/1798"}],"wp:featuredmedia":[{"embeddable":true,"href":"https:\/\/www.abbevillelariviere.fr\/index.php?rest_route=\/wp\/v2\/media\/1797"}],"wp:attachment":[{"href":"https:\/\/www.abbevillelariviere.fr\/index.php?rest_route=%2Fwp%2Fv2%2Fmedia&parent=1795"}],"wp:term":[{"taxonomy":"category","embeddable":true,"href":"https:\/\/www.abbevillelariviere.fr\/index.php?rest_route=%2Fwp%2Fv2%2Fcategories&post=1795"},{"taxonomy":"post_tag","embeddable":true,"href":"https:\/\/www.abbevillelariviere.fr\/index.php?rest_route=%2Fwp%2Fv2%2Ftags&post=1795"}],"curies":[{"name":"wp","href":"https:\/\/api.w.org\/{rel}","templated":true}]}}