{"id":1845,"date":"2020-03-25T10:45:48","date_gmt":"2020-03-25T10:45:48","guid":{"rendered":"http:\/\/www.abbevillelariviere.fr\/?p=1845"},"modified":"2020-03-25T10:55:25","modified_gmt":"2020-03-25T10:55:25","slug":"nouvelle-attestation-de-deplacement","status":"publish","type":"post","link":"https:\/\/www.abbevillelariviere.fr\/?p=1845","title":{"rendered":"Nouvelle attestation de d\u00e9placement"},"content":{"rendered":"<div>\n<p><strong>En application de l\u2019\u00e9tat d\u2019urgence sanitaire, les d\u00e9placements sont interdits sauf dans les cas suivants et uniquement \u00e0 condition d&#8217;\u00eatre munis d&#8217;une attestation pour :<\/strong><\/p>\n<ul>\n<li>D\u00e9placements entre le domicile et le lieu d\u2019exercice de l\u2019activit\u00e9 professionnelle, lorsqu\u2019ils sont indispensables \u00e0 l\u2019exercice d\u2019activit\u00e9s ne pouvant \u00eatre organis\u00e9es sous forme de t\u00e9l\u00e9travail ou d\u00e9placements professionnels ne pouvant \u00eatre diff\u00e9r\u00e9s.<\/li>\n<li>D\u00e9placements pour effectuer des achats de fournitures n\u00e9cessaires \u00e0 l\u2019activit\u00e9 professionnelle et des achats de premi\u00e8re n\u00e9cessit\u00e9[1] dans des \u00e9tablissements dont les activit\u00e9s demeurent autoris\u00e9es.<\/li>\n<li>Consultations et soins ne pouvant \u00eatre assur\u00e9s \u00e0 distance et ne pouvant \u00eatre diff\u00e9r\u00e9s\u00a0 ; soin des patients atteints d&#8217;une affection de longue dur\u00e9e.<\/li>\n<li>D\u00e9placements pour motif familial imp\u00e9rieux, pour l\u2019assistance aux personnes vuln\u00e9rables ou la garde d\u2019enfants.<\/li>\n<li>D\u00e9placements brefs, dans la limite d&#8217;une heure quotidienne et dans un rayon maximal d&#8217;un kilom\u00e8tre autour du domicile, li\u00e9s soit \u00e0 l&#8217;activit\u00e9 physique individuelle des personnes, \u00e0 l&#8217;exclusion de toute pratique sportive collective et de toute proximit\u00e9 avec d&#8217;autres personnes, soit \u00e0 la promenade avec les seules personnes regroup\u00e9es dans un m\u00eame domicile, soit aux besoins des animaux de compagnie.<\/li>\n<li>Convocation judiciaire ou administrative.<\/li>\n<li>Participation \u00e0 des missions d\u2019int\u00e9r\u00eat g\u00e9n\u00e9ral sur demande de l\u2019autorit\u00e9 administrative<\/li>\n<\/ul>\n<p>[1] Y compris les acquisitions \u00e0 titre gratuit (distribution de denr\u00e9es alimentaires\u2026) et les d\u00e9placements li\u00e9s \u00e0 la perception de prestations sociales et au retrait d\u2019esp\u00e8ce<\/p>\n<p><strong>Les deux documents n\u00e9cessaires pour circuler sont disponibles\u00a0: <\/strong><\/p>\n<ul>\n<li><strong>l&#8217;attestation individuelle, \u00e0 t\u00e9l\u00e9charger<span style=\"color: #ff0000;\"> <a style=\"color: #ff0000;\" href=\"https:\/\/www.gouvernement.fr\/sites\/default\/files\/contenu\/piece-jointe\/2020\/03\/attestation-deplacement-fr-20200324.pdf\" target=\"_blank\" data-smarttag-click=\"%7B%20%22name%22:%20%22attestation_de_deplacement_derogatoire%22,%20%22type%22%20:%20%22download%22%20%7D\">au format PDF (73 ko)<\/a><\/span>, <a href=\"https:\/\/www.gouvernement.fr\/sites\/default\/files\/contenu\/piece-jointe\/2020\/03\/attestation-deplacement-fr-20200324.docx\" target=\"_blank\" download=\"attestation-deplacement-fr.docx\" data-smarttag-click=\"%7B%20%22name%22:%20%22attestation_de_deplacement_derogatoire_docx%22,%20%22type%22%20:%20%22download%22%20%7D\">au format DOC (16 ko)<\/a>, <a href=\"https:\/\/www.gouvernement.fr\/sites\/default\/files\/contenu\/piece-jointe\/2020\/03\/attestation-deplacement-fr-20200324.txt\" target=\"_blank\" data-smarttag-click=\"%7B%20%22name%22:%20%22attestation_de_deplacement_derogatoire_txt%22,%20%22type%22%20:%20%22download%22%20%7D\">au format TXT (1 ko)<\/a> ou \u00e0 reproduire sur papier libre. Elle doit \u00eatre remplie pour chaque d\u00e9placement non professionnel ;<\/strong><\/li>\n<\/ul>\n<ul>\n<li><strong>l&#8217;attestation de l&#8217;employeur,<span style=\"color: #ff0000;\"> <a style=\"color: #ff0000;\" href=\"https:\/\/www.gouvernement.fr\/sites\/default\/files\/contenu\/piece-jointe\/2020\/03\/justificatif-deplacement-professionnel-fr.pdf\" target=\"_blank\" data-smarttag-click=\"%7B%20%22name%22:%20%22justificatif_de_deplacement_professionnel%22,%20%22type%22%20:%20%22download%22%20%7D\">au format PDF (227 ko)<\/a><\/span>, <a href=\"https:\/\/www.gouvernement.fr\/sites\/default\/files\/contenu\/piece-jointe\/2020\/03\/justificatif-deplacement-professionnel-fr.docx\" target=\"_blank\" download=\"justificatif-deplacement-professionnel-fr.docx\" data-smarttag-click=\"%7B%20%22name%22:%20%22justificatif_de_deplacement_professionnel_docx%22,%20%22type%22%20:%20%22download%22%20%7D\">au format DOC (18 ko)<\/a> ou <a href=\"https:\/\/www.gouvernement.fr\/sites\/default\/files\/contenu\/piece-jointe\/2020\/03\/justificatif-deplacement-professionnel-fr.txt\" target=\"_blank\" data-smarttag-click=\"%7B%20%22name%22:%20%22justificatif_de_deplacement_professionne_txt%22,%20%22type%22%20:%20%22download%22%20%7D\">au format TXT (2 ko)<\/a>. Elle est valable pendant toute la dur\u00e9e des mesures de confinement et n\u2019a donc pas \u00e0 \u00eatre renouvel\u00e9e tous les jours.<\/strong><\/li>\n<\/ul>\n<p>Les infractions \u00e0 ces r\u00e8gles seront sanctionn\u00e9es d&#8217;une amende de 135 euros avec une possible majoration \u00e0 375 euros et 1 500 euros en cas de r\u00e9cidive. En cas de doute sur ces restrictions de d\u00e9placement, vous pouvez consulter les <a href=\"https:\/\/www.gouvernement.fr\/sites\/default\/files\/contenu\/piece-jointe\/2020\/03\/faq-restrictions.pdf\" target=\"_blank\" data-smarttag-click=\"%7B%20%22name%22:%20%22faq-restrictions.pdf%22,%20%22type%22%20:%20%22download%22%20%7D\">questions \/ r\u00e9ponses en cliquant ici<\/a>.<\/p>\n<p>Attention \u00e0 vos donn\u00e9es personnelles, n&#8217;utilisez pas de support num\u00e9rique pour vos attestations. Seuls le document officiel\u00a0 du minist\u00e8re de l&#8217;Int\u00e9rieur ou une attestation sur l&#8217;honneur sur papier libre peuvent \u00eatre utilis\u00e9s comme justificatifs.<\/p>\n<\/div>\n","protected":false},"excerpt":{"rendered":"<p>SORTIE ENCADR\u00c9E &#8211; La nouvelle attestation de d\u00e9placement d\u00e9rogatoire revient notamment sur les modalit\u00e9s de sortie en cas d&#8217;activit\u00e9 physique mais aussi sur les d\u00e9placements pour raison de sant\u00e9. Autre nouveaut\u00e9 : il faudra d\u00e9sormais indiquer l&#8217;heure de sortie de son domicile. Vous trouverez les liens vers celle-ci dans cet article.<\/p>\n","protected":false},"author":1,"featured_media":1847,"comment_status":"closed","ping_status":"closed","sticky":false,"template":"","format":"standard","meta":{"site-sidebar-layout":"default","site-content-layout":"","ast-site-content-layout":"","site-content-style":"default","site-sidebar-style":"default","ast-global-header-display":"","ast-banner-title-visibility":"","ast-main-header-display":"","ast-hfb-above-header-display":"","ast-hfb-below-header-display":"","ast-hfb-mobile-header-display":"","site-post-title":"","ast-breadcrumbs-content":"","ast-featured-img":"","footer-sml-layout":"","theme-transparent-header-meta":"","adv-header-id-meta":"","stick-header-meta":"","header-above-stick-meta":"","header-main-stick-meta":"","header-below-stick-meta":"","astra-migrate-meta-layouts":"default","ast-page-background-enabled":"default","ast-page-background-meta":{"desktop":{"background-color":"var(--ast-global-color-4)","background-image":"","background-repeat":"repeat","background-position":"center center","background-size":"auto","background-attachment":"scroll","background-type":"","background-media":"","overlay-type":"","overlay-color":"","overlay-opacity":"","overlay-gradient":""},"tablet":{"background-color":"","background-image":"","background-repeat":"repeat","background-position":"center center","background-size":"auto","background-attachment":"scroll","background-type":"","background-media":"","overlay-type":"","overlay-color":"","overlay-opacity":"","overlay-gradient":""},"mobile":{"background-color":"","background-image":"","background-repeat":"repeat","background-position":"center center","background-size":"auto","background-attachment":"scroll","background-type":"","background-media":"","overlay-type":"","overlay-color":"","overlay-opacity":"","overlay-gradient":""}},"ast-content-background-meta":{"desktop":{"background-color":"var(--ast-global-color-5)","background-image":"","background-repeat":"repeat","background-position":"center center","background-size":"auto","background-attachment":"scroll","background-type":"","background-media":"","overlay-type":"","overlay-color":"","overlay-opacity":"","overlay-gradient":""},"tablet":{"background-color":"var(--ast-global-color-5)","background-image":"","background-repeat":"repeat","background-position":"center center","background-size":"auto","background-attachment":"scroll","background-type":"","background-media":"","overlay-type":"","overlay-color":"","overlay-opacity":"","overlay-gradient":""},"mobile":{"background-color":"var(--ast-global-color-5)","background-image":"","background-repeat":"repeat","background-position":"center center","background-size":"auto","background-attachment":"scroll","background-type":"","background-media":"","overlay-type":"","overlay-color":"","overlay-opacity":"","overlay-gradient":""}},"_EventAllDay":false,"_EventTimezone":"","_EventStartDate":"","_EventEndDate":"","_EventStartDateUTC":"","_EventEndDateUTC":"","_EventShowMap":false,"_EventShowMapLink":false,"_EventURL":"","_EventCost":"","_EventCostDescription":"","_EventCurrencySymbol":"","_EventCurrencyCode":"","_EventCurrencyPosition":"","_EventDateTimeSeparator":"","_EventTimeRangeSeparator":"","_EventOrganizerID":[],"_EventVenueID":[],"_OrganizerEmail":"","_OrganizerPhone":"","_OrganizerWebsite":"","_VenueAddress":"","_VenueCity":"","_VenueCountry":"","_VenueProvince":"","_VenueState":"","_VenueZip":"","_VenuePhone":"","_VenueURL":"","_VenueStateProvince":"","_VenueLat":"","_VenueLng":"","_VenueShowMap":false,"_VenueShowMapLink":false,"footnotes":""},"categories":[3,1],"tags":[],"class_list":["post-1845","post","type-post","status-publish","format-standard","has-post-thumbnail","hentry","category-les-billets-du-maire","category-non-classe"],"_links":{"self":[{"href":"https:\/\/www.abbevillelariviere.fr\/index.php?rest_route=\/wp\/v2\/posts\/1845"}],"collection":[{"href":"https:\/\/www.abbevillelariviere.fr\/index.php?rest_route=\/wp\/v2\/posts"}],"about":[{"href":"https:\/\/www.abbevillelariviere.fr\/index.php?rest_route=\/wp\/v2\/types\/post"}],"author":[{"embeddable":true,"href":"https:\/\/www.abbevillelariviere.fr\/index.php?rest_route=\/wp\/v2\/users\/1"}],"replies":[{"embeddable":true,"href":"https:\/\/www.abbevillelariviere.fr\/index.php?rest_route=%2Fwp%2Fv2%2Fcomments&post=1845"}],"version-history":[{"count":4,"href":"https:\/\/www.abbevillelariviere.fr\/index.php?rest_route=\/wp\/v2\/posts\/1845\/revisions"}],"predecessor-version":[{"id":1850,"href":"https:\/\/www.abbevillelariviere.fr\/index.php?rest_route=\/wp\/v2\/posts\/1845\/revisions\/1850"}],"wp:featuredmedia":[{"embeddable":true,"href":"https:\/\/www.abbevillelariviere.fr\/index.php?rest_route=\/wp\/v2\/media\/1847"}],"wp:attachment":[{"href":"https:\/\/www.abbevillelariviere.fr\/index.php?rest_route=%2Fwp%2Fv2%2Fmedia&parent=1845"}],"wp:term":[{"taxonomy":"category","embeddable":true,"href":"https:\/\/www.abbevillelariviere.fr\/index.php?rest_route=%2Fwp%2Fv2%2Fcategories&post=1845"},{"taxonomy":"post_tag","embeddable":true,"href":"https:\/\/www.abbevillelariviere.fr\/index.php?rest_route=%2Fwp%2Fv2%2Ftags&post=1845"}],"curies":[{"name":"wp","href":"https:\/\/api.w.org\/{rel}","templated":true}]}}