{"id":1852,"date":"2020-03-25T13:56:30","date_gmt":"2020-03-25T13:56:30","guid":{"rendered":"http:\/\/www.abbevillelariviere.fr\/?p=1852"},"modified":"2020-03-25T13:56:30","modified_gmt":"2020-03-25T13:56:30","slug":"covid-19-reserve-civique","status":"publish","type":"post","link":"https:\/\/www.abbevillelariviere.fr\/?p=1852","title":{"rendered":"COVID-19 &#8211; R\u00e9serve Civique"},"content":{"rendered":"<div class=\"h2container\">\n<h2>La mobilisation citoyenne<\/h2>\n<\/div>\n<p>Face \u00e0 l\u2019\u00e9pid\u00e9mie de Covid-19, le Gouvernement appelle \u00e0 la mobilisation g\u00e9n\u00e9rale des solidarit\u00e9s. Le gouvernement a mis en ligne une plateforme &#8220;R\u00e9serve Civique&#8221; afin de recenser les besoins des associations et les propositions de b\u00e9n\u00e9volat.<\/p>\n<p>Toutes les informations officielles sont d\u00e9sormais disponibles sur la plateforme\u00a0:<\/p>\n<p><a href=\"https:\/\/covid19.reserve-civique.gouv.fr\/\" target=\"_blank\"><strong>https:\/\/covid19.reserve-civique.gouv.fr\/<\/strong><\/a><\/p>\n<p>Vous trouverez sur ce site les 4 missions vitales et les 5 r\u00e8gles de s\u00e9curit\u00e9 pour la mobilisation citoyenne.<\/p>\n<p>France B\u00e9n\u00e9volat encourage \u00e9galement les associations \u00e0 publier leurs annonces vitales et les concitoyens \u00e0 y proposer leur aide.<\/p>\n","protected":false},"excerpt":{"rendered":"<p>Face \u00e0 l\u2019\u00e9pid\u00e9mie de Covid-19, le Gouvernement appelle \u00e0 la mobilisation g\u00e9n\u00e9rale des solidarit\u00e9s. Le gouvernement a mis en ligne une plateforme &#8220;R\u00e9serve Civique&#8221; afin de recenser les besoins des associations et les propositions de b\u00e9n\u00e9volat.<br \/>\nToutes les informations officielles sont d\u00e9sormais disponibles sur la plateforme : https:\/\/covid19.reserve-civique.gouv.fr\/<br \/>\nVous trouverez sur ce site les 4 missions vitales et les 5 r\u00e8gles de s\u00e9curit\u00e9 pour la mobilisation citoyenne.<br \/>\nFrance B\u00e9n\u00e9volat encourage \u00e9galement les associations \u00e0 publier leurs annonces vitales et les concitoyens \u00e0 y proposer leur aide.<\/p>\n","protected":false},"author":1,"featured_media":1854,"comment_status":"closed","ping_status":"closed","sticky":false,"template":"","format":"standard","meta":{"site-sidebar-layout":"default","site-content-layout":"","ast-site-content-layout":"","site-content-style":"default","site-sidebar-style":"default","ast-global-header-display":"","ast-banner-title-visibility":"","ast-main-header-display":"","ast-hfb-above-header-display":"","ast-hfb-below-header-display":"","ast-hfb-mobile-header-display":"","site-post-title":"","ast-breadcrumbs-content":"","ast-featured-img":"","footer-sml-layout":"","theme-transparent-header-meta":"","adv-header-id-meta":"","stick-header-meta":"","header-above-stick-meta":"","header-main-stick-meta":"","header-below-stick-meta":"","astra-migrate-meta-layouts":"default","ast-page-background-enabled":"default","ast-page-background-meta":{"desktop":{"background-color":"var(--ast-global-color-4)","background-image":"","background-repeat":"repeat","background-position":"center center","background-size":"auto","background-attachment":"scroll","background-type":"","background-media":"","overlay-type":"","overlay-color":"","overlay-opacity":"","overlay-gradient":""},"tablet":{"background-color":"","background-image":"","background-repeat":"repeat","background-position":"center center","background-size":"auto","background-attachment":"scroll","background-type":"","background-media":"","overlay-type":"","overlay-color":"","overlay-opacity":"","overlay-gradient":""},"mobile":{"background-color":"","background-image":"","background-repeat":"repeat","background-position":"center center","background-size":"auto","background-attachment":"scroll","background-type":"","background-media":"","overlay-type":"","overlay-color":"","overlay-opacity":"","overlay-gradient":""}},"ast-content-background-meta":{"desktop":{"background-color":"var(--ast-global-color-5)","background-image":"","background-repeat":"repeat","background-position":"center center","background-size":"auto","background-attachment":"scroll","background-type":"","background-media":"","overlay-type":"","overlay-color":"","overlay-opacity":"","overlay-gradient":""},"tablet":{"background-color":"var(--ast-global-color-5)","background-image":"","background-repeat":"repeat","background-position":"center center","background-size":"auto","background-attachment":"scroll","background-type":"","background-media":"","overlay-type":"","overlay-color":"","overlay-opacity":"","overlay-gradient":""},"mobile":{"background-color":"var(--ast-global-color-5)","background-image":"","background-repeat":"repeat","background-position":"center center","background-size":"auto","background-attachment":"scroll","background-type":"","background-media":"","overlay-type":"","overlay-color":"","overlay-opacity":"","overlay-gradient":""}},"_EventAllDay":false,"_EventTimezone":"","_EventStartDate":"","_EventEndDate":"","_EventStartDateUTC":"","_EventEndDateUTC":"","_EventShowMap":false,"_EventShowMapLink":false,"_EventURL":"","_EventCost":"","_EventCostDescription":"","_EventCurrencySymbol":"","_EventCurrencyCode":"","_EventCurrencyPosition":"","_EventDateTimeSeparator":"","_EventTimeRangeSeparator":"","_EventOrganizerID":[],"_EventVenueID":[],"_OrganizerEmail":"","_OrganizerPhone":"","_OrganizerWebsite":"","_VenueAddress":"","_VenueCity":"","_VenueCountry":"","_VenueProvince":"","_VenueState":"","_VenueZip":"","_VenuePhone":"","_VenueURL":"","_VenueStateProvince":"","_VenueLat":"","_VenueLng":"","_VenueShowMap":false,"_VenueShowMapLink":false,"footnotes":""},"categories":[3,1],"tags":[],"class_list":["post-1852","post","type-post","status-publish","format-standard","has-post-thumbnail","hentry","category-les-billets-du-maire","category-non-classe"],"_links":{"self":[{"href":"https:\/\/www.abbevillelariviere.fr\/index.php?rest_route=\/wp\/v2\/posts\/1852"}],"collection":[{"href":"https:\/\/www.abbevillelariviere.fr\/index.php?rest_route=\/wp\/v2\/posts"}],"about":[{"href":"https:\/\/www.abbevillelariviere.fr\/index.php?rest_route=\/wp\/v2\/types\/post"}],"author":[{"embeddable":true,"href":"https:\/\/www.abbevillelariviere.fr\/index.php?rest_route=\/wp\/v2\/users\/1"}],"replies":[{"embeddable":true,"href":"https:\/\/www.abbevillelariviere.fr\/index.php?rest_route=%2Fwp%2Fv2%2Fcomments&post=1852"}],"version-history":[{"count":2,"href":"https:\/\/www.abbevillelariviere.fr\/index.php?rest_route=\/wp\/v2\/posts\/1852\/revisions"}],"predecessor-version":[{"id":1856,"href":"https:\/\/www.abbevillelariviere.fr\/index.php?rest_route=\/wp\/v2\/posts\/1852\/revisions\/1856"}],"wp:featuredmedia":[{"embeddable":true,"href":"https:\/\/www.abbevillelariviere.fr\/index.php?rest_route=\/wp\/v2\/media\/1854"}],"wp:attachment":[{"href":"https:\/\/www.abbevillelariviere.fr\/index.php?rest_route=%2Fwp%2Fv2%2Fmedia&parent=1852"}],"wp:term":[{"taxonomy":"category","embeddable":true,"href":"https:\/\/www.abbevillelariviere.fr\/index.php?rest_route=%2Fwp%2Fv2%2Fcategories&post=1852"},{"taxonomy":"post_tag","embeddable":true,"href":"https:\/\/www.abbevillelariviere.fr\/index.php?rest_route=%2Fwp%2Fv2%2Ftags&post=1852"}],"curies":[{"name":"wp","href":"https:\/\/api.w.org\/{rel}","templated":true}]}}