{"id":1897,"date":"2020-04-06T08:48:59","date_gmt":"2020-04-06T08:48:59","guid":{"rendered":"http:\/\/www.abbevillelariviere.fr\/?p=1897"},"modified":"2020-05-26T09:13:42","modified_gmt":"2020-05-26T09:13:42","slug":"attestation-numerique-de-deplacement","status":"publish","type":"post","link":"https:\/\/www.abbevillelariviere.fr\/?p=1897","title":{"rendered":"Attestation num\u00e9rique de d\u00e9placement"},"content":{"rendered":"<p>Un dispositif de cr\u00e9ation num\u00e9rique de l&#8217;attestation de d\u00e9placement d\u00e9rogatoire est d\u00e9sormais disponible, en compl\u00e9ment du dispositif papier toujours valide.<\/p>\n<p>Apr\u00e8s avoir rempli les informations sur un formulaire en ligne, un fichier\u00a0<strong>.PDF<\/strong>\u00a0est g\u00e9n\u00e9r\u00e9 appos\u00e9 d\u2019un\u00a0<strong>QR Code<\/strong>\u00a0comprenant l\u2019ensemble des donn\u00e9es du formulaire, ainsi que la date et l\u2019heure de g\u00e9n\u00e9ration du document. Ce fichier doit \u00eatre pr\u00e9sent\u00e9 lors du contr\u00f4le sur smartphone ou tablette.<\/p>\n<p>Ce service est accessible sur tout type de terminal mobile au travers d&#8217;un navigateur. Il a \u00e9t\u00e9 con\u00e7u pour \u00eatre facilement utilisable par les personnes en situation de handicap.<\/p>\n<p>Par ailleurs, aucune donn\u00e9e personnelle n&#8217;est collect\u00e9e. Et aucun fichier n&#8217;est constitu\u00e9.<\/p>\n<p><a href=\"https:\/\/media.interieur.gouv.fr\/deplacement-covid-19\/\">https:\/\/media.interieur.gouv.fr\/deplacement-covid-19\/<\/a><\/p>\n<p>&nbsp;<\/p>\n<p>&nbsp;<\/p>\n","protected":false},"excerpt":{"rendered":"<p>Un dispositif de cr\u00e9ation num\u00e9rique de l&#8217;attestation de d\u00e9placement d\u00e9rogatoire est d\u00e9sormais disponible, en compl\u00e9ment du dispositif papier toujours valide.<br \/>\nCe service est accessible sur tout type de terminal mobile au travers d&#8217;un navigateur. Il a \u00e9t\u00e9 con\u00e7u pour \u00eatre facilement utilisable par les personnes en situation de handicap. Par ailleurs, aucune donn\u00e9e personnelle n&#8217;est collect\u00e9e. Et aucun fichier n&#8217;est constitu\u00e9. https:\/\/media.interieur.gouv.fr\/deplacement-covid-19\/<\/p>\n","protected":false},"author":1,"featured_media":1898,"comment_status":"closed","ping_status":"closed","sticky":false,"template":"","format":"standard","meta":{"site-sidebar-layout":"default","site-content-layout":"","ast-site-content-layout":"","site-content-style":"default","site-sidebar-style":"default","ast-global-header-display":"","ast-banner-title-visibility":"","ast-main-header-display":"","ast-hfb-above-header-display":"","ast-hfb-below-header-display":"","ast-hfb-mobile-header-display":"","site-post-title":"","ast-breadcrumbs-content":"","ast-featured-img":"","footer-sml-layout":"","theme-transparent-header-meta":"","adv-header-id-meta":"","stick-header-meta":"","header-above-stick-meta":"","header-main-stick-meta":"","header-below-stick-meta":"","astra-migrate-meta-layouts":"default","ast-page-background-enabled":"default","ast-page-background-meta":{"desktop":{"background-color":"var(--ast-global-color-4)","background-image":"","background-repeat":"repeat","background-position":"center center","background-size":"auto","background-attachment":"scroll","background-type":"","background-media":"","overlay-type":"","overlay-color":"","overlay-opacity":"","overlay-gradient":""},"tablet":{"background-color":"","background-image":"","background-repeat":"repeat","background-position":"center center","background-size":"auto","background-attachment":"scroll","background-type":"","background-media":"","overlay-type":"","overlay-color":"","overlay-opacity":"","overlay-gradient":""},"mobile":{"background-color":"","background-image":"","background-repeat":"repeat","background-position":"center center","background-size":"auto","background-attachment":"scroll","background-type":"","background-media":"","overlay-type":"","overlay-color":"","overlay-opacity":"","overlay-gradient":""}},"ast-content-background-meta":{"desktop":{"background-color":"var(--ast-global-color-5)","background-image":"","background-repeat":"repeat","background-position":"center center","background-size":"auto","background-attachment":"scroll","background-type":"","background-media":"","overlay-type":"","overlay-color":"","overlay-opacity":"","overlay-gradient":""},"tablet":{"background-color":"var(--ast-global-color-5)","background-image":"","background-repeat":"repeat","background-position":"center center","background-size":"auto","background-attachment":"scroll","background-type":"","background-media":"","overlay-type":"","overlay-color":"","overlay-opacity":"","overlay-gradient":""},"mobile":{"background-color":"var(--ast-global-color-5)","background-image":"","background-repeat":"repeat","background-position":"center center","background-size":"auto","background-attachment":"scroll","background-type":"","background-media":"","overlay-type":"","overlay-color":"","overlay-opacity":"","overlay-gradient":""}},"_EventAllDay":false,"_EventTimezone":"","_EventStartDate":"","_EventEndDate":"","_EventStartDateUTC":"","_EventEndDateUTC":"","_EventShowMap":false,"_EventShowMapLink":false,"_EventURL":"","_EventCost":"","_EventCostDescription":"","_EventCurrencySymbol":"","_EventCurrencyCode":"","_EventCurrencyPosition":"","_EventDateTimeSeparator":"","_EventTimeRangeSeparator":"","_EventOrganizerID":[],"_EventVenueID":[],"_OrganizerEmail":"","_OrganizerPhone":"","_OrganizerWebsite":"","_VenueAddress":"","_VenueCity":"","_VenueCountry":"","_VenueProvince":"","_VenueState":"","_VenueZip":"","_VenuePhone":"","_VenueURL":"","_VenueStateProvince":"","_VenueLat":"","_VenueLng":"","_VenueShowMap":false,"_VenueShowMapLink":false,"footnotes":""},"categories":[1],"tags":[],"class_list":["post-1897","post","type-post","status-publish","format-standard","has-post-thumbnail","hentry","category-non-classe"],"_links":{"self":[{"href":"https:\/\/www.abbevillelariviere.fr\/index.php?rest_route=\/wp\/v2\/posts\/1897"}],"collection":[{"href":"https:\/\/www.abbevillelariviere.fr\/index.php?rest_route=\/wp\/v2\/posts"}],"about":[{"href":"https:\/\/www.abbevillelariviere.fr\/index.php?rest_route=\/wp\/v2\/types\/post"}],"author":[{"embeddable":true,"href":"https:\/\/www.abbevillelariviere.fr\/index.php?rest_route=\/wp\/v2\/users\/1"}],"replies":[{"embeddable":true,"href":"https:\/\/www.abbevillelariviere.fr\/index.php?rest_route=%2Fwp%2Fv2%2Fcomments&post=1897"}],"version-history":[{"count":2,"href":"https:\/\/www.abbevillelariviere.fr\/index.php?rest_route=\/wp\/v2\/posts\/1897\/revisions"}],"predecessor-version":[{"id":1994,"href":"https:\/\/www.abbevillelariviere.fr\/index.php?rest_route=\/wp\/v2\/posts\/1897\/revisions\/1994"}],"wp:featuredmedia":[{"embeddable":true,"href":"https:\/\/www.abbevillelariviere.fr\/index.php?rest_route=\/wp\/v2\/media\/1898"}],"wp:attachment":[{"href":"https:\/\/www.abbevillelariviere.fr\/index.php?rest_route=%2Fwp%2Fv2%2Fmedia&parent=1897"}],"wp:term":[{"taxonomy":"category","embeddable":true,"href":"https:\/\/www.abbevillelariviere.fr\/index.php?rest_route=%2Fwp%2Fv2%2Fcategories&post=1897"},{"taxonomy":"post_tag","embeddable":true,"href":"https:\/\/www.abbevillelariviere.fr\/index.php?rest_route=%2Fwp%2Fv2%2Ftags&post=1897"}],"curies":[{"name":"wp","href":"https:\/\/api.w.org\/{rel}","templated":true}]}}