{"id":1947,"date":"2020-04-17T12:41:34","date_gmt":"2020-04-17T12:41:34","guid":{"rendered":"http:\/\/www.abbevillelariviere.fr\/?p=1947"},"modified":"2020-04-17T12:43:17","modified_gmt":"2020-04-17T12:43:17","slug":"faite-vous-faire-un-masque","status":"publish","type":"post","link":"https:\/\/www.abbevillelariviere.fr\/?p=1947","title":{"rendered":"FAITE VOUS FAIRE UN MASQUE  !"},"content":{"rendered":"<div class=\"wc-shortcodes-row wc-shortcodes-item wc-shortcodes-clearfix\">\n<div class=\"wc-shortcodes-column wc-shortcodes-content wc-shortcodes-one-third wc-shortcodes-column-first \">\n<p><strong>EXCLUSIF ABBEVILLE LA RIVIERE !<\/strong><\/p>\n<p><span style=\"color: #000000;\">Nous avons demand\u00e9 \u00e0 Mme Nathalie Baudry (qui fait des masques b\u00e9n\u00e9volement pour des soignants et aides \u00e0 domicile) si elle pouvait,<strong> exclusivement pour les gens du village<\/strong>, r\u00e9aliser des masques tissus pour ceux qui n\u2019ont pas de machine \u00e0 coudre.\u00a0<\/span><\/p>\n<p><span style=\"color: #000000;\">Elle a tr\u00e8s gentiment accept\u00e9.\u00a0<\/span><\/p>\n<p><span style=\"color: #000000;\">Les masques sont r\u00e9alis\u00e9s sur le mod\u00e8le de celui propos\u00e9 par AFNOR.\u00a0<\/span><\/p>\n<p><span style=\"color: #000000;\">Le masque est r\u00e9alis\u00e9 pour la somme de 5 Euros pi\u00e8ce ( charge \u00e0 prix coutant ).\u00a0<\/span><\/p>\n<p><span style=\"color: #000000;\">Il est possible de r\u00e9aliser les masques en 3 mod\u00e8les :\u00a0<\/span><\/p>\n<ul class=\"\">\n<li class=\"\"><strong><span style=\"color: #000000;\">Adulte,\u00a0<\/span><\/strong><\/li>\n<li class=\"\"><strong><span style=\"color: #000000;\">Enfants 5-10 ans<\/span><\/strong><\/li>\n<li class=\"\"><strong><span style=\"color: #000000;\">Enfants 3-4 ans<\/span><\/strong><\/li>\n<\/ul>\n<p><span style=\"color: #000000;\">Pour cela vous pouvez passer commande par mail :\u00a0<strong><a class=\"\" style=\"color: #000000;\" href=\"mailto:natcrea@orange.fr\">natcrea@orange.fr<\/a><\/strong><\/span><\/p>\n<p><span style=\"color: #000000;\">En pr\u00e9cisant :\u00a0<\/span><\/p>\n<ul class=\"\">\n<li class=\"\"><strong><span style=\"color: #000000;\">Votre nom et adresse<\/span><\/strong><\/li>\n<li class=\"\"><strong><span style=\"color: #000000;\">Le nombre de masque de chaque mod\u00e8le<\/span><\/strong><\/li>\n<li class=\"\"><strong><span style=\"color: #000000;\">Le type de tissu : Uni ou \u00e0 Motifs<\/span><\/strong><\/li>\n<\/ul>\n<p><span style=\"color: #000000;\">Le r\u00e8glement se faire par ch\u00e8que ou en esp\u00e8ce.\u00a0<\/span><\/p>\n<p><span style=\"color: #000000;\">Pour la livraison, \u00e0 r\u00e9ception du mail\u00a0<span class=\"\">vous indiquant que\u00a0votre commande est pr\u00eate<\/span><span class=\"\">\u00a0<\/span>\u00a0vous venez r\u00e9cup\u00e9rer vos masques et r\u00e9gler \u00e0 la Boite au lettre de Mme BAUDRY rue des\u00a0<span class=\"\">alouettes<\/span>, en toute s\u00e9curit\u00e9 ! ..<\/span><\/p>\n<\/div>\n<div class=\"wc-shortcodes-column wc-shortcodes-content wc-shortcodes-two-third wc-shortcodes-column-last \">\n<p><a href=\"http:\/\/www.abbevillelariviere.fr\/wp-content\/uploads\/2020\/04\/20200409_180700.jpg\"><img loading=\"lazy\" decoding=\"async\" class=\"alignnone size-full wp-image-1948\" src=\"http:\/\/www.abbevillelariviere.fr\/wp-content\/uploads\/2020\/04\/20200409_180700.jpg\" alt=\"20200409_180700\" width=\"300\" height=\"329\" srcset=\"https:\/\/www.abbevillelariviere.fr\/wp-content\/uploads\/2020\/04\/20200409_180700.jpg 300w, https:\/\/www.abbevillelariviere.fr\/wp-content\/uploads\/2020\/04\/20200409_180700-274x300.jpg 274w\" sizes=\"(max-width: 300px) 100vw, 300px\" \/><\/a><\/p>\n<p><a href=\"http:\/\/www.abbevillelariviere.fr\/wp-content\/uploads\/2020\/04\/20200415_114333.jpg\"><img loading=\"lazy\" decoding=\"async\" class=\"alignnone size-large wp-image-1949\" src=\"http:\/\/www.abbevillelariviere.fr\/wp-content\/uploads\/2020\/04\/20200415_114333.jpg\" alt=\"20200415_114333\" width=\"300\" height=\"146\" \/><\/a><\/p>\n<\/div>\n<\/div>\n<p>&nbsp;<\/p>\n","protected":false},"excerpt":{"rendered":"<p>EXCLUSIF ABBEVILLE LA RIVIERE ! Nous avons demand\u00e9 \u00e0 Mme Nathalie Baudry (qui fait des masques b\u00e9n\u00e9volement pour des soignants et aides \u00e0 domicile) si elle pouvait, exclusivement pour les [&hellip;]<\/p>\n","protected":false},"author":1,"featured_media":1949,"comment_status":"closed","ping_status":"closed","sticky":false,"template":"","format":"standard","meta":{"site-sidebar-layout":"default","site-content-layout":"","ast-site-content-layout":"","site-content-style":"default","site-sidebar-style":"default","ast-global-header-display":"","ast-banner-title-visibility":"","ast-main-header-display":"","ast-hfb-above-header-display":"","ast-hfb-below-header-display":"","ast-hfb-mobile-header-display":"","site-post-title":"","ast-breadcrumbs-content":"","ast-featured-img":"","footer-sml-layout":"","theme-transparent-header-meta":"","adv-header-id-meta":"","stick-header-meta":"","header-above-stick-meta":"","header-main-stick-meta":"","header-below-stick-meta":"","astra-migrate-meta-layouts":"default","ast-page-background-enabled":"default","ast-page-background-meta":{"desktop":{"background-color":"var(--ast-global-color-4)","background-image":"","background-repeat":"repeat","background-position":"center center","background-size":"auto","background-attachment":"scroll","background-type":"","background-media":"","overlay-type":"","overlay-color":"","overlay-opacity":"","overlay-gradient":""},"tablet":{"background-color":"","background-image":"","background-repeat":"repeat","background-position":"center center","background-size":"auto","background-attachment":"scroll","background-type":"","background-media":"","overlay-type":"","overlay-color":"","overlay-opacity":"","overlay-gradient":""},"mobile":{"background-color":"","background-image":"","background-repeat":"repeat","background-position":"center center","background-size":"auto","background-attachment":"scroll","background-type":"","background-media":"","overlay-type":"","overlay-color":"","overlay-opacity":"","overlay-gradient":""}},"ast-content-background-meta":{"desktop":{"background-color":"var(--ast-global-color-5)","background-image":"","background-repeat":"repeat","background-position":"center center","background-size":"auto","background-attachment":"scroll","background-type":"","background-media":"","overlay-type":"","overlay-color":"","overlay-opacity":"","overlay-gradient":""},"tablet":{"background-color":"var(--ast-global-color-5)","background-image":"","background-repeat":"repeat","background-position":"center center","background-size":"auto","background-attachment":"scroll","background-type":"","background-media":"","overlay-type":"","overlay-color":"","overlay-opacity":"","overlay-gradient":""},"mobile":{"background-color":"var(--ast-global-color-5)","background-image":"","background-repeat":"repeat","background-position":"center center","background-size":"auto","background-attachment":"scroll","background-type":"","background-media":"","overlay-type":"","overlay-color":"","overlay-opacity":"","overlay-gradient":""}},"_EventAllDay":false,"_EventTimezone":"","_EventStartDate":"","_EventEndDate":"","_EventStartDateUTC":"","_EventEndDateUTC":"","_EventShowMap":false,"_EventShowMapLink":false,"_EventURL":"","_EventCost":"","_EventCostDescription":"","_EventCurrencySymbol":"","_EventCurrencyCode":"","_EventCurrencyPosition":"","_EventDateTimeSeparator":"","_EventTimeRangeSeparator":"","_EventOrganizerID":[],"_EventVenueID":[],"_OrganizerEmail":"","_OrganizerPhone":"","_OrganizerWebsite":"","_VenueAddress":"","_VenueCity":"","_VenueCountry":"","_VenueProvince":"","_VenueState":"","_VenueZip":"","_VenuePhone":"","_VenueURL":"","_VenueStateProvince":"","_VenueLat":"","_VenueLng":"","_VenueShowMap":false,"_VenueShowMapLink":false,"footnotes":""},"categories":[1],"tags":[],"class_list":["post-1947","post","type-post","status-publish","format-standard","has-post-thumbnail","hentry","category-non-classe"],"_links":{"self":[{"href":"https:\/\/www.abbevillelariviere.fr\/index.php?rest_route=\/wp\/v2\/posts\/1947"}],"collection":[{"href":"https:\/\/www.abbevillelariviere.fr\/index.php?rest_route=\/wp\/v2\/posts"}],"about":[{"href":"https:\/\/www.abbevillelariviere.fr\/index.php?rest_route=\/wp\/v2\/types\/post"}],"author":[{"embeddable":true,"href":"https:\/\/www.abbevillelariviere.fr\/index.php?rest_route=\/wp\/v2\/users\/1"}],"replies":[{"embeddable":true,"href":"https:\/\/www.abbevillelariviere.fr\/index.php?rest_route=%2Fwp%2Fv2%2Fcomments&post=1947"}],"version-history":[{"count":8,"href":"https:\/\/www.abbevillelariviere.fr\/index.php?rest_route=\/wp\/v2\/posts\/1947\/revisions"}],"predecessor-version":[{"id":1957,"href":"https:\/\/www.abbevillelariviere.fr\/index.php?rest_route=\/wp\/v2\/posts\/1947\/revisions\/1957"}],"wp:featuredmedia":[{"embeddable":true,"href":"https:\/\/www.abbevillelariviere.fr\/index.php?rest_route=\/wp\/v2\/media\/1949"}],"wp:attachment":[{"href":"https:\/\/www.abbevillelariviere.fr\/index.php?rest_route=%2Fwp%2Fv2%2Fmedia&parent=1947"}],"wp:term":[{"taxonomy":"category","embeddable":true,"href":"https:\/\/www.abbevillelariviere.fr\/index.php?rest_route=%2Fwp%2Fv2%2Fcategories&post=1947"},{"taxonomy":"post_tag","embeddable":true,"href":"https:\/\/www.abbevillelariviere.fr\/index.php?rest_route=%2Fwp%2Fv2%2Ftags&post=1947"}],"curies":[{"name":"wp","href":"https:\/\/api.w.org\/{rel}","templated":true}]}}