{"id":1958,"date":"2020-04-24T07:17:02","date_gmt":"2020-04-24T07:17:02","guid":{"rendered":"http:\/\/www.abbevillelariviere.fr\/?p=1958"},"modified":"2020-04-24T07:17:02","modified_gmt":"2020-04-24T07:17:02","slug":"masques-lagglo-a-passe-commande","status":"publish","type":"post","link":"https:\/\/www.abbevillelariviere.fr\/?p=1958","title":{"rendered":"MASQUES : L&#8217;AGGLO A PASS\u00c9 COMMANDE"},"content":{"rendered":"<p>Pour pr\u00e9parer la reprise et r\u00e9pondre \u00e0 la question \u00ab o\u00f9 trouver des masques ? \u00bb plus que jamais sur toutes les l\u00e8vres, la Communaut\u00e9 d\u2019agglom\u00e9ration, soucieuse des 54 000 habitants de son territoire et en concertation avec les 37 communes, continue \u00e0 se mobiliser pour rendre disponible au plus grand nombre des maques en tissu r\u00e9utilisables (tissu lavable) et\u00a0conformes aux recommandations de l&#8217;Afnor (donc homologu\u00e9s). Elle vient de commander 120 000 masques en lien avec le groupement de commande lanc\u00e9 par le\u00a0Conseil d\u00e9partemental de l&#8217;Essonne.<\/p>\n<p><strong>Une fois la commande r\u00e9ceptionn\u00e9e d\u2019ici au 11 mai et en fonction des quantit\u00e9s re\u00e7ues, car la demande en France est importante, les modalit\u00e9s de distributions seront arr\u00eat\u00e9es avec les communes et vous en serez alors inform\u00e9s.<\/strong><\/p>\n<p><a href=\"http:\/\/www.etampois-sudessonne.fr\/fr\/actualite\/7649\/masques-agglo-passe-commande\">http:\/\/www.etampois-sudessonne.fr\/fr\/actualite\/7649\/masques-agglo-passe-commande<\/a><\/p>\n","protected":false},"excerpt":{"rendered":"<p>Pour pr\u00e9parer la reprise et r\u00e9pondre \u00e0 la question \u00ab o\u00f9 trouver des masques ? \u00bb plus que jamais sur toutes les l\u00e8vres, la Communaut\u00e9 d\u2019agglom\u00e9ration, soucieuse des 54 000 habitants de son territoire et en concertation avec les 37 communes, continue \u00e0 se mobiliser pour rendre disponible au plus grand nombre des maques en tissu r\u00e9utilisables (tissu lavable) et conformes aux recommandations de l&#8217;Afnor (donc homologu\u00e9s). Elle vient de commander 120 000 masques en lien avec le groupement de commande lanc\u00e9 par le Conseil d\u00e9partemental de l&#8217;Essonne.<\/p>\n<p>Une fois la commande r\u00e9ceptionn\u00e9e d\u2019ici au 11 mai et en fonction des quantit\u00e9s re\u00e7ues, car la demande en France est importante, les modalit\u00e9s de distributions seront arr\u00eat\u00e9es avec les communes et vous en serez alors inform\u00e9s.<\/p>\n","protected":false},"author":1,"featured_media":1959,"comment_status":"closed","ping_status":"closed","sticky":false,"template":"","format":"standard","meta":{"site-sidebar-layout":"default","site-content-layout":"","ast-site-content-layout":"","site-content-style":"default","site-sidebar-style":"default","ast-global-header-display":"","ast-banner-title-visibility":"","ast-main-header-display":"","ast-hfb-above-header-display":"","ast-hfb-below-header-display":"","ast-hfb-mobile-header-display":"","site-post-title":"","ast-breadcrumbs-content":"","ast-featured-img":"","footer-sml-layout":"","theme-transparent-header-meta":"","adv-header-id-meta":"","stick-header-meta":"","header-above-stick-meta":"","header-main-stick-meta":"","header-below-stick-meta":"","astra-migrate-meta-layouts":"default","ast-page-background-enabled":"default","ast-page-background-meta":{"desktop":{"background-color":"var(--ast-global-color-4)","background-image":"","background-repeat":"repeat","background-position":"center center","background-size":"auto","background-attachment":"scroll","background-type":"","background-media":"","overlay-type":"","overlay-color":"","overlay-opacity":"","overlay-gradient":""},"tablet":{"background-color":"","background-image":"","background-repeat":"repeat","background-position":"center center","background-size":"auto","background-attachment":"scroll","background-type":"","background-media":"","overlay-type":"","overlay-color":"","overlay-opacity":"","overlay-gradient":""},"mobile":{"background-color":"","background-image":"","background-repeat":"repeat","background-position":"center center","background-size":"auto","background-attachment":"scroll","background-type":"","background-media":"","overlay-type":"","overlay-color":"","overlay-opacity":"","overlay-gradient":""}},"ast-content-background-meta":{"desktop":{"background-color":"var(--ast-global-color-5)","background-image":"","background-repeat":"repeat","background-position":"center center","background-size":"auto","background-attachment":"scroll","background-type":"","background-media":"","overlay-type":"","overlay-color":"","overlay-opacity":"","overlay-gradient":""},"tablet":{"background-color":"var(--ast-global-color-5)","background-image":"","background-repeat":"repeat","background-position":"center center","background-size":"auto","background-attachment":"scroll","background-type":"","background-media":"","overlay-type":"","overlay-color":"","overlay-opacity":"","overlay-gradient":""},"mobile":{"background-color":"var(--ast-global-color-5)","background-image":"","background-repeat":"repeat","background-position":"center center","background-size":"auto","background-attachment":"scroll","background-type":"","background-media":"","overlay-type":"","overlay-color":"","overlay-opacity":"","overlay-gradient":""}},"_EventAllDay":false,"_EventTimezone":"","_EventStartDate":"","_EventEndDate":"","_EventStartDateUTC":"","_EventEndDateUTC":"","_EventShowMap":false,"_EventShowMapLink":false,"_EventURL":"","_EventCost":"","_EventCostDescription":"","_EventCurrencySymbol":"","_EventCurrencyCode":"","_EventCurrencyPosition":"","_EventDateTimeSeparator":"","_EventTimeRangeSeparator":"","_EventOrganizerID":[],"_EventVenueID":[],"_OrganizerEmail":"","_OrganizerPhone":"","_OrganizerWebsite":"","_VenueAddress":"","_VenueCity":"","_VenueCountry":"","_VenueProvince":"","_VenueState":"","_VenueZip":"","_VenuePhone":"","_VenueURL":"","_VenueStateProvince":"","_VenueLat":"","_VenueLng":"","_VenueShowMap":false,"_VenueShowMapLink":false,"footnotes":""},"categories":[3],"tags":[],"class_list":["post-1958","post","type-post","status-publish","format-standard","has-post-thumbnail","hentry","category-les-billets-du-maire"],"_links":{"self":[{"href":"https:\/\/www.abbevillelariviere.fr\/index.php?rest_route=\/wp\/v2\/posts\/1958"}],"collection":[{"href":"https:\/\/www.abbevillelariviere.fr\/index.php?rest_route=\/wp\/v2\/posts"}],"about":[{"href":"https:\/\/www.abbevillelariviere.fr\/index.php?rest_route=\/wp\/v2\/types\/post"}],"author":[{"embeddable":true,"href":"https:\/\/www.abbevillelariviere.fr\/index.php?rest_route=\/wp\/v2\/users\/1"}],"replies":[{"embeddable":true,"href":"https:\/\/www.abbevillelariviere.fr\/index.php?rest_route=%2Fwp%2Fv2%2Fcomments&post=1958"}],"version-history":[{"count":1,"href":"https:\/\/www.abbevillelariviere.fr\/index.php?rest_route=\/wp\/v2\/posts\/1958\/revisions"}],"predecessor-version":[{"id":1960,"href":"https:\/\/www.abbevillelariviere.fr\/index.php?rest_route=\/wp\/v2\/posts\/1958\/revisions\/1960"}],"wp:featuredmedia":[{"embeddable":true,"href":"https:\/\/www.abbevillelariviere.fr\/index.php?rest_route=\/wp\/v2\/media\/1959"}],"wp:attachment":[{"href":"https:\/\/www.abbevillelariviere.fr\/index.php?rest_route=%2Fwp%2Fv2%2Fmedia&parent=1958"}],"wp:term":[{"taxonomy":"category","embeddable":true,"href":"https:\/\/www.abbevillelariviere.fr\/index.php?rest_route=%2Fwp%2Fv2%2Fcategories&post=1958"},{"taxonomy":"post_tag","embeddable":true,"href":"https:\/\/www.abbevillelariviere.fr\/index.php?rest_route=%2Fwp%2Fv2%2Ftags&post=1958"}],"curies":[{"name":"wp","href":"https:\/\/api.w.org\/{rel}","templated":true}]}}