{"id":2073,"date":"2020-06-29T14:19:18","date_gmt":"2020-06-29T14:19:18","guid":{"rendered":"http:\/\/www.abbevillelariviere.fr\/?p=2073"},"modified":"2020-06-29T14:29:56","modified_gmt":"2020-06-29T14:29:56","slug":"information-caese","status":"publish","type":"post","link":"https:\/\/www.abbevillelariviere.fr\/?p=2073","title":{"rendered":"Information CAESE"},"content":{"rendered":"<p>La CAESE &#8211;\u00a0<b>Communaut\u00e9 d&#8217;Agglom\u00e9ration de l&#8217;\u00c9tampois Sud-Essonne &#8211;<\/b> a le plaisir de vous communiquer \u00ab\u00a0les derni\u00e8res informations pratiques\u00a0\u00bb concernant les services de l\u2019agglom\u00e9ration\u00a0qui pourraient int\u00e9resser les familles et habitants de vos communes\u00a0:<\/p>\n<ul>\n<li><strong>Les biblioth\u00e8ques de l\u2019agglom\u00e9ration r\u00e9ouvrent \u00e0 nouveau leurs portes au public<\/strong> \u00e0 compter du mardi 23 juin 2020, aux heures d\u2019\u00e9t\u00e9* et sous r\u00e9serve du respect des consignes sanitaires en vigueur (lavage des mains au gel mis \u00e0 disposition \u00e0 l\u2019entr\u00e9e des biblioth\u00e8ques, port du masque obligatoire,\u2026)\u00a0: <a href=\"http:\/\/www.etampois-sudessonne.fr\/fr\/actualite\/7840\/vos-bibliotheques-intercommunales-rouvrent-leurs-portes-avec-horaires-ete\">http:\/\/www.etampois-sudessonne.fr\/fr\/actualite\/7840\/vos-bibliotheques-intercommunales-rouvrent-leurs-portes-avec-horaires-ete<\/a><\/li>\n<\/ul>\n<ul>\n<li>R\u00e9ouverture de la salle de cin\u00e9ma de l\u2019agglom\u00e9ration (CINEtampes) depuis ce lundi 22 juin. D\u00e9couvrez le programme du 22 juin au 20 juillet 2020 ici\u00a0: <a href=\"http:\/\/cdn2_3.reseaudesintercoms.fr\/cities\/39\/documents\/30jcawr72ngqv2.pdf\">http:\/\/cdn2_3.reseaudesintercoms.fr\/cities\/39\/documents\/30jcawr72ngqv2.pdf<\/a><\/li>\n<\/ul>\n<ul>\n<li>Les piscines intercommunales d\u2019Angerville et d\u2019Etampes demeurent ferm\u00e9es au moins jusque d\u00e9but juillet et la piscine intercommunale de M\u00e9r\u00e9ville reste pour le moment ferm\u00e9 jusqu\u2019\u00e0 nouvel ordre. Vous trouverez toute l\u2019information sur les piscines ici\u00a0: <a href=\"http:\/\/www.etampois-sudessonne.fr\/fr\/actualite\/7832\/piscines-intercommunales-information-importante\">http:\/\/www.etampois-sudessonne.fr\/fr\/actualite\/7832\/piscines-intercommunales-information-importante<\/a> que vous pouvez facilement copier-coller pour vos communications.<\/li>\n<\/ul>\n<p>&nbsp;<\/p>\n<ul>\n<li>Les inscriptions aux accueils de loisirs pour les vacances d\u2019\u00e9t\u00e9 sont ouvertes jusqu\u2019au 30 juin 2020 \u2013 Inscription en ligne depuis le portail famille et information au Guichet Unique au 01 64 59 27 27 \u2013 en pi\u00e8ce-jointe le visuel \u00e0 partager<\/li>\n<\/ul>\n<p>&nbsp;<\/p>\n<ul>\n<li>Les dossiers d\u2019inscription pour le p\u00e9riscolaire, les \u00e9tudes dirig\u00e9es et les accueils du mercredi pour la rent\u00e9e scolaire 2020-2021 sont d\u2019ores et d\u00e9j\u00e0 disponibles sur le portail famille. En pi\u00e8ce-jointe le visuel \u00e0 partager<\/li>\n<\/ul>\n<p>&nbsp;<\/p>\n<ul>\n<li>Les inscriptions au Conservatoire \u00e0 Rayonnement intercommunal sont ouvertes. T\u00e9l\u00e9charger le dossier et consulter la plaquette 2020-21 pour d\u00e9couvrir toutes les disciplines enseign\u00e9es ici\u00a0: <a href=\"http:\/\/www.etampois-sudessonne.fr\/fr\/information\/4158\/le-conservatoire-rayonnement-intercommunal\">http:\/\/www.etampois-sudessonne.fr\/fr\/information\/4158\/le-conservatoire-rayonnement-intercommunal<\/a><\/li>\n<\/ul>\n<p>&nbsp;<\/p>\n<ul>\n<li>Tout comme les visites du Mus\u00e9e intercommunal, les visites guid\u00e9es organis\u00e9es par l\u2019agglom\u00e9ration ont repris de plus belle au sein du Domaine d\u00e9partemental de M\u00e9r\u00e9ville ainsi qu\u2019au domaine priv\u00e9 de Jeurre\u00a0: vous trouverez en pi\u00e8ces-jointes les visuels<\/li>\n<\/ul>\n","protected":false},"excerpt":{"rendered":"<p>La CAESE &#8211;\u00a0Communaut\u00e9 d&#8217;Agglom\u00e9ration de l&#8217;\u00c9tampois Sud-Essonne &#8211; a le plaisir de vous communiquer \u00ab\u00a0les derni\u00e8res informations pratiques\u00a0\u00bb concernant les services de l\u2019agglom\u00e9ration\u00a0qui pourraient int\u00e9resser les familles et habitants de [&hellip;]<\/p>\n","protected":false},"author":1,"featured_media":2074,"comment_status":"closed","ping_status":"closed","sticky":false,"template":"","format":"standard","meta":{"site-sidebar-layout":"default","site-content-layout":"","ast-site-content-layout":"","site-content-style":"default","site-sidebar-style":"default","ast-global-header-display":"","ast-banner-title-visibility":"","ast-main-header-display":"","ast-hfb-above-header-display":"","ast-hfb-below-header-display":"","ast-hfb-mobile-header-display":"","site-post-title":"","ast-breadcrumbs-content":"","ast-featured-img":"","footer-sml-layout":"","theme-transparent-header-meta":"","adv-header-id-meta":"","stick-header-meta":"","header-above-stick-meta":"","header-main-stick-meta":"","header-below-stick-meta":"","astra-migrate-meta-layouts":"default","ast-page-background-enabled":"default","ast-page-background-meta":{"desktop":{"background-color":"var(--ast-global-color-4)","background-image":"","background-repeat":"repeat","background-position":"center center","background-size":"auto","background-attachment":"scroll","background-type":"","background-media":"","overlay-type":"","overlay-color":"","overlay-opacity":"","overlay-gradient":""},"tablet":{"background-color":"","background-image":"","background-repeat":"repeat","background-position":"center center","background-size":"auto","background-attachment":"scroll","background-type":"","background-media":"","overlay-type":"","overlay-color":"","overlay-opacity":"","overlay-gradient":""},"mobile":{"background-color":"","background-image":"","background-repeat":"repeat","background-position":"center center","background-size":"auto","background-attachment":"scroll","background-type":"","background-media":"","overlay-type":"","overlay-color":"","overlay-opacity":"","overlay-gradient":""}},"ast-content-background-meta":{"desktop":{"background-color":"var(--ast-global-color-5)","background-image":"","background-repeat":"repeat","background-position":"center center","background-size":"auto","background-attachment":"scroll","background-type":"","background-media":"","overlay-type":"","overlay-color":"","overlay-opacity":"","overlay-gradient":""},"tablet":{"background-color":"var(--ast-global-color-5)","background-image":"","background-repeat":"repeat","background-position":"center center","background-size":"auto","background-attachment":"scroll","background-type":"","background-media":"","overlay-type":"","overlay-color":"","overlay-opacity":"","overlay-gradient":""},"mobile":{"background-color":"var(--ast-global-color-5)","background-image":"","background-repeat":"repeat","background-position":"center center","background-size":"auto","background-attachment":"scroll","background-type":"","background-media":"","overlay-type":"","overlay-color":"","overlay-opacity":"","overlay-gradient":""}},"_EventAllDay":false,"_EventTimezone":"","_EventStartDate":"","_EventEndDate":"","_EventStartDateUTC":"","_EventEndDateUTC":"","_EventShowMap":false,"_EventShowMapLink":false,"_EventURL":"","_EventCost":"","_EventCostDescription":"","_EventCurrencySymbol":"","_EventCurrencyCode":"","_EventCurrencyPosition":"","_EventDateTimeSeparator":"","_EventTimeRangeSeparator":"","_EventOrganizerID":[],"_EventVenueID":[],"_OrganizerEmail":"","_OrganizerPhone":"","_OrganizerWebsite":"","_VenueAddress":"","_VenueCity":"","_VenueCountry":"","_VenueProvince":"","_VenueState":"","_VenueZip":"","_VenuePhone":"","_VenueURL":"","_VenueStateProvince":"","_VenueLat":"","_VenueLng":"","_VenueShowMap":false,"_VenueShowMapLink":false,"footnotes":""},"categories":[11],"tags":[],"class_list":["post-2073","post","type-post","status-publish","format-standard","has-post-thumbnail","hentry","category-au-quotidien"],"_links":{"self":[{"href":"https:\/\/www.abbevillelariviere.fr\/index.php?rest_route=\/wp\/v2\/posts\/2073"}],"collection":[{"href":"https:\/\/www.abbevillelariviere.fr\/index.php?rest_route=\/wp\/v2\/posts"}],"about":[{"href":"https:\/\/www.abbevillelariviere.fr\/index.php?rest_route=\/wp\/v2\/types\/post"}],"author":[{"embeddable":true,"href":"https:\/\/www.abbevillelariviere.fr\/index.php?rest_route=\/wp\/v2\/users\/1"}],"replies":[{"embeddable":true,"href":"https:\/\/www.abbevillelariviere.fr\/index.php?rest_route=%2Fwp%2Fv2%2Fcomments&post=2073"}],"version-history":[{"count":4,"href":"https:\/\/www.abbevillelariviere.fr\/index.php?rest_route=\/wp\/v2\/posts\/2073\/revisions"}],"predecessor-version":[{"id":2078,"href":"https:\/\/www.abbevillelariviere.fr\/index.php?rest_route=\/wp\/v2\/posts\/2073\/revisions\/2078"}],"wp:featuredmedia":[{"embeddable":true,"href":"https:\/\/www.abbevillelariviere.fr\/index.php?rest_route=\/wp\/v2\/media\/2074"}],"wp:attachment":[{"href":"https:\/\/www.abbevillelariviere.fr\/index.php?rest_route=%2Fwp%2Fv2%2Fmedia&parent=2073"}],"wp:term":[{"taxonomy":"category","embeddable":true,"href":"https:\/\/www.abbevillelariviere.fr\/index.php?rest_route=%2Fwp%2Fv2%2Fcategories&post=2073"},{"taxonomy":"post_tag","embeddable":true,"href":"https:\/\/www.abbevillelariviere.fr\/index.php?rest_route=%2Fwp%2Fv2%2Ftags&post=2073"}],"curies":[{"name":"wp","href":"https:\/\/api.w.org\/{rel}","templated":true}]}}