{"id":2098,"date":"2020-07-08T18:08:43","date_gmt":"2020-07-08T18:08:43","guid":{"rendered":"http:\/\/www.abbevillelariviere.fr\/?p=2098"},"modified":"2020-07-08T19:03:58","modified_gmt":"2020-07-08T19:03:58","slug":"teleassistance-departementale-de-lessonne","status":"publish","type":"post","link":"https:\/\/www.abbevillelariviere.fr\/?p=2098","title":{"rendered":"t\u00e9l\u00e9assistance d\u00e9partementale de l\u2019Essonne"},"content":{"rendered":"<div class=\"wc-shortcodes-row wc-shortcodes-item wc-shortcodes-clearfix\">\n<div class=\"wc-shortcodes-column wc-shortcodes-content wc-shortcodes-one-third wc-shortcodes-column-first \">\n<p>Depuis le\u00a0 2019, le De\u0301partement a souhaite\u0301 mettre en \u00e6uvre un dispositif de te\u0301le\u0301assistance modernise\u0301 s&#8217;adaptant aux personnes a\u0302ge\u0301es, aux personnes en situation de handicap et aux personnes fragilise\u0301es a\u0300 leur domicile, permettant de vivre chez soi en toute se\u0301re\u0301nite\u0301.<\/p>\n<p>Le de\u0301partement prend en charge totalement depuis octobre 2019 la prestation de base de la te\u0301le\u0301assistance et du de\u0301tecteur de mouvement ou surveillance de vie, pour les personnes seules, rendant ces prestations gratuites pour que tous les Essonniens qui le souhaitent puissent vivre a\u0300 domicile dans des conditions se\u0301curisantes.<\/p>\n<p>La t\u00e9l\u00e9assistance permet d\u2019\u00eatre mis en relation avec une plateforme d\u2019\u00e9coute et d\u2019assistance 7j\/7, 24h\/24 pour obtenir de l\u2019aide en cas de : malaise, accident ou chute, crises d\u2019angoisse, sentiment de grande solitude ou besoin de parler tout simplement. Comment cela fonctionne-t-il ?Le bo\u00eetier de t\u00e9l\u00e9assistance, branch\u00e9 sur secteur, fonctionne quelle que soit votre configuration t\u00e9l\u00e9phonique. Il permet de contacter par interphonie la centrale d\u2019\u00e9coute et d\u2019assistance, en appuyant sur le m\u00e9daillon<\/p>\n<p>Pour en savor plus : cliquez sur la plaquette ci dessous<\/p>\n<\/div>\n<div class=\"wc-shortcodes-column wc-shortcodes-content wc-shortcodes-two-third wc-shortcodes-column-last \">\n<p>&nbsp;<\/p>\n<p><a href=\"http:\/\/www.abbevillelariviere.fr\/wp-content\/uploads\/2020\/07\/20200205_A4Teleassistance_V4.pdf\"><img loading=\"lazy\" decoding=\"async\" class=\"alignnone wp-image-2100 size-full\" src=\"http:\/\/www.abbevillelariviere.fr\/wp-content\/uploads\/2020\/07\/Capture-d\u2019e\u0301cran-2020-07-08-a\u0300-20.02.26.png\" alt=\"Capture d\u2019e\u0301cran 2020-07-08 a\u0300 20.02.26\" width=\"478\" height=\"677\" srcset=\"https:\/\/www.abbevillelariviere.fr\/wp-content\/uploads\/2020\/07\/Capture-d\u2019e\u0301cran-2020-07-08-a\u0300-20.02.26.png 478w, https:\/\/www.abbevillelariviere.fr\/wp-content\/uploads\/2020\/07\/Capture-d\u2019e\u0301cran-2020-07-08-a\u0300-20.02.26-212x300.png 212w\" sizes=\"(max-width: 478px) 100vw, 478px\" \/><\/a><\/p>\n<p>&nbsp;<\/p>\n<\/div>\n<\/div>\n","protected":false},"excerpt":{"rendered":"<p>Depuis le\u00a0 2019, le De\u0301partement a souhaite\u0301 mettre en \u00e6uvre un dispositif de te\u0301le\u0301assistance modernise\u0301 s&#8217;adaptant aux personnes a\u0302ge\u0301es, aux personnes en situation de handicap et aux personnes fragilise\u0301es a\u0300 [&hellip;]<\/p>\n","protected":false},"author":1,"featured_media":2101,"comment_status":"closed","ping_status":"closed","sticky":false,"template":"","format":"standard","meta":{"site-sidebar-layout":"default","site-content-layout":"","ast-site-content-layout":"","site-content-style":"default","site-sidebar-style":"default","ast-global-header-display":"","ast-banner-title-visibility":"","ast-main-header-display":"","ast-hfb-above-header-display":"","ast-hfb-below-header-display":"","ast-hfb-mobile-header-display":"","site-post-title":"","ast-breadcrumbs-content":"","ast-featured-img":"","footer-sml-layout":"","theme-transparent-header-meta":"","adv-header-id-meta":"","stick-header-meta":"","header-above-stick-meta":"","header-main-stick-meta":"","header-below-stick-meta":"","astra-migrate-meta-layouts":"default","ast-page-background-enabled":"default","ast-page-background-meta":{"desktop":{"background-color":"var(--ast-global-color-4)","background-image":"","background-repeat":"repeat","background-position":"center center","background-size":"auto","background-attachment":"scroll","background-type":"","background-media":"","overlay-type":"","overlay-color":"","overlay-opacity":"","overlay-gradient":""},"tablet":{"background-color":"","background-image":"","background-repeat":"repeat","background-position":"center center","background-size":"auto","background-attachment":"scroll","background-type":"","background-media":"","overlay-type":"","overlay-color":"","overlay-opacity":"","overlay-gradient":""},"mobile":{"background-color":"","background-image":"","background-repeat":"repeat","background-position":"center center","background-size":"auto","background-attachment":"scroll","background-type":"","background-media":"","overlay-type":"","overlay-color":"","overlay-opacity":"","overlay-gradient":""}},"ast-content-background-meta":{"desktop":{"background-color":"var(--ast-global-color-5)","background-image":"","background-repeat":"repeat","background-position":"center center","background-size":"auto","background-attachment":"scroll","background-type":"","background-media":"","overlay-type":"","overlay-color":"","overlay-opacity":"","overlay-gradient":""},"tablet":{"background-color":"var(--ast-global-color-5)","background-image":"","background-repeat":"repeat","background-position":"center center","background-size":"auto","background-attachment":"scroll","background-type":"","background-media":"","overlay-type":"","overlay-color":"","overlay-opacity":"","overlay-gradient":""},"mobile":{"background-color":"var(--ast-global-color-5)","background-image":"","background-repeat":"repeat","background-position":"center center","background-size":"auto","background-attachment":"scroll","background-type":"","background-media":"","overlay-type":"","overlay-color":"","overlay-opacity":"","overlay-gradient":""}},"_EventAllDay":false,"_EventTimezone":"","_EventStartDate":"","_EventEndDate":"","_EventStartDateUTC":"","_EventEndDateUTC":"","_EventShowMap":false,"_EventShowMapLink":false,"_EventURL":"","_EventCost":"","_EventCostDescription":"","_EventCurrencySymbol":"","_EventCurrencyCode":"","_EventCurrencyPosition":"","_EventDateTimeSeparator":"","_EventTimeRangeSeparator":"","_EventOrganizerID":[],"_EventVenueID":[],"_OrganizerEmail":"","_OrganizerPhone":"","_OrganizerWebsite":"","_VenueAddress":"","_VenueCity":"","_VenueCountry":"","_VenueProvince":"","_VenueState":"","_VenueZip":"","_VenuePhone":"","_VenueURL":"","_VenueStateProvince":"","_VenueLat":"","_VenueLng":"","_VenueShowMap":false,"_VenueShowMapLink":false,"footnotes":""},"categories":[1],"tags":[],"class_list":["post-2098","post","type-post","status-publish","format-standard","has-post-thumbnail","hentry","category-non-classe"],"_links":{"self":[{"href":"https:\/\/www.abbevillelariviere.fr\/index.php?rest_route=\/wp\/v2\/posts\/2098"}],"collection":[{"href":"https:\/\/www.abbevillelariviere.fr\/index.php?rest_route=\/wp\/v2\/posts"}],"about":[{"href":"https:\/\/www.abbevillelariviere.fr\/index.php?rest_route=\/wp\/v2\/types\/post"}],"author":[{"embeddable":true,"href":"https:\/\/www.abbevillelariviere.fr\/index.php?rest_route=\/wp\/v2\/users\/1"}],"replies":[{"embeddable":true,"href":"https:\/\/www.abbevillelariviere.fr\/index.php?rest_route=%2Fwp%2Fv2%2Fcomments&post=2098"}],"version-history":[{"count":2,"href":"https:\/\/www.abbevillelariviere.fr\/index.php?rest_route=\/wp\/v2\/posts\/2098\/revisions"}],"predecessor-version":[{"id":2109,"href":"https:\/\/www.abbevillelariviere.fr\/index.php?rest_route=\/wp\/v2\/posts\/2098\/revisions\/2109"}],"wp:featuredmedia":[{"embeddable":true,"href":"https:\/\/www.abbevillelariviere.fr\/index.php?rest_route=\/wp\/v2\/media\/2101"}],"wp:attachment":[{"href":"https:\/\/www.abbevillelariviere.fr\/index.php?rest_route=%2Fwp%2Fv2%2Fmedia&parent=2098"}],"wp:term":[{"taxonomy":"category","embeddable":true,"href":"https:\/\/www.abbevillelariviere.fr\/index.php?rest_route=%2Fwp%2Fv2%2Fcategories&post=2098"},{"taxonomy":"post_tag","embeddable":true,"href":"https:\/\/www.abbevillelariviere.fr\/index.php?rest_route=%2Fwp%2Fv2%2Ftags&post=2098"}],"curies":[{"name":"wp","href":"https:\/\/api.w.org\/{rel}","templated":true}]}}