{"id":2120,"date":"2020-07-19T06:54:46","date_gmt":"2020-07-19T06:54:46","guid":{"rendered":"http:\/\/www.abbevillelariviere.fr\/?p=2120"},"modified":"2020-07-19T07:15:58","modified_gmt":"2020-07-19T07:15:58","slug":"lutte-contre-la-proliferation-du-moustique-tigre-dans-en-essonne","status":"publish","type":"post","link":"https:\/\/www.abbevillelariviere.fr\/?p=2120","title":{"rendered":"Lutte contre la prolif\u00e9ration du moustique tigre dans en Essonne"},"content":{"rendered":"<p>Le d\u00e9partement de l\u2019Essonne est class\u00e9 en niveau 1 du plan national anti-diss\u00e9mination des virus du chikungunya, de la dengue et du Zika.<br \/>\nCe niveau signifie que le moustique Aedes albopictus \u2013 moustique tigre \u2013 est implant\u00e9 et actif. Il peut, dans certaines conditions tr\u00e8s particuli\u00e8res, \u00eatre vecteur de ces virus, c\u2019est pourquoi une surveillance renforc\u00e9e est mise en place jusqu\u2019au 30 novembre 2019.<\/p>\n<p>Pour en savoir plus : <a title=\"Visiter le site https:\/\/www.iledefrance.ars.sante.fr\/moustique-tigre-en-ile-de-france - nouvelle fen\u00eatre\" href=\"https:\/\/www.iledefrance.ars.sante.fr\/moustique-tigre-en-ile-de-france\" target=\"_blank\"><img decoding=\"async\" src=\"http:\/\/www.essonne.gouv.fr\/extension\/ide\/design\/ide_design\/images\/site-ext.png\" alt=\"\" \/>https:\/\/www.iledefrance.ars.sante.fr\/moustique-tigre-en-ile-de-france<\/a><\/p>\n<p><strong>Le FLYER DES BONNES PRATIQUES : A LIRE<\/strong><\/p>\n<p><a href=\"http:\/\/www.abbevillelariviere.fr\/wp-content\/uploads\/2020\/07\/Moustique_tigre_bons_gestes_ARS-IDF.pdf\"><img loading=\"lazy\" decoding=\"async\" class=\"alignnone wp-image-2123 size-full\" src=\"http:\/\/www.abbevillelariviere.fr\/wp-content\/uploads\/2020\/07\/alertemoutique.png\" alt=\"alertemoutique\" width=\"200\" height=\"183\" \/><\/a><\/p>\n<p><a href=\"http:\/\/www.abbevillelariviere.fr\/wp-content\/uploads\/2020\/07\/Moustique_tigre_bons_gestes_ARS-IDF.pdf\">Moustique_tigre_bons_gestes_ARS IDF<\/a><\/p>\n<p>&nbsp;<\/p>\n<p><a href=\"http:\/\/www.abbevillelariviere.fr\/wp-content\/uploads\/2020\/07\/Capture-d\u2019e\u0301cran-2020-07-19-a\u0300-09.14.51.png\"><img loading=\"lazy\" decoding=\"async\" class=\"alignnone size-full wp-image-2131\" src=\"http:\/\/www.abbevillelariviere.fr\/wp-content\/uploads\/2020\/07\/Capture-d\u2019e\u0301cran-2020-07-19-a\u0300-09.14.51.png\" alt=\"Capture d\u2019e\u0301cran 2020-07-19 a\u0300 09.14.51\" width=\"640\" height=\"578\" srcset=\"https:\/\/www.abbevillelariviere.fr\/wp-content\/uploads\/2020\/07\/Capture-d\u2019e\u0301cran-2020-07-19-a\u0300-09.14.51.png 640w, https:\/\/www.abbevillelariviere.fr\/wp-content\/uploads\/2020\/07\/Capture-d\u2019e\u0301cran-2020-07-19-a\u0300-09.14.51-300x271.png 300w, https:\/\/www.abbevillelariviere.fr\/wp-content\/uploads\/2020\/07\/Capture-d\u2019e\u0301cran-2020-07-19-a\u0300-09.14.51-600x542.png 600w\" sizes=\"(max-width: 640px) 100vw, 640px\" \/><\/a> <a href=\"http:\/\/www.abbevillelariviere.fr\/wp-content\/uploads\/2020\/07\/Capture-d\u2019e\u0301cran-2020-07-19-a\u0300-09.14.33.png\"><img loading=\"lazy\" decoding=\"async\" class=\"alignnone size-large wp-image-2132\" src=\"http:\/\/www.abbevillelariviere.fr\/wp-content\/uploads\/2020\/07\/Capture-d\u2019e\u0301cran-2020-07-19-a\u0300-09.14.33.png\" alt=\"Capture d\u2019e\u0301cran 2020-07-19 a\u0300 09.14.33\" width=\"610\" height=\"625\" srcset=\"https:\/\/www.abbevillelariviere.fr\/wp-content\/uploads\/2020\/07\/Capture-d\u2019e\u0301cran-2020-07-19-a\u0300-09.14.33.png 658w, https:\/\/www.abbevillelariviere.fr\/wp-content\/uploads\/2020\/07\/Capture-d\u2019e\u0301cran-2020-07-19-a\u0300-09.14.33-293x300.png 293w, https:\/\/www.abbevillelariviere.fr\/wp-content\/uploads\/2020\/07\/Capture-d\u2019e\u0301cran-2020-07-19-a\u0300-09.14.33-600x615.png 600w, https:\/\/www.abbevillelariviere.fr\/wp-content\/uploads\/2020\/07\/Capture-d\u2019e\u0301cran-2020-07-19-a\u0300-09.14.33-50x50.png 50w\" sizes=\"(max-width: 610px) 100vw, 610px\" \/><\/a><\/p>\n<p><a href=\"http:\/\/www.abbevillelariviere.fr\/wp-content\/uploads\/2020\/07\/Capture-d\u2019e\u0301cran-2020-07-19-a\u0300-08.51.30.png\"><img loading=\"lazy\" decoding=\"async\" class=\"alignnone size-full wp-image-2122\" src=\"http:\/\/www.abbevillelariviere.fr\/wp-content\/uploads\/2020\/07\/Capture-d\u2019e\u0301cran-2020-07-19-a\u0300-08.51.30.png\" alt=\"Capture d\u2019e\u0301cran 2020-07-19 a\u0300 08.51.30\" width=\"619\" height=\"654\" srcset=\"https:\/\/www.abbevillelariviere.fr\/wp-content\/uploads\/2020\/07\/Capture-d\u2019e\u0301cran-2020-07-19-a\u0300-08.51.30.png 619w, https:\/\/www.abbevillelariviere.fr\/wp-content\/uploads\/2020\/07\/Capture-d\u2019e\u0301cran-2020-07-19-a\u0300-08.51.30-284x300.png 284w, https:\/\/www.abbevillelariviere.fr\/wp-content\/uploads\/2020\/07\/Capture-d\u2019e\u0301cran-2020-07-19-a\u0300-08.51.30-600x634.png 600w\" sizes=\"(max-width: 619px) 100vw, 619px\" \/><\/a><\/p>\n","protected":false},"excerpt":{"rendered":"<p>Le d\u00e9partement de l\u2019Essonne est class\u00e9 en niveau 1 du plan national anti-diss\u00e9mination des virus du chikungunya, de la dengue et du Zika. Ce niveau signifie que le moustique Aedes [&hellip;]<\/p>\n","protected":false},"author":1,"featured_media":2123,"comment_status":"closed","ping_status":"closed","sticky":false,"template":"","format":"standard","meta":{"site-sidebar-layout":"default","site-content-layout":"","ast-site-content-layout":"","site-content-style":"default","site-sidebar-style":"default","ast-global-header-display":"","ast-banner-title-visibility":"","ast-main-header-display":"","ast-hfb-above-header-display":"","ast-hfb-below-header-display":"","ast-hfb-mobile-header-display":"","site-post-title":"","ast-breadcrumbs-content":"","ast-featured-img":"","footer-sml-layout":"","theme-transparent-header-meta":"","adv-header-id-meta":"","stick-header-meta":"","header-above-stick-meta":"","header-main-stick-meta":"","header-below-stick-meta":"","astra-migrate-meta-layouts":"default","ast-page-background-enabled":"default","ast-page-background-meta":{"desktop":{"background-color":"var(--ast-global-color-4)","background-image":"","background-repeat":"repeat","background-position":"center center","background-size":"auto","background-attachment":"scroll","background-type":"","background-media":"","overlay-type":"","overlay-color":"","overlay-opacity":"","overlay-gradient":""},"tablet":{"background-color":"","background-image":"","background-repeat":"repeat","background-position":"center center","background-size":"auto","background-attachment":"scroll","background-type":"","background-media":"","overlay-type":"","overlay-color":"","overlay-opacity":"","overlay-gradient":""},"mobile":{"background-color":"","background-image":"","background-repeat":"repeat","background-position":"center center","background-size":"auto","background-attachment":"scroll","background-type":"","background-media":"","overlay-type":"","overlay-color":"","overlay-opacity":"","overlay-gradient":""}},"ast-content-background-meta":{"desktop":{"background-color":"var(--ast-global-color-5)","background-image":"","background-repeat":"repeat","background-position":"center center","background-size":"auto","background-attachment":"scroll","background-type":"","background-media":"","overlay-type":"","overlay-color":"","overlay-opacity":"","overlay-gradient":""},"tablet":{"background-color":"var(--ast-global-color-5)","background-image":"","background-repeat":"repeat","background-position":"center center","background-size":"auto","background-attachment":"scroll","background-type":"","background-media":"","overlay-type":"","overlay-color":"","overlay-opacity":"","overlay-gradient":""},"mobile":{"background-color":"var(--ast-global-color-5)","background-image":"","background-repeat":"repeat","background-position":"center center","background-size":"auto","background-attachment":"scroll","background-type":"","background-media":"","overlay-type":"","overlay-color":"","overlay-opacity":"","overlay-gradient":""}},"_EventAllDay":false,"_EventTimezone":"","_EventStartDate":"","_EventEndDate":"","_EventStartDateUTC":"","_EventEndDateUTC":"","_EventShowMap":false,"_EventShowMapLink":false,"_EventURL":"","_EventCost":"","_EventCostDescription":"","_EventCurrencySymbol":"","_EventCurrencyCode":"","_EventCurrencyPosition":"","_EventDateTimeSeparator":"","_EventTimeRangeSeparator":"","_EventOrganizerID":[],"_EventVenueID":[],"_OrganizerEmail":"","_OrganizerPhone":"","_OrganizerWebsite":"","_VenueAddress":"","_VenueCity":"","_VenueCountry":"","_VenueProvince":"","_VenueState":"","_VenueZip":"","_VenuePhone":"","_VenueURL":"","_VenueStateProvince":"","_VenueLat":"","_VenueLng":"","_VenueShowMap":false,"_VenueShowMapLink":false,"footnotes":""},"categories":[1],"tags":[],"class_list":["post-2120","post","type-post","status-publish","format-standard","has-post-thumbnail","hentry","category-non-classe"],"_links":{"self":[{"href":"https:\/\/www.abbevillelariviere.fr\/index.php?rest_route=\/wp\/v2\/posts\/2120"}],"collection":[{"href":"https:\/\/www.abbevillelariviere.fr\/index.php?rest_route=\/wp\/v2\/posts"}],"about":[{"href":"https:\/\/www.abbevillelariviere.fr\/index.php?rest_route=\/wp\/v2\/types\/post"}],"author":[{"embeddable":true,"href":"https:\/\/www.abbevillelariviere.fr\/index.php?rest_route=\/wp\/v2\/users\/1"}],"replies":[{"embeddable":true,"href":"https:\/\/www.abbevillelariviere.fr\/index.php?rest_route=%2Fwp%2Fv2%2Fcomments&post=2120"}],"version-history":[{"count":2,"href":"https:\/\/www.abbevillelariviere.fr\/index.php?rest_route=\/wp\/v2\/posts\/2120\/revisions"}],"predecessor-version":[{"id":2133,"href":"https:\/\/www.abbevillelariviere.fr\/index.php?rest_route=\/wp\/v2\/posts\/2120\/revisions\/2133"}],"wp:featuredmedia":[{"embeddable":true,"href":"https:\/\/www.abbevillelariviere.fr\/index.php?rest_route=\/wp\/v2\/media\/2123"}],"wp:attachment":[{"href":"https:\/\/www.abbevillelariviere.fr\/index.php?rest_route=%2Fwp%2Fv2%2Fmedia&parent=2120"}],"wp:term":[{"taxonomy":"category","embeddable":true,"href":"https:\/\/www.abbevillelariviere.fr\/index.php?rest_route=%2Fwp%2Fv2%2Fcategories&post=2120"},{"taxonomy":"post_tag","embeddable":true,"href":"https:\/\/www.abbevillelariviere.fr\/index.php?rest_route=%2Fwp%2Fv2%2Ftags&post=2120"}],"curies":[{"name":"wp","href":"https:\/\/api.w.org\/{rel}","templated":true}]}}