{"id":2126,"date":"2020-07-19T07:07:34","date_gmt":"2020-07-19T07:07:34","guid":{"rendered":"http:\/\/www.abbevillelariviere.fr\/?p=2126"},"modified":"2020-07-19T07:07:34","modified_gmt":"2020-07-19T07:07:34","slug":"synthese-qualite-eau-2019","status":"publish","type":"post","link":"https:\/\/www.abbevillelariviere.fr\/?p=2126","title":{"rendered":"SYNTH\u00c8SE QUALIT\u00c9 EAU 2019"},"content":{"rendered":"<div class=\"page\" title=\"Page 1\">\n<div class=\"section\">\n<div class=\"layoutArea\">\n<div class=\"column\">\n<div class=\"page\" title=\"Page 1\">\n<div class=\"layoutArea\">\n<div class=\"column\">\n<h1>Bilan de la qualite\u0301 de l\u2019eau<\/h1>\n<\/div>\n<\/div>\n<\/div>\n<p>Vous trouverez en pi\u00e8ces ci-jointes, au titre de l\u2019ann\u00e9e 2019 :<\/p>\n<ul>\n<li>La <strong>fiche r\u00e9capitulative<\/strong> de la qualit\u00e9 de l\u2019eau sur votre commune.<\/li>\n<\/ul>\n<figure id=\"attachment_1501\" aria-describedby=\"caption-attachment-1501\" style=\"width: 100px\" class=\"wp-caption alignnone\"><a href=\"http:\/\/www.abbevillelariviere.fr\/wp-content\/uploads\/2020\/07\/Ficheabbeville-la-riviere.pdf\"><img loading=\"lazy\" decoding=\"async\" class=\"wp-image-1501 size-full\" src=\"http:\/\/www.abbevillelariviere.fr\/wp-content\/uploads\/2017\/12\/telechargementpdf100.png\" alt=\"telechargementpdf100\" width=\"100\" height=\"109\" \/><\/a><figcaption id=\"caption-attachment-1501\" class=\"wp-caption-text\">La fiche r\u00e9capitulative de la qualit\u00e9 de l\u2019eau sur votre commune<\/figcaption><\/figure>\n<ul>\n<li>Le <strong>rapport d\u00e9taill\u00e9<\/strong> de la qualit\u00e9 de l\u2019eau sur votre commune.<\/li>\n<\/ul>\n<figure id=\"attachment_1501\" aria-describedby=\"caption-attachment-1501\" style=\"width: 100px\" class=\"wp-caption alignnone\"><a href=\"http:\/\/www.abbevillelariviere.fr\/wp-content\/uploads\/2020\/07\/Rapport-complet-Abbeville-La-Rivie%CC%80re.pdf\"><img loading=\"lazy\" decoding=\"async\" class=\"wp-image-1501 size-full\" src=\"http:\/\/www.abbevillelariviere.fr\/wp-content\/uploads\/2017\/12\/telechargementpdf100.png\" alt=\"telechargementpdf100\" width=\"100\" height=\"109\" \/><\/a><figcaption id=\"caption-attachment-1501\" class=\"wp-caption-text\">Rapport complet 2019<\/figcaption><\/figure>\n<\/div>\n<div class=\"column\"><\/div>\n<\/div>\n<\/div>\n<\/div>\n","protected":false},"excerpt":{"rendered":"<p>Bilan de la qualite\u0301 de l\u2019eau Vous trouverez en pi\u00e8ces ci-jointes, au titre de l\u2019ann\u00e9e 2019 : La fiche r\u00e9capitulative de la qualit\u00e9 de l\u2019eau sur votre commune. Le rapport [&hellip;]<\/p>\n","protected":false},"author":1,"featured_media":2129,"comment_status":"closed","ping_status":"closed","sticky":false,"template":"","format":"standard","meta":{"site-sidebar-layout":"default","site-content-layout":"","ast-site-content-layout":"","site-content-style":"default","site-sidebar-style":"default","ast-global-header-display":"","ast-banner-title-visibility":"","ast-main-header-display":"","ast-hfb-above-header-display":"","ast-hfb-below-header-display":"","ast-hfb-mobile-header-display":"","site-post-title":"","ast-breadcrumbs-content":"","ast-featured-img":"","footer-sml-layout":"","theme-transparent-header-meta":"","adv-header-id-meta":"","stick-header-meta":"","header-above-stick-meta":"","header-main-stick-meta":"","header-below-stick-meta":"","astra-migrate-meta-layouts":"default","ast-page-background-enabled":"default","ast-page-background-meta":{"desktop":{"background-color":"var(--ast-global-color-4)","background-image":"","background-repeat":"repeat","background-position":"center center","background-size":"auto","background-attachment":"scroll","background-type":"","background-media":"","overlay-type":"","overlay-color":"","overlay-opacity":"","overlay-gradient":""},"tablet":{"background-color":"","background-image":"","background-repeat":"repeat","background-position":"center center","background-size":"auto","background-attachment":"scroll","background-type":"","background-media":"","overlay-type":"","overlay-color":"","overlay-opacity":"","overlay-gradient":""},"mobile":{"background-color":"","background-image":"","background-repeat":"repeat","background-position":"center center","background-size":"auto","background-attachment":"scroll","background-type":"","background-media":"","overlay-type":"","overlay-color":"","overlay-opacity":"","overlay-gradient":""}},"ast-content-background-meta":{"desktop":{"background-color":"var(--ast-global-color-5)","background-image":"","background-repeat":"repeat","background-position":"center center","background-size":"auto","background-attachment":"scroll","background-type":"","background-media":"","overlay-type":"","overlay-color":"","overlay-opacity":"","overlay-gradient":""},"tablet":{"background-color":"var(--ast-global-color-5)","background-image":"","background-repeat":"repeat","background-position":"center center","background-size":"auto","background-attachment":"scroll","background-type":"","background-media":"","overlay-type":"","overlay-color":"","overlay-opacity":"","overlay-gradient":""},"mobile":{"background-color":"var(--ast-global-color-5)","background-image":"","background-repeat":"repeat","background-position":"center center","background-size":"auto","background-attachment":"scroll","background-type":"","background-media":"","overlay-type":"","overlay-color":"","overlay-opacity":"","overlay-gradient":""}},"_EventAllDay":false,"_EventTimezone":"","_EventStartDate":"","_EventEndDate":"","_EventStartDateUTC":"","_EventEndDateUTC":"","_EventShowMap":false,"_EventShowMapLink":false,"_EventURL":"","_EventCost":"","_EventCostDescription":"","_EventCurrencySymbol":"","_EventCurrencyCode":"","_EventCurrencyPosition":"","_EventDateTimeSeparator":"","_EventTimeRangeSeparator":"","_EventOrganizerID":[],"_EventVenueID":[],"_OrganizerEmail":"","_OrganizerPhone":"","_OrganizerWebsite":"","_VenueAddress":"","_VenueCity":"","_VenueCountry":"","_VenueProvince":"","_VenueState":"","_VenueZip":"","_VenuePhone":"","_VenueURL":"","_VenueStateProvince":"","_VenueLat":"","_VenueLng":"","_VenueShowMap":false,"_VenueShowMapLink":false,"footnotes":""},"categories":[1],"tags":[],"class_list":["post-2126","post","type-post","status-publish","format-standard","has-post-thumbnail","hentry","category-non-classe"],"_links":{"self":[{"href":"https:\/\/www.abbevillelariviere.fr\/index.php?rest_route=\/wp\/v2\/posts\/2126"}],"collection":[{"href":"https:\/\/www.abbevillelariviere.fr\/index.php?rest_route=\/wp\/v2\/posts"}],"about":[{"href":"https:\/\/www.abbevillelariviere.fr\/index.php?rest_route=\/wp\/v2\/types\/post"}],"author":[{"embeddable":true,"href":"https:\/\/www.abbevillelariviere.fr\/index.php?rest_route=\/wp\/v2\/users\/1"}],"replies":[{"embeddable":true,"href":"https:\/\/www.abbevillelariviere.fr\/index.php?rest_route=%2Fwp%2Fv2%2Fcomments&post=2126"}],"version-history":[{"count":1,"href":"https:\/\/www.abbevillelariviere.fr\/index.php?rest_route=\/wp\/v2\/posts\/2126\/revisions"}],"predecessor-version":[{"id":2130,"href":"https:\/\/www.abbevillelariviere.fr\/index.php?rest_route=\/wp\/v2\/posts\/2126\/revisions\/2130"}],"wp:featuredmedia":[{"embeddable":true,"href":"https:\/\/www.abbevillelariviere.fr\/index.php?rest_route=\/wp\/v2\/media\/2129"}],"wp:attachment":[{"href":"https:\/\/www.abbevillelariviere.fr\/index.php?rest_route=%2Fwp%2Fv2%2Fmedia&parent=2126"}],"wp:term":[{"taxonomy":"category","embeddable":true,"href":"https:\/\/www.abbevillelariviere.fr\/index.php?rest_route=%2Fwp%2Fv2%2Fcategories&post=2126"},{"taxonomy":"post_tag","embeddable":true,"href":"https:\/\/www.abbevillelariviere.fr\/index.php?rest_route=%2Fwp%2Fv2%2Ftags&post=2126"}],"curies":[{"name":"wp","href":"https:\/\/api.w.org\/{rel}","templated":true}]}}