{"id":2155,"date":"2020-08-06T14:13:01","date_gmt":"2020-08-06T14:13:01","guid":{"rendered":"http:\/\/www.abbevillelariviere.fr\/?p=2155"},"modified":"2020-08-06T14:13:01","modified_gmt":"2020-08-06T14:13:01","slug":"attention-canicule","status":"publish","type":"post","link":"https:\/\/www.abbevillelariviere.fr\/?p=2155","title":{"rendered":"ATTENTION CANICULE"},"content":{"rendered":"<p><a href=\"http:\/\/www.abbevillelariviere.fr\/wp-content\/uploads\/2020\/08\/canicule.jpg\"><img loading=\"lazy\" decoding=\"async\" class=\"alignnone size-full wp-image-2156\" src=\"http:\/\/www.abbevillelariviere.fr\/wp-content\/uploads\/2020\/08\/canicule.jpg\" alt=\"canicule\" width=\"741\" height=\"967\" srcset=\"https:\/\/www.abbevillelariviere.fr\/wp-content\/uploads\/2020\/08\/canicule.jpg 741w, https:\/\/www.abbevillelariviere.fr\/wp-content\/uploads\/2020\/08\/canicule-230x300.jpg 230w, https:\/\/www.abbevillelariviere.fr\/wp-content\/uploads\/2020\/08\/canicule-600x783.jpg 600w\" sizes=\"(max-width: 741px) 100vw, 741px\" \/><\/a><\/p>\n<p>&nbsp;<\/p>\n<p>Pour les personnes vuln\u00e9rables (personnes \u00e2g\u00e9es de plus de 65 ans, nourrissons, jeunes enfants de moins de 4 ans, personnes handicap\u00e9es ou malades \u00e0 domicile, personnes<br \/>\nd\u00e9pendantes) la vigilance doit \u00eatre accrue :<br \/>\n\u2022 Prenez des nouvelles des personnes \u00e2g\u00e9es, isol\u00e9es, ou souffrant de maladies chroniques que<\/p>\n<p>vous connaissez ou rendez-leur visite deux fois par jour.<br \/>\n\u2022 Mettez \u00e0 leur disposition un endroit frais.<br \/>\n\u2022 En cas de maladie ou de troubles du comportement, appelez un m\u00e9decin.<br \/>\n\u2022 Si vous avez besoin d\u2019aide, appelez la mairie.<\/p>\n<p>Petit m\u00e9mo des signes d\u2019alerte de d\u00e9shydratation chez la personne \u00e2g\u00e9e :<br \/>\n\u2022 Modification du comportement habituel, grande faiblesse, grande fatigue, difficult\u00e9<br \/>\ninhabituelle \u00e0 se d\u00e9placer.<br \/>\n\u2022 Maux de t\u00eate, \u00e9tourdissements, vertiges, troubles de la conscience, voire convulsions.<br \/>\n\u2022 Naus\u00e9es, vomissements, diarrh\u00e9e, soif.<br \/>\n\u2022 Crampes musculaires.<br \/>\n\u2022 Temp\u00e9rature corporelle \u00e9lev\u00e9e (sup\u00e9rieure \u00e0 38,5\u00b0C).<br \/>\n\u2022 Agitation nocturne inhabituelle.<br \/>\n.<br \/>\n<strong>Pour plus d\u2019informations, vous pouvez consulter les sites suivants :<\/strong><br \/>\n\u2022 retrouvez les gestes simples \u00e0 adopter sur le compte twitter de @santeprevention<br \/>\n\u2022\u00a0<a href=\"https:\/\/solidarites-sante.gouv.fr\/sante-et-environnement\/risques-climatiques\/canicule\" target=\"_blank\" rel=\"noopener noreferrer\">https:\/\/solidarites-sante.gouv.fr\/sante-et-environnement\/risques-climatiques\/canicule<\/a><br \/>\n\u2022\u00a0<a href=\"https:\/\/www.santepubliquefrance.fr\/determinants-de-sante\/climat\/fortes-chaleurs-canicule\" target=\"_blank\" rel=\"noopener noreferrer\">https:\/\/www.santepubliquefrance.fr\/determinants-de-sante\/climat\/fortes-chaleurs-canicule<\/a><\/p>\n<p>Si vous avez connaissance d\u2019une personne se trouvant en difficult\u00e9 du fait de ces fortes<br \/>\nchaleurs, n\u2019h\u00e9sitez pas \u00e0 appeler les services de secours :<br \/>\n\u2022 Le 15, num\u00e9ro d\u2019appel gratuit du service d\u2019aide m\u00e9dicale urgente (SAMU).<br \/>\n\u2022 Le 115, num\u00e9ro d\u2019appel gratuit des urgences sociales, qui a pour mission d\u2019informer, orienter et rechercher un h\u00e9bergement pour les personnes sans domicile fixe.<\/p>\n<p><img loading=\"lazy\" decoding=\"async\" class=\"alignnone size-full wp-image-2160\" src=\"http:\/\/www.abbevillelariviere.fr\/wp-content\/uploads\/2020\/08\/vignette_canicule_info_service.jpg\" alt=\"vignette_canicule_info_service\" width=\"800\" height=\"400\" srcset=\"https:\/\/www.abbevillelariviere.fr\/wp-content\/uploads\/2020\/08\/vignette_canicule_info_service.jpg 800w, https:\/\/www.abbevillelariviere.fr\/wp-content\/uploads\/2020\/08\/vignette_canicule_info_service-300x150.jpg 300w, https:\/\/www.abbevillelariviere.fr\/wp-content\/uploads\/2020\/08\/vignette_canicule_info_service-600x300.jpg 600w\" sizes=\"(max-width: 800px) 100vw, 800px\" \/><\/p>\n<p>&nbsp;<\/p>\n","protected":false},"excerpt":{"rendered":"<p>&nbsp; Pour les personnes vuln\u00e9rables (personnes \u00e2g\u00e9es de plus de 65 ans, nourrissons, jeunes enfants de moins de 4 ans, personnes handicap\u00e9es ou malades \u00e0 domicile, personnes d\u00e9pendantes) la vigilance [&hellip;]<\/p>\n","protected":false},"author":1,"featured_media":2157,"comment_status":"closed","ping_status":"closed","sticky":false,"template":"","format":"standard","meta":{"site-sidebar-layout":"default","site-content-layout":"","ast-site-content-layout":"","site-content-style":"default","site-sidebar-style":"default","ast-global-header-display":"","ast-banner-title-visibility":"","ast-main-header-display":"","ast-hfb-above-header-display":"","ast-hfb-below-header-display":"","ast-hfb-mobile-header-display":"","site-post-title":"","ast-breadcrumbs-content":"","ast-featured-img":"","footer-sml-layout":"","theme-transparent-header-meta":"","adv-header-id-meta":"","stick-header-meta":"","header-above-stick-meta":"","header-main-stick-meta":"","header-below-stick-meta":"","astra-migrate-meta-layouts":"default","ast-page-background-enabled":"default","ast-page-background-meta":{"desktop":{"background-color":"var(--ast-global-color-4)","background-image":"","background-repeat":"repeat","background-position":"center center","background-size":"auto","background-attachment":"scroll","background-type":"","background-media":"","overlay-type":"","overlay-color":"","overlay-opacity":"","overlay-gradient":""},"tablet":{"background-color":"","background-image":"","background-repeat":"repeat","background-position":"center center","background-size":"auto","background-attachment":"scroll","background-type":"","background-media":"","overlay-type":"","overlay-color":"","overlay-opacity":"","overlay-gradient":""},"mobile":{"background-color":"","background-image":"","background-repeat":"repeat","background-position":"center center","background-size":"auto","background-attachment":"scroll","background-type":"","background-media":"","overlay-type":"","overlay-color":"","overlay-opacity":"","overlay-gradient":""}},"ast-content-background-meta":{"desktop":{"background-color":"var(--ast-global-color-5)","background-image":"","background-repeat":"repeat","background-position":"center center","background-size":"auto","background-attachment":"scroll","background-type":"","background-media":"","overlay-type":"","overlay-color":"","overlay-opacity":"","overlay-gradient":""},"tablet":{"background-color":"var(--ast-global-color-5)","background-image":"","background-repeat":"repeat","background-position":"center center","background-size":"auto","background-attachment":"scroll","background-type":"","background-media":"","overlay-type":"","overlay-color":"","overlay-opacity":"","overlay-gradient":""},"mobile":{"background-color":"var(--ast-global-color-5)","background-image":"","background-repeat":"repeat","background-position":"center center","background-size":"auto","background-attachment":"scroll","background-type":"","background-media":"","overlay-type":"","overlay-color":"","overlay-opacity":"","overlay-gradient":""}},"_EventAllDay":false,"_EventTimezone":"","_EventStartDate":"","_EventEndDate":"","_EventStartDateUTC":"","_EventEndDateUTC":"","_EventShowMap":false,"_EventShowMapLink":false,"_EventURL":"","_EventCost":"","_EventCostDescription":"","_EventCurrencySymbol":"","_EventCurrencyCode":"","_EventCurrencyPosition":"","_EventDateTimeSeparator":"","_EventTimeRangeSeparator":"","_EventOrganizerID":[],"_EventVenueID":[],"_OrganizerEmail":"","_OrganizerPhone":"","_OrganizerWebsite":"","_VenueAddress":"","_VenueCity":"","_VenueCountry":"","_VenueProvince":"","_VenueState":"","_VenueZip":"","_VenuePhone":"","_VenueURL":"","_VenueStateProvince":"","_VenueLat":"","_VenueLng":"","_VenueShowMap":false,"_VenueShowMapLink":false,"footnotes":""},"categories":[1],"tags":[],"class_list":["post-2155","post","type-post","status-publish","format-standard","has-post-thumbnail","hentry","category-non-classe"],"_links":{"self":[{"href":"https:\/\/www.abbevillelariviere.fr\/index.php?rest_route=\/wp\/v2\/posts\/2155"}],"collection":[{"href":"https:\/\/www.abbevillelariviere.fr\/index.php?rest_route=\/wp\/v2\/posts"}],"about":[{"href":"https:\/\/www.abbevillelariviere.fr\/index.php?rest_route=\/wp\/v2\/types\/post"}],"author":[{"embeddable":true,"href":"https:\/\/www.abbevillelariviere.fr\/index.php?rest_route=\/wp\/v2\/users\/1"}],"replies":[{"embeddable":true,"href":"https:\/\/www.abbevillelariviere.fr\/index.php?rest_route=%2Fwp%2Fv2%2Fcomments&post=2155"}],"version-history":[{"count":1,"href":"https:\/\/www.abbevillelariviere.fr\/index.php?rest_route=\/wp\/v2\/posts\/2155\/revisions"}],"predecessor-version":[{"id":2161,"href":"https:\/\/www.abbevillelariviere.fr\/index.php?rest_route=\/wp\/v2\/posts\/2155\/revisions\/2161"}],"wp:featuredmedia":[{"embeddable":true,"href":"https:\/\/www.abbevillelariviere.fr\/index.php?rest_route=\/wp\/v2\/media\/2157"}],"wp:attachment":[{"href":"https:\/\/www.abbevillelariviere.fr\/index.php?rest_route=%2Fwp%2Fv2%2Fmedia&parent=2155"}],"wp:term":[{"taxonomy":"category","embeddable":true,"href":"https:\/\/www.abbevillelariviere.fr\/index.php?rest_route=%2Fwp%2Fv2%2Fcategories&post=2155"},{"taxonomy":"post_tag","embeddable":true,"href":"https:\/\/www.abbevillelariviere.fr\/index.php?rest_route=%2Fwp%2Fv2%2Ftags&post=2155"}],"curies":[{"name":"wp","href":"https:\/\/api.w.org\/{rel}","templated":true}]}}