{"id":2237,"date":"2020-09-13T16:19:01","date_gmt":"2020-09-13T16:19:01","guid":{"rendered":"http:\/\/www.abbevillelariviere.fr\/?p=2237"},"modified":"2020-09-13T16:19:01","modified_gmt":"2020-09-13T16:19:01","slug":"les-vitrines-du-sud-etampois","status":"publish","type":"post","link":"https:\/\/www.abbevillelariviere.fr\/?p=2237","title":{"rendered":"Les Vitrines du Sud Etampois"},"content":{"rendered":"<h1>Les Vitrines du Sud Etampois : consommez local !<\/h1>\n<h2 class=\"col subheadline margin_bottom_subheadline widescreen-12 desktop-10\">la communaut\u00e9 d\u2019agglom\u00e9ration de l\u2019Etampois sud-Essonne (CAESE) a d\u00e9voil\u00e9 le site Internet qu\u2019elle consacre aux commer\u00e7ants du territoire. Un outil destin\u00e9 \u00e0 faire revenir les clients dans les boutiques.<\/h2>\n<p><a href=\"https:\/\/www.lesvitrinesdeletampoissudessonne.com\/\">https:\/\/www.lesvitrinesdeletampoissudessonne.com\/<\/a><\/p>\n<p>Annonc\u00e9 en mai dernier \u00e0 l&#8217;aube du d\u00e9confinement,\u00a0<a href=\"https:\/\/www.leparisien.fr\/essonne-91\/sud-essonne-pour-sortir-de-la-crise-l-agglomeration-met-plus-de-2-meur-sur-la-table-06-05-2020-8311662.php\" target=\"_blank\" data-original-fontsize=\"19px\" data-original-lineheight=\"30px\">le plan de relance de l&#8217;agglom\u00e9ration de l&#8217;Etampois sud-Essonne<\/a>\u00a0(Caese) est entr\u00e9 dans sa phase active. Ce vendredi, le premier macaron \u00ab Vitrine de l&#8217;Etampois sud-Essonne \u00bb a \u00e9t\u00e9 distribu\u00e9 au boulanger de Morigny-Champigny, Julien Valance.<\/p>\n<p>\u00ab Cette op\u00e9ration, qui permet aux commerces de proximit\u00e9 d&#8217;\u00eatre r\u00e9f\u00e9renc\u00e9s sur un site Internet, est enti\u00e8rement gratuite pour les commer\u00e7ants, souligne le pr\u00e9sident\u00a0<a href=\"https:\/\/www.leparisien.fr\/essonne-91\/essonne-l-ascension-fulgurante-de-johann-mittelhausser-le-maire-d-angerville-17-01-2020-8238420.php\" target=\"_blank\" data-original-fontsize=\"19px\" data-original-lineheight=\"30px\">Johann Mittelhausser (SE)<\/a>.<\/p>\n<p>Sur le site, on retrouve toutes les informations pratiques, les liens vers leurs pages respectives mais aussi des photos et des bons plans. \u00c0 ce jour, 120 commerces ont adh\u00e9r\u00e9, nous esp\u00e9rons en toucher 200 d&#8217;ici la fin de l&#8217;ann\u00e9e. \u00bb Prochainement, l&#8217;acc\u00e8s \u00e0 ce site qui a co\u00fbt\u00e9 6 500 euros \u00e0 l&#8217;agglom\u00e9ration avec l&#8217;adh\u00e9sion l&#8217;association Vitrines de France, sera optimis\u00e9 pour les smartphones.<\/p>\n<p>&nbsp;<\/p>\n","protected":false},"excerpt":{"rendered":"<p>la communaut\u00e9 d\u2019agglom\u00e9ration de l\u2019Etampois sud-Essonne (CAESE) a d\u00e9voil\u00e9 le site Internet qu\u2019elle consacre aux commer\u00e7ants du territoire. Un outil destin\u00e9 \u00e0 faire revenir les clients dans les boutiques.\u00ab Cette op\u00e9ration, qui permet aux commerces de proximit\u00e9 d&#8217;\u00eatre r\u00e9f\u00e9renc\u00e9s sur un site Internet, est enti\u00e8rement gratuite pour les commer\u00e7ants :  https:\/\/www.lesvitrinesdeletampoissudessonne.com\/<\/p>\n","protected":false},"author":1,"featured_media":2238,"comment_status":"closed","ping_status":"closed","sticky":false,"template":"","format":"standard","meta":{"site-sidebar-layout":"default","site-content-layout":"","ast-site-content-layout":"","site-content-style":"default","site-sidebar-style":"default","ast-global-header-display":"","ast-banner-title-visibility":"","ast-main-header-display":"","ast-hfb-above-header-display":"","ast-hfb-below-header-display":"","ast-hfb-mobile-header-display":"","site-post-title":"","ast-breadcrumbs-content":"","ast-featured-img":"","footer-sml-layout":"","theme-transparent-header-meta":"","adv-header-id-meta":"","stick-header-meta":"","header-above-stick-meta":"","header-main-stick-meta":"","header-below-stick-meta":"","astra-migrate-meta-layouts":"default","ast-page-background-enabled":"default","ast-page-background-meta":{"desktop":{"background-color":"var(--ast-global-color-4)","background-image":"","background-repeat":"repeat","background-position":"center center","background-size":"auto","background-attachment":"scroll","background-type":"","background-media":"","overlay-type":"","overlay-color":"","overlay-opacity":"","overlay-gradient":""},"tablet":{"background-color":"","background-image":"","background-repeat":"repeat","background-position":"center center","background-size":"auto","background-attachment":"scroll","background-type":"","background-media":"","overlay-type":"","overlay-color":"","overlay-opacity":"","overlay-gradient":""},"mobile":{"background-color":"","background-image":"","background-repeat":"repeat","background-position":"center center","background-size":"auto","background-attachment":"scroll","background-type":"","background-media":"","overlay-type":"","overlay-color":"","overlay-opacity":"","overlay-gradient":""}},"ast-content-background-meta":{"desktop":{"background-color":"var(--ast-global-color-5)","background-image":"","background-repeat":"repeat","background-position":"center center","background-size":"auto","background-attachment":"scroll","background-type":"","background-media":"","overlay-type":"","overlay-color":"","overlay-opacity":"","overlay-gradient":""},"tablet":{"background-color":"var(--ast-global-color-5)","background-image":"","background-repeat":"repeat","background-position":"center center","background-size":"auto","background-attachment":"scroll","background-type":"","background-media":"","overlay-type":"","overlay-color":"","overlay-opacity":"","overlay-gradient":""},"mobile":{"background-color":"var(--ast-global-color-5)","background-image":"","background-repeat":"repeat","background-position":"center center","background-size":"auto","background-attachment":"scroll","background-type":"","background-media":"","overlay-type":"","overlay-color":"","overlay-opacity":"","overlay-gradient":""}},"_EventAllDay":false,"_EventTimezone":"","_EventStartDate":"","_EventEndDate":"","_EventStartDateUTC":"","_EventEndDateUTC":"","_EventShowMap":false,"_EventShowMapLink":false,"_EventURL":"","_EventCost":"","_EventCostDescription":"","_EventCurrencySymbol":"","_EventCurrencyCode":"","_EventCurrencyPosition":"","_EventDateTimeSeparator":"","_EventTimeRangeSeparator":"","_EventOrganizerID":[],"_EventVenueID":[],"_OrganizerEmail":"","_OrganizerPhone":"","_OrganizerWebsite":"","_VenueAddress":"","_VenueCity":"","_VenueCountry":"","_VenueProvince":"","_VenueState":"","_VenueZip":"","_VenuePhone":"","_VenueURL":"","_VenueStateProvince":"","_VenueLat":"","_VenueLng":"","_VenueShowMap":false,"_VenueShowMapLink":false,"footnotes":""},"categories":[1],"tags":[],"class_list":["post-2237","post","type-post","status-publish","format-standard","has-post-thumbnail","hentry","category-non-classe"],"_links":{"self":[{"href":"https:\/\/www.abbevillelariviere.fr\/index.php?rest_route=\/wp\/v2\/posts\/2237"}],"collection":[{"href":"https:\/\/www.abbevillelariviere.fr\/index.php?rest_route=\/wp\/v2\/posts"}],"about":[{"href":"https:\/\/www.abbevillelariviere.fr\/index.php?rest_route=\/wp\/v2\/types\/post"}],"author":[{"embeddable":true,"href":"https:\/\/www.abbevillelariviere.fr\/index.php?rest_route=\/wp\/v2\/users\/1"}],"replies":[{"embeddable":true,"href":"https:\/\/www.abbevillelariviere.fr\/index.php?rest_route=%2Fwp%2Fv2%2Fcomments&post=2237"}],"version-history":[{"count":1,"href":"https:\/\/www.abbevillelariviere.fr\/index.php?rest_route=\/wp\/v2\/posts\/2237\/revisions"}],"predecessor-version":[{"id":2239,"href":"https:\/\/www.abbevillelariviere.fr\/index.php?rest_route=\/wp\/v2\/posts\/2237\/revisions\/2239"}],"wp:featuredmedia":[{"embeddable":true,"href":"https:\/\/www.abbevillelariviere.fr\/index.php?rest_route=\/wp\/v2\/media\/2238"}],"wp:attachment":[{"href":"https:\/\/www.abbevillelariviere.fr\/index.php?rest_route=%2Fwp%2Fv2%2Fmedia&parent=2237"}],"wp:term":[{"taxonomy":"category","embeddable":true,"href":"https:\/\/www.abbevillelariviere.fr\/index.php?rest_route=%2Fwp%2Fv2%2Fcategories&post=2237"},{"taxonomy":"post_tag","embeddable":true,"href":"https:\/\/www.abbevillelariviere.fr\/index.php?rest_route=%2Fwp%2Fv2%2Ftags&post=2237"}],"curies":[{"name":"wp","href":"https:\/\/api.w.org\/{rel}","templated":true}]}}