{"id":2282,"date":"2020-09-18T19:58:52","date_gmt":"2020-09-18T19:58:52","guid":{"rendered":"http:\/\/www.abbevillelariviere.fr\/?p=2282"},"modified":"2020-09-18T19:58:52","modified_gmt":"2020-09-18T19:58:52","slug":"dimanche-20-sept-course-cycliste-raymond-martin","status":"publish","type":"post","link":"https:\/\/www.abbevillelariviere.fr\/?p=2282","title":{"rendered":"Dimanche 20 Sept. Course Cycliste RAYMOND MARTIN"},"content":{"rendered":"<h1>Le Dimanche 20 Septembre La Course Cycliste &#8221; RAYMOND MARTIN<\/h1>\n<p>La course cycliste passera par Abb\u00e9ville-la-rivi\u00e8re et Arrancourt.\u00a0 (cf Plan ci dessous)<\/p>\n<p><strong>Cette \u00e9preuve circulera sou le r\u00e9gime de la priorit\u00e9 de passage et sera port\u00e9e \u00e0 la connaissance des usagers de la route par les moyens habituels de publicit\u00e9 des actes administratifs et par des signalisateurs qui ont \u00e9t\u00e9 agr\u00e9\u00e9s pour cette manifestation sportive ( article A33138 du code du Sport)<\/strong><\/p>\n<p>D\u00e9but de course pr\u00e9vu \u00e0 9h30 &#8211; La fin de la course est fix\u00e9e \u00e0 16h 30.<\/p>\n<p><strong>Attention donc aux cyclistes !<\/strong><\/p>\n<p><a href=\"http:\/\/www.abbevillelariviere.fr\/wp-content\/uploads\/2020\/09\/CourseCylco.png\"><img loading=\"lazy\" decoding=\"async\" class=\"alignnone size-large wp-image-2285\" src=\"http:\/\/www.abbevillelariviere.fr\/wp-content\/uploads\/2020\/09\/CourseCylco-1024x739.png\" alt=\"CourseCylco\" width=\"610\" height=\"440\" srcset=\"https:\/\/www.abbevillelariviere.fr\/wp-content\/uploads\/2020\/09\/CourseCylco-1024x739.png 1024w, https:\/\/www.abbevillelariviere.fr\/wp-content\/uploads\/2020\/09\/CourseCylco-150x108.png 150w, https:\/\/www.abbevillelariviere.fr\/wp-content\/uploads\/2020\/09\/CourseCylco-300x217.png 300w, https:\/\/www.abbevillelariviere.fr\/wp-content\/uploads\/2020\/09\/CourseCylco-600x433.png 600w, https:\/\/www.abbevillelariviere.fr\/wp-content\/uploads\/2020\/09\/CourseCylco.png 1514w\" sizes=\"(max-width: 610px) 100vw, 610px\" \/><\/a><\/p>\n<p><a href=\"http:\/\/www.abbevillelariviere.fr\/wp-content\/uploads\/2020\/09\/Affiche-LaRaymondMartin_2020___-429x600.jpg\"><img loading=\"lazy\" decoding=\"async\" class=\"alignnone size-full wp-image-2283\" src=\"http:\/\/www.abbevillelariviere.fr\/wp-content\/uploads\/2020\/09\/Affiche-LaRaymondMartin_2020___-429x600.jpg\" alt=\"Affiche-LaRaymondMartin_2020___-429x600\" width=\"429\" height=\"600\" srcset=\"https:\/\/www.abbevillelariviere.fr\/wp-content\/uploads\/2020\/09\/Affiche-LaRaymondMartin_2020___-429x600.jpg 429w, https:\/\/www.abbevillelariviere.fr\/wp-content\/uploads\/2020\/09\/Affiche-LaRaymondMartin_2020___-429x600-150x210.jpg 150w, https:\/\/www.abbevillelariviere.fr\/wp-content\/uploads\/2020\/09\/Affiche-LaRaymondMartin_2020___-429x600-215x300.jpg 215w\" sizes=\"(max-width: 429px) 100vw, 429px\" \/><\/a><\/p>\n<p>&nbsp;<\/p>\n","protected":false},"excerpt":{"rendered":"<p>Le Dimanche 20 Septembre La Course Cycliste &#8221; RAYMOND MARTIN La course cycliste passera par Abb\u00e9ville-la-rivi\u00e8re et Arrancourt.\u00a0 (cf Plan ci dessous) Cette \u00e9preuve circulera sou le r\u00e9gime de la [&hellip;]<\/p>\n","protected":false},"author":1,"featured_media":2284,"comment_status":"closed","ping_status":"closed","sticky":false,"template":"","format":"standard","meta":{"site-sidebar-layout":"default","site-content-layout":"","ast-site-content-layout":"","site-content-style":"default","site-sidebar-style":"default","ast-global-header-display":"","ast-banner-title-visibility":"","ast-main-header-display":"","ast-hfb-above-header-display":"","ast-hfb-below-header-display":"","ast-hfb-mobile-header-display":"","site-post-title":"","ast-breadcrumbs-content":"","ast-featured-img":"","footer-sml-layout":"","theme-transparent-header-meta":"","adv-header-id-meta":"","stick-header-meta":"","header-above-stick-meta":"","header-main-stick-meta":"","header-below-stick-meta":"","astra-migrate-meta-layouts":"default","ast-page-background-enabled":"default","ast-page-background-meta":{"desktop":{"background-color":"var(--ast-global-color-4)","background-image":"","background-repeat":"repeat","background-position":"center center","background-size":"auto","background-attachment":"scroll","background-type":"","background-media":"","overlay-type":"","overlay-color":"","overlay-opacity":"","overlay-gradient":""},"tablet":{"background-color":"","background-image":"","background-repeat":"repeat","background-position":"center center","background-size":"auto","background-attachment":"scroll","background-type":"","background-media":"","overlay-type":"","overlay-color":"","overlay-opacity":"","overlay-gradient":""},"mobile":{"background-color":"","background-image":"","background-repeat":"repeat","background-position":"center center","background-size":"auto","background-attachment":"scroll","background-type":"","background-media":"","overlay-type":"","overlay-color":"","overlay-opacity":"","overlay-gradient":""}},"ast-content-background-meta":{"desktop":{"background-color":"var(--ast-global-color-5)","background-image":"","background-repeat":"repeat","background-position":"center center","background-size":"auto","background-attachment":"scroll","background-type":"","background-media":"","overlay-type":"","overlay-color":"","overlay-opacity":"","overlay-gradient":""},"tablet":{"background-color":"var(--ast-global-color-5)","background-image":"","background-repeat":"repeat","background-position":"center center","background-size":"auto","background-attachment":"scroll","background-type":"","background-media":"","overlay-type":"","overlay-color":"","overlay-opacity":"","overlay-gradient":""},"mobile":{"background-color":"var(--ast-global-color-5)","background-image":"","background-repeat":"repeat","background-position":"center center","background-size":"auto","background-attachment":"scroll","background-type":"","background-media":"","overlay-type":"","overlay-color":"","overlay-opacity":"","overlay-gradient":""}},"_EventAllDay":false,"_EventTimezone":"","_EventStartDate":"","_EventEndDate":"","_EventStartDateUTC":"","_EventEndDateUTC":"","_EventShowMap":false,"_EventShowMapLink":false,"_EventURL":"","_EventCost":"","_EventCostDescription":"","_EventCurrencySymbol":"","_EventCurrencyCode":"","_EventCurrencyPosition":"","_EventDateTimeSeparator":"","_EventTimeRangeSeparator":"","_EventOrganizerID":[],"_EventVenueID":[],"_OrganizerEmail":"","_OrganizerPhone":"","_OrganizerWebsite":"","_VenueAddress":"","_VenueCity":"","_VenueCountry":"","_VenueProvince":"","_VenueState":"","_VenueZip":"","_VenuePhone":"","_VenueURL":"","_VenueStateProvince":"","_VenueLat":"","_VenueLng":"","_VenueShowMap":false,"_VenueShowMapLink":false,"footnotes":""},"categories":[1],"tags":[],"class_list":["post-2282","post","type-post","status-publish","format-standard","has-post-thumbnail","hentry","category-non-classe"],"_links":{"self":[{"href":"https:\/\/www.abbevillelariviere.fr\/index.php?rest_route=\/wp\/v2\/posts\/2282"}],"collection":[{"href":"https:\/\/www.abbevillelariviere.fr\/index.php?rest_route=\/wp\/v2\/posts"}],"about":[{"href":"https:\/\/www.abbevillelariviere.fr\/index.php?rest_route=\/wp\/v2\/types\/post"}],"author":[{"embeddable":true,"href":"https:\/\/www.abbevillelariviere.fr\/index.php?rest_route=\/wp\/v2\/users\/1"}],"replies":[{"embeddable":true,"href":"https:\/\/www.abbevillelariviere.fr\/index.php?rest_route=%2Fwp%2Fv2%2Fcomments&post=2282"}],"version-history":[{"count":1,"href":"https:\/\/www.abbevillelariviere.fr\/index.php?rest_route=\/wp\/v2\/posts\/2282\/revisions"}],"predecessor-version":[{"id":2286,"href":"https:\/\/www.abbevillelariviere.fr\/index.php?rest_route=\/wp\/v2\/posts\/2282\/revisions\/2286"}],"wp:featuredmedia":[{"embeddable":true,"href":"https:\/\/www.abbevillelariviere.fr\/index.php?rest_route=\/wp\/v2\/media\/2284"}],"wp:attachment":[{"href":"https:\/\/www.abbevillelariviere.fr\/index.php?rest_route=%2Fwp%2Fv2%2Fmedia&parent=2282"}],"wp:term":[{"taxonomy":"category","embeddable":true,"href":"https:\/\/www.abbevillelariviere.fr\/index.php?rest_route=%2Fwp%2Fv2%2Fcategories&post=2282"},{"taxonomy":"post_tag","embeddable":true,"href":"https:\/\/www.abbevillelariviere.fr\/index.php?rest_route=%2Fwp%2Fv2%2Ftags&post=2282"}],"curies":[{"name":"wp","href":"https:\/\/api.w.org\/{rel}","templated":true}]}}