{"id":2287,"date":"2020-09-18T20:06:29","date_gmt":"2020-09-18T20:06:29","guid":{"rendered":"http:\/\/www.abbevillelariviere.fr\/?p=2287"},"modified":"2020-09-20T09:38:36","modified_gmt":"2020-09-20T09:38:36","slug":"saclas-cours-dactivite-physique-adapte","status":"publish","type":"post","link":"https:\/\/www.abbevillelariviere.fr\/?p=2287","title":{"rendered":"SACLAS : COURS D&#8217;ACTIVIT\u00c9 PHYSIQUE ADAPT\u00c9E"},"content":{"rendered":"<h2 id=\"yiv4515740274yMail_cursorElementTracker_1600411350708\">Ouverture d&#8217;un cours de gymnastique adapt\u00e9e \u00e0 SACLAS,<\/h2>\n<p><strong>Tous les mercredis matin a\u0300 10h00 au gymnase Francis GULMANN,<\/strong> pour les personnes souffrant d&#8217;un cancer. Notez que la pratique est prise en charge financi\u00e8rement par la Ligue contre le cancer 91 pendant une ann\u00e9e pour les malades.<\/p>\n<p id=\"yiv4515740274yMail_cursorElementTracker_1600411581637\">Pour toutes informations, un seul num\u00e9ro, celui du comit\u00e9 d\u00e9partemental de la Ligue contre le cancer 91 : 01.64.90.88.88.<\/p>\n<p>L\u2019activite\u0301 physique adapte\u0301e s\u2019adresse a\u0300 toute personne atteinte de cancer en cours de traitement ou\u0300 apre\u0300s un traitement.<\/p>\n<p>C\u2019est une passerelle a\u0300 la reprise d\u2019une activite\u0301 physique classique.<br \/>\nUn e\u0301ducateur spe\u0301cialise\u0301 e\u0301labore un programme personnalise\u0301 (les mouvements sont ajuste\u0301s aux capacite\u0301s de chacun).<br \/>\nLes be\u0301ne\u0301fices sur le plan moral (confiance en soi, image de soi) et physique (moins de fatigue, moins de stress, meilleur sommeil) sont constate\u0301s.<\/p>\n<p>Par ailleurs, ces se\u0301ances contribuent au bien-e\u0302tre en ge\u0301ne\u0301ral puisqu\u2019elles se de\u0301roulent en toute convivialite\u0301 et reposent sur l\u2019e\u0301change et le partage<\/p>\n<p><a href=\"http:\/\/www.abbevillelariviere.fr\/wp-content\/uploads\/2020\/09\/Capture-d\u2019e\u0301cran-2020-09-18-a\u0300-22.04.35.png\"><img loading=\"lazy\" decoding=\"async\" class=\"alignnone size-large wp-image-2289\" src=\"http:\/\/www.abbevillelariviere.fr\/wp-content\/uploads\/2020\/09\/Capture-d\u2019e\u0301cran-2020-09-18-a\u0300-22.04.35-725x1024.png\" alt=\"Capture d\u2019e\u0301cran 2020-09-18 a\u0300 22.04.35\" width=\"610\" height=\"862\" srcset=\"https:\/\/www.abbevillelariviere.fr\/wp-content\/uploads\/2020\/09\/Capture-d\u2019e\u0301cran-2020-09-18-a\u0300-22.04.35-725x1024.png 725w, https:\/\/www.abbevillelariviere.fr\/wp-content\/uploads\/2020\/09\/Capture-d\u2019e\u0301cran-2020-09-18-a\u0300-22.04.35-150x212.png 150w, https:\/\/www.abbevillelariviere.fr\/wp-content\/uploads\/2020\/09\/Capture-d\u2019e\u0301cran-2020-09-18-a\u0300-22.04.35-212x300.png 212w, https:\/\/www.abbevillelariviere.fr\/wp-content\/uploads\/2020\/09\/Capture-d\u2019e\u0301cran-2020-09-18-a\u0300-22.04.35-600x848.png 600w, https:\/\/www.abbevillelariviere.fr\/wp-content\/uploads\/2020\/09\/Capture-d\u2019e\u0301cran-2020-09-18-a\u0300-22.04.35.png 904w\" sizes=\"(max-width: 610px) 100vw, 610px\" \/><\/a><\/p>\n","protected":false},"excerpt":{"rendered":"<p>Ouverture d&#8217;un cours de gymnastique adapt\u00e9e \u00e0 SACLAS, Tous les mercredis matin a\u0300 10h00 au gymnase Francis GULMANN, pour les personnes souffrant d&#8217;un cancer. Notez que la pratique est prise [&hellip;]<\/p>\n","protected":false},"author":1,"featured_media":2288,"comment_status":"closed","ping_status":"closed","sticky":false,"template":"","format":"standard","meta":{"site-sidebar-layout":"default","site-content-layout":"","ast-site-content-layout":"","site-content-style":"default","site-sidebar-style":"default","ast-global-header-display":"","ast-banner-title-visibility":"","ast-main-header-display":"","ast-hfb-above-header-display":"","ast-hfb-below-header-display":"","ast-hfb-mobile-header-display":"","site-post-title":"","ast-breadcrumbs-content":"","ast-featured-img":"","footer-sml-layout":"","theme-transparent-header-meta":"","adv-header-id-meta":"","stick-header-meta":"","header-above-stick-meta":"","header-main-stick-meta":"","header-below-stick-meta":"","astra-migrate-meta-layouts":"default","ast-page-background-enabled":"default","ast-page-background-meta":{"desktop":{"background-color":"var(--ast-global-color-4)","background-image":"","background-repeat":"repeat","background-position":"center center","background-size":"auto","background-attachment":"scroll","background-type":"","background-media":"","overlay-type":"","overlay-color":"","overlay-opacity":"","overlay-gradient":""},"tablet":{"background-color":"","background-image":"","background-repeat":"repeat","background-position":"center center","background-size":"auto","background-attachment":"scroll","background-type":"","background-media":"","overlay-type":"","overlay-color":"","overlay-opacity":"","overlay-gradient":""},"mobile":{"background-color":"","background-image":"","background-repeat":"repeat","background-position":"center center","background-size":"auto","background-attachment":"scroll","background-type":"","background-media":"","overlay-type":"","overlay-color":"","overlay-opacity":"","overlay-gradient":""}},"ast-content-background-meta":{"desktop":{"background-color":"var(--ast-global-color-5)","background-image":"","background-repeat":"repeat","background-position":"center center","background-size":"auto","background-attachment":"scroll","background-type":"","background-media":"","overlay-type":"","overlay-color":"","overlay-opacity":"","overlay-gradient":""},"tablet":{"background-color":"var(--ast-global-color-5)","background-image":"","background-repeat":"repeat","background-position":"center center","background-size":"auto","background-attachment":"scroll","background-type":"","background-media":"","overlay-type":"","overlay-color":"","overlay-opacity":"","overlay-gradient":""},"mobile":{"background-color":"var(--ast-global-color-5)","background-image":"","background-repeat":"repeat","background-position":"center center","background-size":"auto","background-attachment":"scroll","background-type":"","background-media":"","overlay-type":"","overlay-color":"","overlay-opacity":"","overlay-gradient":""}},"_EventAllDay":false,"_EventTimezone":"","_EventStartDate":"","_EventEndDate":"","_EventStartDateUTC":"","_EventEndDateUTC":"","_EventShowMap":false,"_EventShowMapLink":false,"_EventURL":"","_EventCost":"","_EventCostDescription":"","_EventCurrencySymbol":"","_EventCurrencyCode":"","_EventCurrencyPosition":"","_EventDateTimeSeparator":"","_EventTimeRangeSeparator":"","_EventOrganizerID":[],"_EventVenueID":[],"_OrganizerEmail":"","_OrganizerPhone":"","_OrganizerWebsite":"","_VenueAddress":"","_VenueCity":"","_VenueCountry":"","_VenueProvince":"","_VenueState":"","_VenueZip":"","_VenuePhone":"","_VenueURL":"","_VenueStateProvince":"","_VenueLat":"","_VenueLng":"","_VenueShowMap":false,"_VenueShowMapLink":false,"footnotes":""},"categories":[1],"tags":[],"class_list":["post-2287","post","type-post","status-publish","format-standard","has-post-thumbnail","hentry","category-non-classe"],"_links":{"self":[{"href":"https:\/\/www.abbevillelariviere.fr\/index.php?rest_route=\/wp\/v2\/posts\/2287"}],"collection":[{"href":"https:\/\/www.abbevillelariviere.fr\/index.php?rest_route=\/wp\/v2\/posts"}],"about":[{"href":"https:\/\/www.abbevillelariviere.fr\/index.php?rest_route=\/wp\/v2\/types\/post"}],"author":[{"embeddable":true,"href":"https:\/\/www.abbevillelariviere.fr\/index.php?rest_route=\/wp\/v2\/users\/1"}],"replies":[{"embeddable":true,"href":"https:\/\/www.abbevillelariviere.fr\/index.php?rest_route=%2Fwp%2Fv2%2Fcomments&post=2287"}],"version-history":[{"count":2,"href":"https:\/\/www.abbevillelariviere.fr\/index.php?rest_route=\/wp\/v2\/posts\/2287\/revisions"}],"predecessor-version":[{"id":2295,"href":"https:\/\/www.abbevillelariviere.fr\/index.php?rest_route=\/wp\/v2\/posts\/2287\/revisions\/2295"}],"wp:featuredmedia":[{"embeddable":true,"href":"https:\/\/www.abbevillelariviere.fr\/index.php?rest_route=\/wp\/v2\/media\/2288"}],"wp:attachment":[{"href":"https:\/\/www.abbevillelariviere.fr\/index.php?rest_route=%2Fwp%2Fv2%2Fmedia&parent=2287"}],"wp:term":[{"taxonomy":"category","embeddable":true,"href":"https:\/\/www.abbevillelariviere.fr\/index.php?rest_route=%2Fwp%2Fv2%2Fcategories&post=2287"},{"taxonomy":"post_tag","embeddable":true,"href":"https:\/\/www.abbevillelariviere.fr\/index.php?rest_route=%2Fwp%2Fv2%2Ftags&post=2287"}],"curies":[{"name":"wp","href":"https:\/\/api.w.org\/{rel}","templated":true}]}}