{"id":461,"date":"2015-02-01T12:37:24","date_gmt":"2015-02-01T12:37:24","guid":{"rendered":"http:\/\/www.abbevillelariviere.fr\/?p=461"},"modified":"2015-02-17T23:25:02","modified_gmt":"2015-02-17T23:25:02","slug":"le-bafa-bafd","status":"publish","type":"post","link":"https:\/\/www.abbevillelariviere.fr\/?p=461","title":{"rendered":"Le BAFA \/ BAFD"},"content":{"rendered":"<div class=\"wc-shortcodes-row wc-shortcodes-item wc-shortcodes-clearfix\">\n<div class=\"wc-shortcodes-column wc-shortcodes-content wc-shortcodes-one-third wc-shortcodes-column-first \">\n<p>T\u00e9l\u00e9chargez la plaquette<\/p>\n<p><a href=\"http:\/\/www.abbevillelariviere.fr\/wp-content\/uploads\/2015\/02\/Plaquette_BAFA-BAFD_Ile_de_France_2014-2015.pdf\" target=\"_blank\"><img loading=\"lazy\" decoding=\"async\" class=\"alignnone size-medium wp-image-463\" src=\"http:\/\/www.abbevillelariviere.fr\/wp-content\/uploads\/2015\/02\/plaquettebafd-214x300.png\" alt=\"plaquettebafd\" width=\"214\" height=\"300\" srcset=\"https:\/\/www.abbevillelariviere.fr\/wp-content\/uploads\/2015\/02\/plaquettebafd-214x300.png 214w, https:\/\/www.abbevillelariviere.fr\/wp-content\/uploads\/2015\/02\/plaquettebafd.png 255w\" sizes=\"(max-width: 214px) 100vw, 214px\" \/><\/a><\/p>\n<\/div>\n<div class=\"wc-shortcodes-column wc-shortcodes-content wc-shortcodes-two-third wc-shortcodes-column-last \">\n<p>Qu&#8217;est ce que c&#8217;est ?<\/p>\n<p>Le Brevet d\u2019Aptitude aux Fonctions d\u2019Animateur (BAFA) est un brevet qui permet d\u2019encadrer \u00e0 titre non professionnel et de fa\u00e7on occasionnelle des enfants et adolescents en Accueils Collectifs de Mineurs (ACM).<\/p>\n<p>Le BAFA est accessible \u00e0 toute personne ayant 17 ans r\u00e9volus au premier jour de la session de formation et souhaitant intervenir dans le domaine de l\u2019animation socioculturelle.<br \/>\nV\u00e9ritable outil de socialisation, le BAFA repr\u00e9sente un premier pas vers la responsabilit\u00e9 et<br \/>\nl\u2019autonomie \u00e0 travers l\u2019apprentissage de l\u2019animation et de la gestion d\u2019un groupe de mineurs.<\/p>\n<p>Plus d&#8217;information : <a href=\"http:\/\/bafa.lif-fscf.fr\/bafa.php\" target=\"_blank\">http:\/\/bafa.lif-fscf.fr\/bafa.php<\/a><\/p>\n<\/div>\n<\/div>\n<p>&nbsp;<\/p>\n","protected":false},"excerpt":{"rendered":"<p>T\u00e9l\u00e9chargez la plaquette Qu&#8217;est ce que c&#8217;est ? Le Brevet d\u2019Aptitude aux Fonctions d\u2019Animateur (BAFA) est un brevet qui permet d\u2019encadrer \u00e0 titre non professionnel et de fa\u00e7on occasionnelle des [&hellip;]<\/p>\n","protected":false},"author":2,"featured_media":464,"comment_status":"closed","ping_status":"closed","sticky":false,"template":"","format":"standard","meta":{"site-sidebar-layout":"default","site-content-layout":"","ast-site-content-layout":"","site-content-style":"default","site-sidebar-style":"default","ast-global-header-display":"","ast-banner-title-visibility":"","ast-main-header-display":"","ast-hfb-above-header-display":"","ast-hfb-below-header-display":"","ast-hfb-mobile-header-display":"","site-post-title":"","ast-breadcrumbs-content":"","ast-featured-img":"","footer-sml-layout":"","theme-transparent-header-meta":"","adv-header-id-meta":"","stick-header-meta":"","header-above-stick-meta":"","header-main-stick-meta":"","header-below-stick-meta":"","astra-migrate-meta-layouts":"default","ast-page-background-enabled":"default","ast-page-background-meta":{"desktop":{"background-color":"var(--ast-global-color-4)","background-image":"","background-repeat":"repeat","background-position":"center center","background-size":"auto","background-attachment":"scroll","background-type":"","background-media":"","overlay-type":"","overlay-color":"","overlay-opacity":"","overlay-gradient":""},"tablet":{"background-color":"","background-image":"","background-repeat":"repeat","background-position":"center center","background-size":"auto","background-attachment":"scroll","background-type":"","background-media":"","overlay-type":"","overlay-color":"","overlay-opacity":"","overlay-gradient":""},"mobile":{"background-color":"","background-image":"","background-repeat":"repeat","background-position":"center center","background-size":"auto","background-attachment":"scroll","background-type":"","background-media":"","overlay-type":"","overlay-color":"","overlay-opacity":"","overlay-gradient":""}},"ast-content-background-meta":{"desktop":{"background-color":"var(--ast-global-color-5)","background-image":"","background-repeat":"repeat","background-position":"center center","background-size":"auto","background-attachment":"scroll","background-type":"","background-media":"","overlay-type":"","overlay-color":"","overlay-opacity":"","overlay-gradient":""},"tablet":{"background-color":"var(--ast-global-color-5)","background-image":"","background-repeat":"repeat","background-position":"center center","background-size":"auto","background-attachment":"scroll","background-type":"","background-media":"","overlay-type":"","overlay-color":"","overlay-opacity":"","overlay-gradient":""},"mobile":{"background-color":"var(--ast-global-color-5)","background-image":"","background-repeat":"repeat","background-position":"center center","background-size":"auto","background-attachment":"scroll","background-type":"","background-media":"","overlay-type":"","overlay-color":"","overlay-opacity":"","overlay-gradient":""}},"_EventAllDay":false,"_EventTimezone":"","_EventStartDate":"","_EventEndDate":"","_EventStartDateUTC":"","_EventEndDateUTC":"","_EventShowMap":false,"_EventShowMapLink":false,"_EventURL":"","_EventCost":"","_EventCostDescription":"","_EventCurrencySymbol":"","_EventCurrencyCode":"","_EventCurrencyPosition":"","_EventDateTimeSeparator":"","_EventTimeRangeSeparator":"","_EventOrganizerID":[],"_EventVenueID":[],"_OrganizerEmail":"","_OrganizerPhone":"","_OrganizerWebsite":"","_VenueAddress":"","_VenueCity":"","_VenueCountry":"","_VenueProvince":"","_VenueState":"","_VenueZip":"","_VenuePhone":"","_VenueURL":"","_VenueStateProvince":"","_VenueLat":"","_VenueLng":"","_VenueShowMap":false,"_VenueShowMapLink":false,"footnotes":""},"categories":[7,6],"tags":[],"class_list":["post-461","post","type-post","status-publish","format-standard","has-post-thumbnail","hentry","category-jeunesse","category-les-prospectus"],"_links":{"self":[{"href":"https:\/\/www.abbevillelariviere.fr\/index.php?rest_route=\/wp\/v2\/posts\/461"}],"collection":[{"href":"https:\/\/www.abbevillelariviere.fr\/index.php?rest_route=\/wp\/v2\/posts"}],"about":[{"href":"https:\/\/www.abbevillelariviere.fr\/index.php?rest_route=\/wp\/v2\/types\/post"}],"author":[{"embeddable":true,"href":"https:\/\/www.abbevillelariviere.fr\/index.php?rest_route=\/wp\/v2\/users\/2"}],"replies":[{"embeddable":true,"href":"https:\/\/www.abbevillelariviere.fr\/index.php?rest_route=%2Fwp%2Fv2%2Fcomments&post=461"}],"version-history":[{"count":1,"href":"https:\/\/www.abbevillelariviere.fr\/index.php?rest_route=\/wp\/v2\/posts\/461\/revisions"}],"predecessor-version":[{"id":465,"href":"https:\/\/www.abbevillelariviere.fr\/index.php?rest_route=\/wp\/v2\/posts\/461\/revisions\/465"}],"wp:featuredmedia":[{"embeddable":true,"href":"https:\/\/www.abbevillelariviere.fr\/index.php?rest_route=\/wp\/v2\/media\/464"}],"wp:attachment":[{"href":"https:\/\/www.abbevillelariviere.fr\/index.php?rest_route=%2Fwp%2Fv2%2Fmedia&parent=461"}],"wp:term":[{"taxonomy":"category","embeddable":true,"href":"https:\/\/www.abbevillelariviere.fr\/index.php?rest_route=%2Fwp%2Fv2%2Fcategories&post=461"},{"taxonomy":"post_tag","embeddable":true,"href":"https:\/\/www.abbevillelariviere.fr\/index.php?rest_route=%2Fwp%2Fv2%2Ftags&post=461"}],"curies":[{"name":"wp","href":"https:\/\/api.w.org\/{rel}","templated":true}]}}