{"id":523,"date":"2015-02-20T15:57:27","date_gmt":"2015-02-20T15:57:27","guid":{"rendered":"http:\/\/www.abbevillelariviere.fr\/?p=523"},"modified":"2015-03-07T17:00:20","modified_gmt":"2015-03-07T17:00:20","slug":"elections-departementales-2015","status":"publish","type":"post","link":"https:\/\/www.abbevillelariviere.fr\/?p=523","title":{"rendered":"\u00c9lections D\u00e9partementales"},"content":{"rendered":"<h2>\u00c9lections D\u00e9partementales\u00a0 les 22 et 29 mars 2015<\/h2>\n<p>Ce sont les premi\u00e8res \u00e9lections d\u00e9partementales organis\u00e9es. Elles remplacent les \u00e9lections cantonales. Depuis la loi n\u00b0 2013-403 du 17 mai 2013 relative \u00e0 l\u2019\u00e9lection des conseillers d\u00e9partementaux, des conseillers municipaux et des conseillers communautaires, l\u2019assembl\u00e9e qui dirige le d\u00e9partement a pris le nom de conseil d\u00e9partemental en remplacement de la pr\u00e9c\u00e9dente appellation de conseil g\u00e9n\u00e9ral. Les conseillers d\u00e9partementaux (au lieu des anciens conseillers g\u00e9n\u00e9raux) sont \u00e9lus lors d\u2019\u00e9lections d\u00e9partementales. Ces \u00e9lections ont d\u00e9sormais lieu tous les six ans pour le renouvellement de l\u2019int\u00e9gralit\u00e9 des conseillers (les conseillers g\u00e9n\u00e9raux \u00e9taient renouvel\u00e9s par moiti\u00e9 tous les trois ans)<\/p>\n<p>Seront \u00e9lus les nouveaux conseillers\u00a0d\u00e9partementaux si\u00e9geant au Conseil G\u00e9n\u00e9ral de l\u2019Essonne. Chacun votera pour un couple homme-femme de conseillers\u00a0d\u00e9partementaux repr\u00e9sentant un nouveau territoire comprenant les 38 communes de la CCESE ainsi que les 7 communes situ\u00e9es au Nord Est, le tout formant le nouveau canton d\u2019\u00c9tampes.<\/p>\n<p>En application des dispositions du premier alin\u00e9a de l\u2019article 47 de la loi n\u00b0 2013-403 du 17 mai 2013 relative \u00e0 l&#8217;\u00e9lection des conseillers d\u00e9partementaux, des conseillers municipaux et des conseillers communautaires et modifiant le calendrier \u00e9lectoral, le mandat des conseillers g\u00e9n\u00e9raux \u00e9lus en mars 2008 et mars 2011 expire en mars 2015.<\/p>\n<p>Les \u00e9lections d\u00e9partementales auront lieu les 22 et 29 mars 2015.<\/p>\n<p>A compter de ce scrutin, les conseils g\u00e9n\u00e9raux et les conseillers g\u00e9n\u00e9raux seront d\u00e9nomm\u00e9s respectivement conseils d\u00e9partementaux et conseillers d\u00e9partementaux.<\/p>\n<p>Ces \u00e9lections auront lieu dans le cadre de la nouvelle carte cantonale dont les limites ont fait l\u2019objet d\u2019une r\u00e9vision g\u00e9n\u00e9rale entre mars 2013 et f\u00e9vrier 2014.<\/p>\n<p>Les conseillers d\u00e9partementaux seront ainsi \u00e9lus dans les 2\u00a0054 cantons issus de cette r\u00e9forme.<\/p>\n<p>&nbsp;<\/p>\n","protected":false},"excerpt":{"rendered":"<p>\u00c9lections D\u00e9partementales  les 22 et 29 mars 2015 Seront \u00e9lus les nouveaux conseillers d\u00e9partementaux si\u00e9geant au Conseil G\u00e9n\u00e9ral de l\u2019Essonne. Chacun votera pour un couple homme-femme de conseillers &#8230;<\/p>\n","protected":false},"author":2,"featured_media":524,"comment_status":"closed","ping_status":"closed","sticky":false,"template":"","format":"standard","meta":{"site-sidebar-layout":"default","site-content-layout":"","ast-site-content-layout":"","site-content-style":"default","site-sidebar-style":"default","ast-global-header-display":"","ast-banner-title-visibility":"","ast-main-header-display":"","ast-hfb-above-header-display":"","ast-hfb-below-header-display":"","ast-hfb-mobile-header-display":"","site-post-title":"","ast-breadcrumbs-content":"","ast-featured-img":"","footer-sml-layout":"","theme-transparent-header-meta":"","adv-header-id-meta":"","stick-header-meta":"","header-above-stick-meta":"","header-main-stick-meta":"","header-below-stick-meta":"","astra-migrate-meta-layouts":"default","ast-page-background-enabled":"default","ast-page-background-meta":{"desktop":{"background-color":"var(--ast-global-color-4)","background-image":"","background-repeat":"repeat","background-position":"center center","background-size":"auto","background-attachment":"scroll","background-type":"","background-media":"","overlay-type":"","overlay-color":"","overlay-opacity":"","overlay-gradient":""},"tablet":{"background-color":"","background-image":"","background-repeat":"repeat","background-position":"center center","background-size":"auto","background-attachment":"scroll","background-type":"","background-media":"","overlay-type":"","overlay-color":"","overlay-opacity":"","overlay-gradient":""},"mobile":{"background-color":"","background-image":"","background-repeat":"repeat","background-position":"center center","background-size":"auto","background-attachment":"scroll","background-type":"","background-media":"","overlay-type":"","overlay-color":"","overlay-opacity":"","overlay-gradient":""}},"ast-content-background-meta":{"desktop":{"background-color":"var(--ast-global-color-5)","background-image":"","background-repeat":"repeat","background-position":"center center","background-size":"auto","background-attachment":"scroll","background-type":"","background-media":"","overlay-type":"","overlay-color":"","overlay-opacity":"","overlay-gradient":""},"tablet":{"background-color":"var(--ast-global-color-5)","background-image":"","background-repeat":"repeat","background-position":"center center","background-size":"auto","background-attachment":"scroll","background-type":"","background-media":"","overlay-type":"","overlay-color":"","overlay-opacity":"","overlay-gradient":""},"mobile":{"background-color":"var(--ast-global-color-5)","background-image":"","background-repeat":"repeat","background-position":"center center","background-size":"auto","background-attachment":"scroll","background-type":"","background-media":"","overlay-type":"","overlay-color":"","overlay-opacity":"","overlay-gradient":""}},"_EventAllDay":false,"_EventTimezone":"","_EventStartDate":"","_EventEndDate":"","_EventStartDateUTC":"","_EventEndDateUTC":"","_EventShowMap":false,"_EventShowMapLink":false,"_EventURL":"","_EventCost":"","_EventCostDescription":"","_EventCurrencySymbol":"","_EventCurrencyCode":"","_EventCurrencyPosition":"","_EventDateTimeSeparator":"","_EventTimeRangeSeparator":"","_EventOrganizerID":[],"_EventVenueID":[],"_OrganizerEmail":"","_OrganizerPhone":"","_OrganizerWebsite":"","_VenueAddress":"","_VenueCity":"","_VenueCountry":"","_VenueProvince":"","_VenueState":"","_VenueZip":"","_VenuePhone":"","_VenueURL":"","_VenueStateProvince":"","_VenueLat":"","_VenueLng":"","_VenueShowMap":false,"_VenueShowMapLink":false,"footnotes":""},"categories":[3],"tags":[],"class_list":["post-523","post","type-post","status-publish","format-standard","has-post-thumbnail","hentry","category-les-billets-du-maire"],"_links":{"self":[{"href":"https:\/\/www.abbevillelariviere.fr\/index.php?rest_route=\/wp\/v2\/posts\/523"}],"collection":[{"href":"https:\/\/www.abbevillelariviere.fr\/index.php?rest_route=\/wp\/v2\/posts"}],"about":[{"href":"https:\/\/www.abbevillelariviere.fr\/index.php?rest_route=\/wp\/v2\/types\/post"}],"author":[{"embeddable":true,"href":"https:\/\/www.abbevillelariviere.fr\/index.php?rest_route=\/wp\/v2\/users\/2"}],"replies":[{"embeddable":true,"href":"https:\/\/www.abbevillelariviere.fr\/index.php?rest_route=%2Fwp%2Fv2%2Fcomments&post=523"}],"version-history":[{"count":6,"href":"https:\/\/www.abbevillelariviere.fr\/index.php?rest_route=\/wp\/v2\/posts\/523\/revisions"}],"predecessor-version":[{"id":745,"href":"https:\/\/www.abbevillelariviere.fr\/index.php?rest_route=\/wp\/v2\/posts\/523\/revisions\/745"}],"wp:featuredmedia":[{"embeddable":true,"href":"https:\/\/www.abbevillelariviere.fr\/index.php?rest_route=\/wp\/v2\/media\/524"}],"wp:attachment":[{"href":"https:\/\/www.abbevillelariviere.fr\/index.php?rest_route=%2Fwp%2Fv2%2Fmedia&parent=523"}],"wp:term":[{"taxonomy":"category","embeddable":true,"href":"https:\/\/www.abbevillelariviere.fr\/index.php?rest_route=%2Fwp%2Fv2%2Fcategories&post=523"},{"taxonomy":"post_tag","embeddable":true,"href":"https:\/\/www.abbevillelariviere.fr\/index.php?rest_route=%2Fwp%2Fv2%2Ftags&post=523"}],"curies":[{"name":"wp","href":"https:\/\/api.w.org\/{rel}","templated":true}]}}