{"id":784,"date":"2015-03-17T10:53:42","date_gmt":"2015-03-17T10:53:42","guid":{"rendered":"http:\/\/www.abbevillelariviere.fr\/?p=784"},"modified":"2015-03-26T07:06:47","modified_gmt":"2015-03-26T07:06:47","slug":"une-belle-randonnee","status":"publish","type":"post","link":"https:\/\/www.abbevillelariviere.fr\/?p=784","title":{"rendered":"Une belle randonn\u00e9e"},"content":{"rendered":"<p>Ils \u00e9taient nombreux (une soixantaine) ce dimanche 15 Mars 2015 \u00e0 venir \u00e0 la randonn\u00e9e organis\u00e9e par <strong>le comit\u00e9 des f\u00eates d&#8217;Abb\u00e9ville la Rivi\u00e8re et d&#8217;Arrancourt<\/strong>.<\/p>\n<p>Une ambiance conviviale autour de la d\u00e9couverte des deux villages. Un parcours tr\u00e8s bien organis\u00e9 ponctu\u00e9 d&#8217;anecdotes sur l&#8217;histoire des deux villages, le patrimoine naturel et arch\u00e9ologique de la vall\u00e9e.<\/p>\n<p>Les deux \u00e9glises, l&#8217;ancien four \u00e0 chaux, les croix de chemin, les lamas, l&#8217;\u00e9tang, les pelouses calcaires, la trag\u00e9die du ch\u00e2teau des alouettes, les cressonni\u00e8res &#8230; 4 heures de promenade bien remplies.<\/p>\n<p>A renouveler assur\u00e9ment !<br \/>\nEncore bravo au comit\u00e9 des f\u00eates.<\/p>\n<p><a href=\"http:\/\/www.abbevillelariviere.fr\/wp-content\/uploads\/2015\/03\/Photos-de-15-mars-2015.jpg\"><img loading=\"lazy\" decoding=\"async\" class=\"alignnone size-full wp-image-791\" src=\"http:\/\/www.abbevillelariviere.fr\/wp-content\/uploads\/2015\/03\/Photos-de-15-mars-2015.jpg\" alt=\"Photos de 15 mars 2015\" width=\"715\" height=\"785\" srcset=\"https:\/\/www.abbevillelariviere.fr\/wp-content\/uploads\/2015\/03\/Photos-de-15-mars-2015.jpg 715w, https:\/\/www.abbevillelariviere.fr\/wp-content\/uploads\/2015\/03\/Photos-de-15-mars-2015-273x300.jpg 273w, https:\/\/www.abbevillelariviere.fr\/wp-content\/uploads\/2015\/03\/Photos-de-15-mars-2015-600x659.jpg 600w\" sizes=\"(max-width: 715px) 100vw, 715px\" \/><\/a><\/p>\n<p>&nbsp;<\/p>\n","protected":false},"excerpt":{"rendered":"<p>Ils \u00e9taient nombreux (une soixantaine) ce dimanche 15 Mars 2015 \u00e0 venir \u00e0 la randonn\u00e9e organis\u00e9e par le comit\u00e9 des f\u00eates d&#8217;Abb\u00e9ville la Rivi\u00e8re et d&#8217;Arrancourt. Une ambiance conviviale autour de la d\u00e9couverte des deux villages. Un parcours tr\u00e8s bien organis\u00e9 &#8230;<\/p>\n","protected":false},"author":1,"featured_media":792,"comment_status":"closed","ping_status":"closed","sticky":false,"template":"","format":"standard","meta":{"site-sidebar-layout":"default","site-content-layout":"","ast-site-content-layout":"","site-content-style":"default","site-sidebar-style":"default","ast-global-header-display":"","ast-banner-title-visibility":"","ast-main-header-display":"","ast-hfb-above-header-display":"","ast-hfb-below-header-display":"","ast-hfb-mobile-header-display":"","site-post-title":"","ast-breadcrumbs-content":"","ast-featured-img":"","footer-sml-layout":"","theme-transparent-header-meta":"","adv-header-id-meta":"","stick-header-meta":"","header-above-stick-meta":"","header-main-stick-meta":"","header-below-stick-meta":"","astra-migrate-meta-layouts":"default","ast-page-background-enabled":"default","ast-page-background-meta":{"desktop":{"background-color":"var(--ast-global-color-4)","background-image":"","background-repeat":"repeat","background-position":"center center","background-size":"auto","background-attachment":"scroll","background-type":"","background-media":"","overlay-type":"","overlay-color":"","overlay-opacity":"","overlay-gradient":""},"tablet":{"background-color":"","background-image":"","background-repeat":"repeat","background-position":"center center","background-size":"auto","background-attachment":"scroll","background-type":"","background-media":"","overlay-type":"","overlay-color":"","overlay-opacity":"","overlay-gradient":""},"mobile":{"background-color":"","background-image":"","background-repeat":"repeat","background-position":"center center","background-size":"auto","background-attachment":"scroll","background-type":"","background-media":"","overlay-type":"","overlay-color":"","overlay-opacity":"","overlay-gradient":""}},"ast-content-background-meta":{"desktop":{"background-color":"var(--ast-global-color-5)","background-image":"","background-repeat":"repeat","background-position":"center center","background-size":"auto","background-attachment":"scroll","background-type":"","background-media":"","overlay-type":"","overlay-color":"","overlay-opacity":"","overlay-gradient":""},"tablet":{"background-color":"var(--ast-global-color-5)","background-image":"","background-repeat":"repeat","background-position":"center center","background-size":"auto","background-attachment":"scroll","background-type":"","background-media":"","overlay-type":"","overlay-color":"","overlay-opacity":"","overlay-gradient":""},"mobile":{"background-color":"var(--ast-global-color-5)","background-image":"","background-repeat":"repeat","background-position":"center center","background-size":"auto","background-attachment":"scroll","background-type":"","background-media":"","overlay-type":"","overlay-color":"","overlay-opacity":"","overlay-gradient":""}},"_EventAllDay":false,"_EventTimezone":"","_EventStartDate":"","_EventEndDate":"","_EventStartDateUTC":"","_EventEndDateUTC":"","_EventShowMap":false,"_EventShowMapLink":false,"_EventURL":"","_EventCost":"","_EventCostDescription":"","_EventCurrencySymbol":"","_EventCurrencyCode":"","_EventCurrencyPosition":"","_EventDateTimeSeparator":"","_EventTimeRangeSeparator":"","_EventOrganizerID":[],"_EventVenueID":[],"_OrganizerEmail":"","_OrganizerPhone":"","_OrganizerWebsite":"","_VenueAddress":"","_VenueCity":"","_VenueCountry":"","_VenueProvince":"","_VenueState":"","_VenueZip":"","_VenuePhone":"","_VenueURL":"","_VenueStateProvince":"","_VenueLat":"","_VenueLng":"","_VenueShowMap":false,"_VenueShowMapLink":false,"footnotes":""},"categories":[11,16],"tags":[],"class_list":["post-784","post","type-post","status-publish","format-standard","has-post-thumbnail","hentry","category-au-quotidien","category-comite-des-fetes"],"_links":{"self":[{"href":"https:\/\/www.abbevillelariviere.fr\/index.php?rest_route=\/wp\/v2\/posts\/784"}],"collection":[{"href":"https:\/\/www.abbevillelariviere.fr\/index.php?rest_route=\/wp\/v2\/posts"}],"about":[{"href":"https:\/\/www.abbevillelariviere.fr\/index.php?rest_route=\/wp\/v2\/types\/post"}],"author":[{"embeddable":true,"href":"https:\/\/www.abbevillelariviere.fr\/index.php?rest_route=\/wp\/v2\/users\/1"}],"replies":[{"embeddable":true,"href":"https:\/\/www.abbevillelariviere.fr\/index.php?rest_route=%2Fwp%2Fv2%2Fcomments&post=784"}],"version-history":[{"count":6,"href":"https:\/\/www.abbevillelariviere.fr\/index.php?rest_route=\/wp\/v2\/posts\/784\/revisions"}],"predecessor-version":[{"id":796,"href":"https:\/\/www.abbevillelariviere.fr\/index.php?rest_route=\/wp\/v2\/posts\/784\/revisions\/796"}],"wp:featuredmedia":[{"embeddable":true,"href":"https:\/\/www.abbevillelariviere.fr\/index.php?rest_route=\/wp\/v2\/media\/792"}],"wp:attachment":[{"href":"https:\/\/www.abbevillelariviere.fr\/index.php?rest_route=%2Fwp%2Fv2%2Fmedia&parent=784"}],"wp:term":[{"taxonomy":"category","embeddable":true,"href":"https:\/\/www.abbevillelariviere.fr\/index.php?rest_route=%2Fwp%2Fv2%2Fcategories&post=784"},{"taxonomy":"post_tag","embeddable":true,"href":"https:\/\/www.abbevillelariviere.fr\/index.php?rest_route=%2Fwp%2Fv2%2Ftags&post=784"}],"curies":[{"name":"wp","href":"https:\/\/api.w.org\/{rel}","templated":true}]}}