{"id":880,"date":"2015-04-09T07:35:38","date_gmt":"2015-04-09T07:35:38","guid":{"rendered":"http:\/\/www.abbevillelariviere.fr\/?p=880"},"modified":"2015-04-09T07:35:38","modified_gmt":"2015-04-09T07:35:38","slug":"paques-2015-comite-des-fetes","status":"publish","type":"post","link":"https:\/\/www.abbevillelariviere.fr\/?p=880","title":{"rendered":"P\u00e2ques 2015 ! Comit\u00e9 des f\u00eates"},"content":{"rendered":"<p>Une chasse aux \u0153ufs a eu lieu \u00e0 Arrancourt, organis\u00e9e par le comit\u00e9 des f\u00eates.<br \/>\nMarie Christine Haman , Katy Pierret, son fils Morgan et Pascal Perrot ont \u00e9t\u00e9 au top.<br \/>\nIls ont accueilli les cloches, ils les ont aid\u00e9 \u00e0 cacher leurs friandises.<br \/>\nLes enfants sont arriv\u00e9s,\u00a0 ont cherch\u00e9, ont trouv\u00e9.<\/p>\n<p>Et j esp\u00e8re se sont r\u00e9gal\u00e9s.<br \/>\nMerci \u00e0 nos 35 petits gloutons.<\/p>\n<p>Mais n&#8217;oublions pas, les festivit\u00e9s ne sont pas finies.<br \/>\nLe 26 avril c est VIDE GRENIER \u00e0 Abb\u00e9ville la Riviere.<\/p>\n<p><a href=\"http:\/\/www.abbevillelariviere.fr\/wp-content\/uploads\/2015\/04\/Photo0504015v2.jpg\"><img loading=\"lazy\" decoding=\"async\" class=\"alignnone size-full wp-image-884\" src=\"http:\/\/www.abbevillelariviere.fr\/wp-content\/uploads\/2015\/04\/Photo0504015v2.jpg\" alt=\"Photo0504015v2\" width=\"715\" height=\"615\" srcset=\"https:\/\/www.abbevillelariviere.fr\/wp-content\/uploads\/2015\/04\/Photo0504015v2.jpg 715w, https:\/\/www.abbevillelariviere.fr\/wp-content\/uploads\/2015\/04\/Photo0504015v2-300x258.jpg 300w, https:\/\/www.abbevillelariviere.fr\/wp-content\/uploads\/2015\/04\/Photo0504015v2-600x516.jpg 600w\" sizes=\"(max-width: 715px) 100vw, 715px\" \/><\/a><\/p>\n<p>&nbsp;<\/p>\n","protected":false},"excerpt":{"rendered":"<p>Une chasse aux oeufs a eu lieu \u00e0 Arrancourt, organis\u00e9e par le comit\u00e9 des f\u00eates.<br \/>\nMarie Christine Haman , Katy Pierret, son fils Morgan et Pascal Perrot ont \u00e9t\u00e9 au top.<br \/>\nIls ont accueilli les cloches, ils les ont aid\u00e9 \u00e0 cacher leurs friandises.<br \/>\nLes enfants sont arriv\u00e9s,  ont cherch\u00e9, ont trouv\u00e9.<\/p>\n","protected":false},"author":2,"featured_media":882,"comment_status":"closed","ping_status":"closed","sticky":false,"template":"","format":"standard","meta":{"site-sidebar-layout":"default","site-content-layout":"","ast-site-content-layout":"","site-content-style":"default","site-sidebar-style":"default","ast-global-header-display":"","ast-banner-title-visibility":"","ast-main-header-display":"","ast-hfb-above-header-display":"","ast-hfb-below-header-display":"","ast-hfb-mobile-header-display":"","site-post-title":"","ast-breadcrumbs-content":"","ast-featured-img":"","footer-sml-layout":"","theme-transparent-header-meta":"","adv-header-id-meta":"","stick-header-meta":"","header-above-stick-meta":"","header-main-stick-meta":"","header-below-stick-meta":"","astra-migrate-meta-layouts":"default","ast-page-background-enabled":"default","ast-page-background-meta":{"desktop":{"background-color":"var(--ast-global-color-4)","background-image":"","background-repeat":"repeat","background-position":"center center","background-size":"auto","background-attachment":"scroll","background-type":"","background-media":"","overlay-type":"","overlay-color":"","overlay-opacity":"","overlay-gradient":""},"tablet":{"background-color":"","background-image":"","background-repeat":"repeat","background-position":"center center","background-size":"auto","background-attachment":"scroll","background-type":"","background-media":"","overlay-type":"","overlay-color":"","overlay-opacity":"","overlay-gradient":""},"mobile":{"background-color":"","background-image":"","background-repeat":"repeat","background-position":"center center","background-size":"auto","background-attachment":"scroll","background-type":"","background-media":"","overlay-type":"","overlay-color":"","overlay-opacity":"","overlay-gradient":""}},"ast-content-background-meta":{"desktop":{"background-color":"var(--ast-global-color-5)","background-image":"","background-repeat":"repeat","background-position":"center center","background-size":"auto","background-attachment":"scroll","background-type":"","background-media":"","overlay-type":"","overlay-color":"","overlay-opacity":"","overlay-gradient":""},"tablet":{"background-color":"var(--ast-global-color-5)","background-image":"","background-repeat":"repeat","background-position":"center center","background-size":"auto","background-attachment":"scroll","background-type":"","background-media":"","overlay-type":"","overlay-color":"","overlay-opacity":"","overlay-gradient":""},"mobile":{"background-color":"var(--ast-global-color-5)","background-image":"","background-repeat":"repeat","background-position":"center center","background-size":"auto","background-attachment":"scroll","background-type":"","background-media":"","overlay-type":"","overlay-color":"","overlay-opacity":"","overlay-gradient":""}},"_EventAllDay":false,"_EventTimezone":"","_EventStartDate":"","_EventEndDate":"","_EventStartDateUTC":"","_EventEndDateUTC":"","_EventShowMap":false,"_EventShowMapLink":false,"_EventURL":"","_EventCost":"","_EventCostDescription":"","_EventCurrencySymbol":"","_EventCurrencyCode":"","_EventCurrencyPosition":"","_EventDateTimeSeparator":"","_EventTimeRangeSeparator":"","_EventOrganizerID":[],"_EventVenueID":[],"_OrganizerEmail":"","_OrganizerPhone":"","_OrganizerWebsite":"","_VenueAddress":"","_VenueCity":"","_VenueCountry":"","_VenueProvince":"","_VenueState":"","_VenueZip":"","_VenuePhone":"","_VenueURL":"","_VenueStateProvince":"","_VenueLat":"","_VenueLng":"","_VenueShowMap":false,"_VenueShowMapLink":false,"footnotes":""},"categories":[16],"tags":[],"class_list":["post-880","post","type-post","status-publish","format-standard","has-post-thumbnail","hentry","category-comite-des-fetes"],"_links":{"self":[{"href":"https:\/\/www.abbevillelariviere.fr\/index.php?rest_route=\/wp\/v2\/posts\/880"}],"collection":[{"href":"https:\/\/www.abbevillelariviere.fr\/index.php?rest_route=\/wp\/v2\/posts"}],"about":[{"href":"https:\/\/www.abbevillelariviere.fr\/index.php?rest_route=\/wp\/v2\/types\/post"}],"author":[{"embeddable":true,"href":"https:\/\/www.abbevillelariviere.fr\/index.php?rest_route=\/wp\/v2\/users\/2"}],"replies":[{"embeddable":true,"href":"https:\/\/www.abbevillelariviere.fr\/index.php?rest_route=%2Fwp%2Fv2%2Fcomments&post=880"}],"version-history":[{"count":1,"href":"https:\/\/www.abbevillelariviere.fr\/index.php?rest_route=\/wp\/v2\/posts\/880\/revisions"}],"predecessor-version":[{"id":885,"href":"https:\/\/www.abbevillelariviere.fr\/index.php?rest_route=\/wp\/v2\/posts\/880\/revisions\/885"}],"wp:featuredmedia":[{"embeddable":true,"href":"https:\/\/www.abbevillelariviere.fr\/index.php?rest_route=\/wp\/v2\/media\/882"}],"wp:attachment":[{"href":"https:\/\/www.abbevillelariviere.fr\/index.php?rest_route=%2Fwp%2Fv2%2Fmedia&parent=880"}],"wp:term":[{"taxonomy":"category","embeddable":true,"href":"https:\/\/www.abbevillelariviere.fr\/index.php?rest_route=%2Fwp%2Fv2%2Fcategories&post=880"},{"taxonomy":"post_tag","embeddable":true,"href":"https:\/\/www.abbevillelariviere.fr\/index.php?rest_route=%2Fwp%2Fv2%2Ftags&post=880"}],"curies":[{"name":"wp","href":"https:\/\/api.w.org\/{rel}","templated":true}]}}