{"id":926,"date":"2015-11-18T18:08:39","date_gmt":"2015-11-18T18:08:39","guid":{"rendered":"http:\/\/www.abbevillelariviere.fr\/?p=926"},"modified":"2015-11-18T18:30:16","modified_gmt":"2015-11-18T18:30:16","slug":"guide-des-jardiniers-amateur","status":"publish","type":"post","link":"https:\/\/www.abbevillelariviere.fr\/?p=926","title":{"rendered":"Guide des jardiniers amateurs"},"content":{"rendered":"<div class=\"wc-shortcodes-row wc-shortcodes-item wc-shortcodes-clearfix\">\n<div class=\"wc-shortcodes-column wc-shortcodes-content wc-shortcodes-one-fourth wc-shortcodes-column-first \">\n<p><a href=\"http:\/\/www.abbevillelariviere.fr\/wp-content\/uploads\/2015\/11\/imgjardinamaeur.png\" target=\"_blank\" rel=\"http:\/\/www.abbevillelariviere.fr\/wp-content\/uploads\/2015\/11\/Brochure_Jardiniers_amateurs-2.pdf\"><img loading=\"lazy\" decoding=\"async\" class=\"alignnone wp-image-916 size-medium\" src=\"http:\/\/www.abbevillelariviere.fr\/wp-content\/uploads\/2015\/11\/imgjardinamaeur-300x283.png\" alt=\"imgjardinamaeur\" width=\"300\" height=\"283\" srcset=\"https:\/\/www.abbevillelariviere.fr\/wp-content\/uploads\/2015\/11\/imgjardinamaeur-300x283.png 300w, https:\/\/www.abbevillelariviere.fr\/wp-content\/uploads\/2015\/11\/imgjardinamaeur-600x566.png 600w, https:\/\/www.abbevillelariviere.fr\/wp-content\/uploads\/2015\/11\/imgjardinamaeur.png 640w\" sizes=\"(max-width: 300px) 100vw, 300px\" \/><\/a><\/p>\n<a href=\"http:\/\/www.abbevillelariviere.fr\/wp-content\/uploads\/2015\/11\/Brochure_Jardiniers_amateurs-2.pdf\" class=\"wc-shortcodes-button wc-shortcodes-button-success wc-shortcodes-button-position-\" target=\"_self\" title=\"Visit Site\"><span class=\"wc-shortcodes-button-inner\">T\u00e9l\u00e9chargez le guide<\/span><\/a>\n<\/div>\n<div class=\"wc-shortcodes-column wc-shortcodes-content wc-shortcodes-three-fourth wc-shortcodes-column-last \">\n<p>Des fleurs aux l\u00e9gumes, tout est bon et beau dans le\u00a0 jardin. Moments de d\u00e9couverte et moments de plaisir,\u00a0 le jardin reste un espace privil\u00e9gi\u00e9 pour petits et grands.<\/p>\n<p>Pourtant, jardiner rime parfois avec danger. \u00c9liminer\u00a0 les pucerons et les limaces, d\u00e9truire les herbes\u00a0 sauvages sont autant de pratiques qui am\u00e8nent trop\u00a0 souvent les jardiniers amateurs \u00e0 utiliser des pesticides.<\/p>\n<p>Potentiellement dangereux pour la nature et la sant\u00e9 des hommes, ces produits peuvent \u00eatre remplac\u00e9s par des solutions alternatives qui vous permettront de jardiner autrement, avec bon sens.<\/p>\n<p>Les pesticides, apprenons \u00e0 nous en passer<\/p>\n<\/div>\n<\/div>\n","protected":false},"excerpt":{"rendered":"<p>Des fleurs aux l\u00e9gumes, tout est bon et beau dans le  jardin. Moments de d\u00e9couverte et moments de plaisir,  le jardin reste un espace privil\u00e9gi\u00e9 pour petits et grands.<br \/>\nPourtant, jardiner rime parfois avec danger. \u00c9liminer  les pucerons et les limaces, d\u00e9truire les herbes  sauvages sont autant de pratiques qui am\u00e8nent trop  souvent les jardiniers amateurs \u00e0 utiliser des pesticides. <\/p>\n","protected":false},"author":1,"featured_media":932,"comment_status":"closed","ping_status":"closed","sticky":false,"template":"","format":"standard","meta":{"site-sidebar-layout":"default","site-content-layout":"","ast-site-content-layout":"","site-content-style":"default","site-sidebar-style":"default","ast-global-header-display":"","ast-banner-title-visibility":"","ast-main-header-display":"","ast-hfb-above-header-display":"","ast-hfb-below-header-display":"","ast-hfb-mobile-header-display":"","site-post-title":"","ast-breadcrumbs-content":"","ast-featured-img":"","footer-sml-layout":"","theme-transparent-header-meta":"","adv-header-id-meta":"","stick-header-meta":"","header-above-stick-meta":"","header-main-stick-meta":"","header-below-stick-meta":"","astra-migrate-meta-layouts":"default","ast-page-background-enabled":"default","ast-page-background-meta":{"desktop":{"background-color":"var(--ast-global-color-4)","background-image":"","background-repeat":"repeat","background-position":"center center","background-size":"auto","background-attachment":"scroll","background-type":"","background-media":"","overlay-type":"","overlay-color":"","overlay-opacity":"","overlay-gradient":""},"tablet":{"background-color":"","background-image":"","background-repeat":"repeat","background-position":"center center","background-size":"auto","background-attachment":"scroll","background-type":"","background-media":"","overlay-type":"","overlay-color":"","overlay-opacity":"","overlay-gradient":""},"mobile":{"background-color":"","background-image":"","background-repeat":"repeat","background-position":"center center","background-size":"auto","background-attachment":"scroll","background-type":"","background-media":"","overlay-type":"","overlay-color":"","overlay-opacity":"","overlay-gradient":""}},"ast-content-background-meta":{"desktop":{"background-color":"var(--ast-global-color-5)","background-image":"","background-repeat":"repeat","background-position":"center center","background-size":"auto","background-attachment":"scroll","background-type":"","background-media":"","overlay-type":"","overlay-color":"","overlay-opacity":"","overlay-gradient":""},"tablet":{"background-color":"var(--ast-global-color-5)","background-image":"","background-repeat":"repeat","background-position":"center center","background-size":"auto","background-attachment":"scroll","background-type":"","background-media":"","overlay-type":"","overlay-color":"","overlay-opacity":"","overlay-gradient":""},"mobile":{"background-color":"var(--ast-global-color-5)","background-image":"","background-repeat":"repeat","background-position":"center center","background-size":"auto","background-attachment":"scroll","background-type":"","background-media":"","overlay-type":"","overlay-color":"","overlay-opacity":"","overlay-gradient":""}},"_EventAllDay":false,"_EventTimezone":"","_EventStartDate":"","_EventEndDate":"","_EventStartDateUTC":"","_EventEndDateUTC":"","_EventShowMap":false,"_EventShowMapLink":false,"_EventURL":"","_EventCost":"","_EventCostDescription":"","_EventCurrencySymbol":"","_EventCurrencyCode":"","_EventCurrencyPosition":"","_EventDateTimeSeparator":"","_EventTimeRangeSeparator":"","_EventOrganizerID":[],"_EventVenueID":[],"_OrganizerEmail":"","_OrganizerPhone":"","_OrganizerWebsite":"","_VenueAddress":"","_VenueCity":"","_VenueCountry":"","_VenueProvince":"","_VenueState":"","_VenueZip":"","_VenuePhone":"","_VenueURL":"","_VenueStateProvince":"","_VenueLat":"","_VenueLng":"","_VenueShowMap":false,"_VenueShowMapLink":false,"footnotes":""},"categories":[11,12],"tags":[],"class_list":["post-926","post","type-post","status-publish","format-standard","has-post-thumbnail","hentry","category-au-quotidien","category-environnement"],"_links":{"self":[{"href":"https:\/\/www.abbevillelariviere.fr\/index.php?rest_route=\/wp\/v2\/posts\/926"}],"collection":[{"href":"https:\/\/www.abbevillelariviere.fr\/index.php?rest_route=\/wp\/v2\/posts"}],"about":[{"href":"https:\/\/www.abbevillelariviere.fr\/index.php?rest_route=\/wp\/v2\/types\/post"}],"author":[{"embeddable":true,"href":"https:\/\/www.abbevillelariviere.fr\/index.php?rest_route=\/wp\/v2\/users\/1"}],"replies":[{"embeddable":true,"href":"https:\/\/www.abbevillelariviere.fr\/index.php?rest_route=%2Fwp%2Fv2%2Fcomments&post=926"}],"version-history":[{"count":2,"href":"https:\/\/www.abbevillelariviere.fr\/index.php?rest_route=\/wp\/v2\/posts\/926\/revisions"}],"predecessor-version":[{"id":939,"href":"https:\/\/www.abbevillelariviere.fr\/index.php?rest_route=\/wp\/v2\/posts\/926\/revisions\/939"}],"wp:featuredmedia":[{"embeddable":true,"href":"https:\/\/www.abbevillelariviere.fr\/index.php?rest_route=\/wp\/v2\/media\/932"}],"wp:attachment":[{"href":"https:\/\/www.abbevillelariviere.fr\/index.php?rest_route=%2Fwp%2Fv2%2Fmedia&parent=926"}],"wp:term":[{"taxonomy":"category","embeddable":true,"href":"https:\/\/www.abbevillelariviere.fr\/index.php?rest_route=%2Fwp%2Fv2%2Fcategories&post=926"},{"taxonomy":"post_tag","embeddable":true,"href":"https:\/\/www.abbevillelariviere.fr\/index.php?rest_route=%2Fwp%2Fv2%2Ftags&post=926"}],"curies":[{"name":"wp","href":"https:\/\/api.w.org\/{rel}","templated":true}]}}