{"id":928,"date":"2015-11-18T18:11:58","date_gmt":"2015-11-18T18:11:58","guid":{"rendered":"http:\/\/www.abbevillelariviere.fr\/?p=928"},"modified":"2017-01-06T10:23:16","modified_gmt":"2017-01-06T10:23:16","slug":"abbeville-solidaire","status":"publish","type":"post","link":"https:\/\/www.abbevillelariviere.fr\/?p=928","title":{"rendered":"Abb\u00e9ville solidaire"},"content":{"rendered":"<div class=\"wc-shortcodes-row wc-shortcodes-item wc-shortcodes-clearfix\">\n<div class=\"wc-shortcodes-column wc-shortcodes-content wc-shortcodes-one-fourth wc-shortcodes-column-first \">\n<p><a href=\"http:\/\/www.abbevillelariviere.fr\/wp-content\/uploads\/2015\/11\/paris-novembre-2013-dessin.jpg\"><img loading=\"lazy\" decoding=\"async\" class=\"alignnone size-medium wp-image-929\" src=\"http:\/\/www.abbevillelariviere.fr\/wp-content\/uploads\/2015\/11\/paris-novembre-2013-dessin-300x286.jpg\" alt=\"paris-novembre-2013-dessin\" width=\"300\" height=\"286\" srcset=\"https:\/\/www.abbevillelariviere.fr\/wp-content\/uploads\/2015\/11\/paris-novembre-2013-dessin-300x286.jpg 300w, https:\/\/www.abbevillelariviere.fr\/wp-content\/uploads\/2015\/11\/paris-novembre-2013-dessin.jpg 403w\" sizes=\"(max-width: 300px) 100vw, 300px\" \/><\/a><\/p>\n<\/div>\n<div class=\"wc-shortcodes-column wc-shortcodes-content wc-shortcodes-three-fourth wc-shortcodes-column-last \">\n<p>La Mairie d&#8217;Abb\u00e9ville exprime sa profonde compassion pour les victimes frapp\u00e9es par les attentats du 13 novembre et s\u2019associent \u00e0 la douleur de leurs proches.<\/p>\n<p>Ensemble, contribuons \u00e0 pr\u00e9server les valeurs de libert\u00e9 et de fraternit\u00e9 qui nous sont si ch\u00e8res et dont l\u2019art et la culture sont indissociables<\/p>\n<\/div>\n<\/div>\n<p>&nbsp;<\/p>\n","protected":false},"excerpt":{"rendered":"<p>La Mairie d&#8217;Abb\u00e9ville exprime sa profonde compassion pour les victimes frapp\u00e9es par les attentats du 13 novembre et s\u2019associent \u00e0 la douleur de leurs proches.<\/p>\n<p>Ensemble, contribuons \u00e0 pr\u00e9server les valeurs de libert\u00e9 et de fraternit\u00e9 qui nous sont si ch\u00e8res et dont l\u2019art et la culture sont indissociables<\/p>\n","protected":false},"author":2,"featured_media":929,"comment_status":"closed","ping_status":"closed","sticky":false,"template":"","format":"standard","meta":{"site-sidebar-layout":"default","site-content-layout":"","ast-site-content-layout":"","site-content-style":"default","site-sidebar-style":"default","ast-global-header-display":"","ast-banner-title-visibility":"","ast-main-header-display":"","ast-hfb-above-header-display":"","ast-hfb-below-header-display":"","ast-hfb-mobile-header-display":"","site-post-title":"","ast-breadcrumbs-content":"","ast-featured-img":"","footer-sml-layout":"","theme-transparent-header-meta":"","adv-header-id-meta":"","stick-header-meta":"","header-above-stick-meta":"","header-main-stick-meta":"","header-below-stick-meta":"","astra-migrate-meta-layouts":"default","ast-page-background-enabled":"default","ast-page-background-meta":{"desktop":{"background-color":"var(--ast-global-color-4)","background-image":"","background-repeat":"repeat","background-position":"center center","background-size":"auto","background-attachment":"scroll","background-type":"","background-media":"","overlay-type":"","overlay-color":"","overlay-opacity":"","overlay-gradient":""},"tablet":{"background-color":"","background-image":"","background-repeat":"repeat","background-position":"center center","background-size":"auto","background-attachment":"scroll","background-type":"","background-media":"","overlay-type":"","overlay-color":"","overlay-opacity":"","overlay-gradient":""},"mobile":{"background-color":"","background-image":"","background-repeat":"repeat","background-position":"center center","background-size":"auto","background-attachment":"scroll","background-type":"","background-media":"","overlay-type":"","overlay-color":"","overlay-opacity":"","overlay-gradient":""}},"ast-content-background-meta":{"desktop":{"background-color":"var(--ast-global-color-5)","background-image":"","background-repeat":"repeat","background-position":"center center","background-size":"auto","background-attachment":"scroll","background-type":"","background-media":"","overlay-type":"","overlay-color":"","overlay-opacity":"","overlay-gradient":""},"tablet":{"background-color":"var(--ast-global-color-5)","background-image":"","background-repeat":"repeat","background-position":"center center","background-size":"auto","background-attachment":"scroll","background-type":"","background-media":"","overlay-type":"","overlay-color":"","overlay-opacity":"","overlay-gradient":""},"mobile":{"background-color":"var(--ast-global-color-5)","background-image":"","background-repeat":"repeat","background-position":"center center","background-size":"auto","background-attachment":"scroll","background-type":"","background-media":"","overlay-type":"","overlay-color":"","overlay-opacity":"","overlay-gradient":""}},"_EventAllDay":false,"_EventTimezone":"","_EventStartDate":"","_EventEndDate":"","_EventStartDateUTC":"","_EventEndDateUTC":"","_EventShowMap":false,"_EventShowMapLink":false,"_EventURL":"","_EventCost":"","_EventCostDescription":"","_EventCurrencySymbol":"","_EventCurrencyCode":"","_EventCurrencyPosition":"","_EventDateTimeSeparator":"","_EventTimeRangeSeparator":"","_EventOrganizerID":[],"_EventVenueID":[],"_OrganizerEmail":"","_OrganizerPhone":"","_OrganizerWebsite":"","_VenueAddress":"","_VenueCity":"","_VenueCountry":"","_VenueProvince":"","_VenueState":"","_VenueZip":"","_VenuePhone":"","_VenueURL":"","_VenueStateProvince":"","_VenueLat":"","_VenueLng":"","_VenueShowMap":false,"_VenueShowMapLink":false,"footnotes":""},"categories":[11,3],"tags":[],"class_list":["post-928","post","type-post","status-publish","format-standard","has-post-thumbnail","hentry","category-au-quotidien","category-les-billets-du-maire"],"_links":{"self":[{"href":"https:\/\/www.abbevillelariviere.fr\/index.php?rest_route=\/wp\/v2\/posts\/928"}],"collection":[{"href":"https:\/\/www.abbevillelariviere.fr\/index.php?rest_route=\/wp\/v2\/posts"}],"about":[{"href":"https:\/\/www.abbevillelariviere.fr\/index.php?rest_route=\/wp\/v2\/types\/post"}],"author":[{"embeddable":true,"href":"https:\/\/www.abbevillelariviere.fr\/index.php?rest_route=\/wp\/v2\/users\/2"}],"replies":[{"embeddable":true,"href":"https:\/\/www.abbevillelariviere.fr\/index.php?rest_route=%2Fwp%2Fv2%2Fcomments&post=928"}],"version-history":[{"count":3,"href":"https:\/\/www.abbevillelariviere.fr\/index.php?rest_route=\/wp\/v2\/posts\/928\/revisions"}],"predecessor-version":[{"id":938,"href":"https:\/\/www.abbevillelariviere.fr\/index.php?rest_route=\/wp\/v2\/posts\/928\/revisions\/938"}],"wp:featuredmedia":[{"embeddable":true,"href":"https:\/\/www.abbevillelariviere.fr\/index.php?rest_route=\/wp\/v2\/media\/929"}],"wp:attachment":[{"href":"https:\/\/www.abbevillelariviere.fr\/index.php?rest_route=%2Fwp%2Fv2%2Fmedia&parent=928"}],"wp:term":[{"taxonomy":"category","embeddable":true,"href":"https:\/\/www.abbevillelariviere.fr\/index.php?rest_route=%2Fwp%2Fv2%2Fcategories&post=928"},{"taxonomy":"post_tag","embeddable":true,"href":"https:\/\/www.abbevillelariviere.fr\/index.php?rest_route=%2Fwp%2Fv2%2Ftags&post=928"}],"curies":[{"name":"wp","href":"https:\/\/api.w.org\/{rel}","templated":true}]}}